{"id":4173,"date":"2021-11-22T11:24:49","date_gmt":"2021-11-22T14:24:49","guid":{"rendered":"https:\/\/notipampa.com\/?p=4173"},"modified":"2021-11-22T11:24:51","modified_gmt":"2021-11-22T14:24:51","slug":"turismo-nacional-en-la-pampa-buena-respuesta-de-publico-a-la-jornada-automovilistica","status":"publish","type":"post","link":"https:\/\/notipampa.com\/?p=4173","title":{"rendered":"Turismo Nacional en La Pampa: buena respuesta de p\u00fablico a la jornada automovil\u00edstica"},"content":{"rendered":"\n<p><strong>Se llev\u00f3 a cabo la vig\u00e9sima primera fecha del Turismo Nacional en el Aut\u00f3dromo Provincia de La Pampa en una calurosa jornada.<\/strong><\/p>\n\n\n\n<p>Luego de la presentaci\u00f3n de la categor\u00eda en territorio provincial, se llev\u00f3 a cabo la competencia en donde se coron\u00f3 campe\u00f3n el piloto Juli\u00e1n Santero de la m\u00e1xima categor\u00eda.<\/p>\n\n\n\n<p>El presidente del Fideicomiso encargado del Aut\u00f3dromo Provincial (FoGaPam), Sergio Pereda, se refiri\u00f3 al desarrollo de la jornada durante el fin de semana. \u201cArrancamos con la actividad del Turismo Nacional el d\u00eda viernes por dem\u00e1s de movido, durante el d\u00eda s\u00e1bado se disputaron de muy buena manera las clasificaciones y hoy domingo se est\u00e1n desarrollando las series y en minutos esperamos la finales correspondientes\u201d, indic\u00f3.<br>En referencia a la asistencia de p\u00fablico, Perreda indic\u00f3 que \u201cviene respondiendo de a poco, la categor\u00eda es de muy buena convocatoria. El clima nos est\u00e1 acompa\u00f1ando por dem\u00e1s de bien, aunque la temperatura se est\u00e1 haciendo sentir. As\u00ed que estamos totalmente expectantes al desarrollo de la actividad\u201d, concluy\u00f3.<\/p>\n\n\n\n<p><strong>Final<\/strong><br>Juli\u00e1n Santero se consagr\u00f3 Campe\u00f3n Argentino 2021 de Turismo Nacional Clase 3 al arribar en la tercera posici\u00f3n de la prueba final que gan\u00f3 Sebasti\u00e1n G\u00f3mez, tras el recargo a Jer\u00f3nimo Teti, ganador en pista, por falsa largada.\u00a0El piloto mendocino logr\u00f3 definir a su favor el t\u00edtulo en disputa ante el abandono de Javier Merlo, ocurrido en la primera mitad de la prueba final v\u00e1lida por la und\u00e9cima fecha del \u201cCampeonato Argentino 2021 R\u00edo Uruguay Seguros\u201d, disputada en el d\u00eda de hoy en el Aut\u00f3dromo Provincia de La Pampa.<\/p>\n\n\n\n<figure class=\"wp-block-image size-large\"><img fetchpriority=\"high\" decoding=\"async\" width=\"1024\" height=\"680\" src=\"https:\/\/notipampa.com\/wp-content\/uploads\/2021\/11\/233213_img-20211121-wa0072-1024x680.jpg\" alt=\"\" class=\"wp-image-4175\" srcset=\"https:\/\/notipampa.com\/wp-content\/uploads\/2021\/11\/233213_img-20211121-wa0072-1024x680.jpg 1024w, https:\/\/notipampa.com\/wp-content\/uploads\/2021\/11\/233213_img-20211121-wa0072-300x199.jpg 300w, https:\/\/notipampa.com\/wp-content\/uploads\/2021\/11\/233213_img-20211121-wa0072-768x510.jpg 768w, https:\/\/notipampa.com\/wp-content\/uploads\/2021\/11\/233213_img-20211121-wa0072.jpg 1280w\" sizes=\"(max-width: 1024px) 100vw, 1024px\" \/><\/figure>\n","protected":false},"excerpt":{"rendered":"<p>Se llev\u00f3 a cabo la vig\u00e9sima primera fecha del Turismo Nacional en el Aut\u00f3dromo Provincia de La Pampa en una<\/p>\n","protected":false},"author":1,"featured_media":4174,"comment_status":"open","ping_status":"open","sticky":false,"template":"","format":"standard","meta":{"colormag_page_container_layout":"default_layout","colormag_page_sidebar_layout":"default_layout","footnotes":""},"categories":[10,4,8],"tags":[],"class_list":["post-4173","post","type-post","status-publish","format-standard","has-post-thumbnail","hentry","category-sports","category-provincia","category-ultimas-noticias"],"_links":{"self":[{"href":"https:\/\/notipampa.com\/index.php?rest_route=\/wp\/v2\/posts\/4173","targetHints":{"allow":["GET"]}}],"collection":[{"href":"https:\/\/notipampa.com\/index.php?rest_route=\/wp\/v2\/posts"}],"about":[{"href":"https:\/\/notipampa.com\/index.php?rest_route=\/wp\/v2\/types\/post"}],"author":[{"embeddable":true,"href":"https:\/\/notipampa.com\/index.php?rest_route=\/wp\/v2\/users\/1"}],"replies":[{"embeddable":true,"href":"https:\/\/notipampa.com\/index.php?rest_route=%2Fwp%2Fv2%2Fcomments&post=4173"}],"version-history":[{"count":1,"href":"https:\/\/notipampa.com\/index.php?rest_route=\/wp\/v2\/posts\/4173\/revisions"}],"predecessor-version":[{"id":4176,"href":"https:\/\/notipampa.com\/index.php?rest_route=\/wp\/v2\/posts\/4173\/revisions\/4176"}],"wp:featuredmedia":[{"embeddable":true,"href":"https:\/\/notipampa.com\/index.php?rest_route=\/wp\/v2\/media\/4174"}],"wp:attachment":[{"href":"https:\/\/notipampa.com\/index.php?rest_route=%2Fwp%2Fv2%2Fmedia&parent=4173"}],"wp:term":[{"taxonomy":"category","embeddable":true,"href":"https:\/\/notipampa.com\/index.php?rest_route=%2Fwp%2Fv2%2Fcategories&post=4173"},{"taxonomy":"post_tag","embeddable":true,"href":"https:\/\/notipampa.com\/index.php?rest_route=%2Fwp%2Fv2%2Ftags&post=4173"}],"curies":[{"name":"wp","href":"https:\/\/api.w.org\/{rel}","templated":true}]}}