{"id":3925,"date":"2021-11-05T11:02:40","date_gmt":"2021-11-05T14:02:40","guid":{"rendered":"https:\/\/notipampa.com\/?p=3925"},"modified":"2021-11-05T11:14:46","modified_gmt":"2021-11-05T14:14:46","slug":"alvear-comenzo-la-tradicional-fiesta-provincial-del-agro","status":"publish","type":"post","link":"https:\/\/notipampa.com\/?p=3925","title":{"rendered":"Alvear: Concurso de Dibujo Infantil en la Fiesta Provincial del Agro"},"content":{"rendered":"\n<p>Ayer por la tarde en las instalaciones del Alvear FBC se desarroll\u00f3 el \u201cConcurso de Dibujo Infantil\u201d denominado \u201cEl Campo, Hoy\u201d, con un importante marco de ni\u00f1as y ni\u00f1os.<\/p>\n\n\n\n<figure class=\"wp-block-gallery columns-2 is-cropped wp-block-gallery-1 is-layout-flex wp-block-gallery-is-layout-flex\"><ul class=\"blocks-gallery-grid\"><li class=\"blocks-gallery-item\"><figure><img fetchpriority=\"high\" decoding=\"async\" width=\"1024\" height=\"768\" src=\"https:\/\/notipampa.com\/wp-content\/uploads\/2021\/11\/253146871_5003349389683937_3824599611126135111_n-1024x768.jpg\" alt=\"\" data-id=\"3927\" data-full-url=\"https:\/\/notipampa.com\/wp-content\/uploads\/2021\/11\/253146871_5003349389683937_3824599611126135111_n.jpg\" data-link=\"https:\/\/notipampa.com\/?attachment_id=3927\" class=\"wp-image-3927\" srcset=\"https:\/\/notipampa.com\/wp-content\/uploads\/2021\/11\/253146871_5003349389683937_3824599611126135111_n-1024x768.jpg 1024w, https:\/\/notipampa.com\/wp-content\/uploads\/2021\/11\/253146871_5003349389683937_3824599611126135111_n-300x225.jpg 300w, https:\/\/notipampa.com\/wp-content\/uploads\/2021\/11\/253146871_5003349389683937_3824599611126135111_n-768x576.jpg 768w, https:\/\/notipampa.com\/wp-content\/uploads\/2021\/11\/253146871_5003349389683937_3824599611126135111_n.jpg 1080w\" sizes=\"(max-width: 1024px) 100vw, 1024px\" \/><\/figure><\/li><li class=\"blocks-gallery-item\"><figure><img decoding=\"async\" width=\"1024\" height=\"768\" src=\"https:\/\/notipampa.com\/wp-content\/uploads\/2021\/11\/253530490_5003349256350617_6579105887154867174_n-1024x768.jpg\" alt=\"\" data-id=\"3928\" data-full-url=\"https:\/\/notipampa.com\/wp-content\/uploads\/2021\/11\/253530490_5003349256350617_6579105887154867174_n.jpg\" data-link=\"https:\/\/notipampa.com\/?attachment_id=3928\" class=\"wp-image-3928\" srcset=\"https:\/\/notipampa.com\/wp-content\/uploads\/2021\/11\/253530490_5003349256350617_6579105887154867174_n-1024x768.jpg 1024w, https:\/\/notipampa.com\/wp-content\/uploads\/2021\/11\/253530490_5003349256350617_6579105887154867174_n-300x225.jpg 300w, https:\/\/notipampa.com\/wp-content\/uploads\/2021\/11\/253530490_5003349256350617_6579105887154867174_n-768x576.jpg 768w, https:\/\/notipampa.com\/wp-content\/uploads\/2021\/11\/253530490_5003349256350617_6579105887154867174_n.jpg 1080w\" sizes=\"(max-width: 1024px) 100vw, 1024px\" \/><\/figure><\/li><\/ul><\/figure>\n\n\n\n<p>Hubo una menci\u00f3n especial para Clemente Torres, hincha, jugador, y azul desde siempre, quien bas\u00f3 su tesis para &#8220;Profesor de Danzas Folcl\u00f3ricas&#8221; en la Fiesta del Agro.<\/p>\n\n\n\n<figure class=\"wp-block-gallery columns-2 is-cropped wp-block-gallery-2 is-layout-flex wp-block-gallery-is-layout-flex\"><ul class=\"blocks-gallery-grid\"><li class=\"blocks-gallery-item\"><figure><img decoding=\"async\" width=\"689\" height=\"517\" src=\"https:\/\/notipampa.com\/wp-content\/uploads\/2021\/11\/253252959_5003349963017213_6451703719630535054_n.jpg\" alt=\"\" data-id=\"3929\" data-full-url=\"https:\/\/notipampa.com\/wp-content\/uploads\/2021\/11\/253252959_5003349963017213_6451703719630535054_n.jpg\" data-link=\"https:\/\/notipampa.com\/?attachment_id=3929\" class=\"wp-image-3929\" srcset=\"https:\/\/notipampa.com\/wp-content\/uploads\/2021\/11\/253252959_5003349963017213_6451703719630535054_n.jpg 689w, https:\/\/notipampa.com\/wp-content\/uploads\/2021\/11\/253252959_5003349963017213_6451703719630535054_n-300x225.jpg 300w\" sizes=\"(max-width: 689px) 100vw, 689px\" \/><\/figure><\/li><li class=\"blocks-gallery-item\"><figure><img loading=\"lazy\" decoding=\"async\" width=\"1024\" height=\"768\" src=\"https:\/\/notipampa.com\/wp-content\/uploads\/2021\/11\/252903933_5003349849683891_1794994132365959992_n-1024x768.jpg\" alt=\"\" data-id=\"3930\" data-full-url=\"https:\/\/notipampa.com\/wp-content\/uploads\/2021\/11\/252903933_5003349849683891_1794994132365959992_n.jpg\" data-link=\"https:\/\/notipampa.com\/?attachment_id=3930\" class=\"wp-image-3930\" srcset=\"https:\/\/notipampa.com\/wp-content\/uploads\/2021\/11\/252903933_5003349849683891_1794994132365959992_n-1024x768.jpg 1024w, https:\/\/notipampa.com\/wp-content\/uploads\/2021\/11\/252903933_5003349849683891_1794994132365959992_n-300x225.jpg 300w, https:\/\/notipampa.com\/wp-content\/uploads\/2021\/11\/252903933_5003349849683891_1794994132365959992_n-768x576.jpg 768w, https:\/\/notipampa.com\/wp-content\/uploads\/2021\/11\/252903933_5003349849683891_1794994132365959992_n.jpg 1080w\" sizes=\"(max-width: 1024px) 100vw, 1024px\" \/><\/figure><\/li><\/ul><figcaption class=\"blocks-gallery-caption\"> Clemente Torres <\/figcaption><\/figure>\n\n\n\n<p>La instituci\u00f3n Azul con la colaboraci\u00f3n del Departamento de Cultura de la Municipalidad de Intendente Alvear, finaliz\u00f3 el evento con la actuaci\u00f3n del &#8220;Ballet Patria&#8221; a cargo del Profesor Mart\u00edn Coria, adem\u00e1s como todos los a\u00f1os tuvo su lugar el coro &#8220;Canto a la Vida&#8221;.<\/p>\n\n\n\n<figure class=\"wp-block-gallery columns-2 is-cropped wp-block-gallery-3 is-layout-flex wp-block-gallery-is-layout-flex\"><ul class=\"blocks-gallery-grid\"><li class=\"blocks-gallery-item\"><figure><img loading=\"lazy\" decoding=\"async\" width=\"1024\" height=\"768\" src=\"https:\/\/notipampa.com\/wp-content\/uploads\/2021\/11\/248595929_5003349596350583_4498401821169663897_n-1024x768.jpg\" alt=\"\" data-id=\"3932\" data-full-url=\"https:\/\/notipampa.com\/wp-content\/uploads\/2021\/11\/248595929_5003349596350583_4498401821169663897_n.jpg\" data-link=\"https:\/\/notipampa.com\/?attachment_id=3932\" class=\"wp-image-3932\" srcset=\"https:\/\/notipampa.com\/wp-content\/uploads\/2021\/11\/248595929_5003349596350583_4498401821169663897_n-1024x768.jpg 1024w, https:\/\/notipampa.com\/wp-content\/uploads\/2021\/11\/248595929_5003349596350583_4498401821169663897_n-300x225.jpg 300w, https:\/\/notipampa.com\/wp-content\/uploads\/2021\/11\/248595929_5003349596350583_4498401821169663897_n-768x576.jpg 768w, https:\/\/notipampa.com\/wp-content\/uploads\/2021\/11\/248595929_5003349596350583_4498401821169663897_n.jpg 1080w\" sizes=\"(max-width: 1024px) 100vw, 1024px\" \/><figcaption class=\"blocks-gallery-item__caption\"> &#8220;Ballet Patria&#8221; <\/figcaption><\/figure><\/li><li class=\"blocks-gallery-item\"><figure><img loading=\"lazy\" decoding=\"async\" width=\"1024\" height=\"768\" src=\"https:\/\/notipampa.com\/wp-content\/uploads\/2021\/11\/248354641_5003349689683907_1228527871490377946_n-1024x768.jpg\" alt=\"\" data-id=\"3931\" data-full-url=\"https:\/\/notipampa.com\/wp-content\/uploads\/2021\/11\/248354641_5003349689683907_1228527871490377946_n.jpg\" data-link=\"https:\/\/notipampa.com\/?attachment_id=3931\" class=\"wp-image-3931\" srcset=\"https:\/\/notipampa.com\/wp-content\/uploads\/2021\/11\/248354641_5003349689683907_1228527871490377946_n-1024x768.jpg 1024w, https:\/\/notipampa.com\/wp-content\/uploads\/2021\/11\/248354641_5003349689683907_1228527871490377946_n-300x225.jpg 300w, https:\/\/notipampa.com\/wp-content\/uploads\/2021\/11\/248354641_5003349689683907_1228527871490377946_n-768x576.jpg 768w, https:\/\/notipampa.com\/wp-content\/uploads\/2021\/11\/248354641_5003349689683907_1228527871490377946_n.jpg 1080w\" sizes=\"(max-width: 1024px) 100vw, 1024px\" \/><figcaption class=\"blocks-gallery-item__caption\"> Coro &#8220;Canto a la Vida&#8221; <\/figcaption><\/figure><\/li><\/ul><\/figure>\n\n\n\n<p>Este s\u00e1bado 6 de noviembre ser\u00e1 la noche central, con la actuaci\u00f3n de Francisco Taurian, La Primera, Reservados, F\u00e9minas Folk, Tinku y el broche de oro estar\u00e1 a cargo de la popular banda Agapornis.&nbsp;<\/p>\n\n\n\n<figure class=\"wp-block-gallery columns-2 is-cropped wp-block-gallery-4 is-layout-flex wp-block-gallery-is-layout-flex\"><ul class=\"blocks-gallery-grid\"><li class=\"blocks-gallery-item\"><figure><img loading=\"lazy\" decoding=\"async\" width=\"800\" height=\"800\" src=\"https:\/\/notipampa.com\/wp-content\/uploads\/2021\/11\/252295132_4998305830188293_3750564269277882224_n.jpg\" alt=\"\" data-id=\"3934\" data-full-url=\"https:\/\/notipampa.com\/wp-content\/uploads\/2021\/11\/252295132_4998305830188293_3750564269277882224_n.jpg\" data-link=\"https:\/\/notipampa.com\/?attachment_id=3934\" class=\"wp-image-3934\" srcset=\"https:\/\/notipampa.com\/wp-content\/uploads\/2021\/11\/252295132_4998305830188293_3750564269277882224_n.jpg 800w, https:\/\/notipampa.com\/wp-content\/uploads\/2021\/11\/252295132_4998305830188293_3750564269277882224_n-300x300.jpg 300w, https:\/\/notipampa.com\/wp-content\/uploads\/2021\/11\/252295132_4998305830188293_3750564269277882224_n-150x150.jpg 150w, https:\/\/notipampa.com\/wp-content\/uploads\/2021\/11\/252295132_4998305830188293_3750564269277882224_n-768x768.jpg 768w\" sizes=\"(max-width: 800px) 100vw, 800px\" \/><\/figure><\/li><li class=\"blocks-gallery-item\"><figure><img loading=\"lazy\" decoding=\"async\" width=\"960\" height=\"640\" src=\"https:\/\/notipampa.com\/wp-content\/uploads\/2021\/11\/agapornis-show.jpg\" alt=\"\" data-id=\"3933\" data-full-url=\"https:\/\/notipampa.com\/wp-content\/uploads\/2021\/11\/agapornis-show.jpg\" data-link=\"https:\/\/notipampa.com\/?attachment_id=3933\" class=\"wp-image-3933\" srcset=\"https:\/\/notipampa.com\/wp-content\/uploads\/2021\/11\/agapornis-show.jpg 960w, https:\/\/notipampa.com\/wp-content\/uploads\/2021\/11\/agapornis-show-300x200.jpg 300w, https:\/\/notipampa.com\/wp-content\/uploads\/2021\/11\/agapornis-show-768x512.jpg 768w\" sizes=\"(max-width: 960px) 100vw, 960px\" \/><\/figure><\/li><\/ul><\/figure>\n","protected":false},"excerpt":{"rendered":"<p>Ayer por la tarde en las instalaciones del Alvear FBC se desarroll\u00f3 el \u201cConcurso de Dibujo Infantil\u201d denominado \u201cEl Campo,<\/p>\n","protected":false},"author":1,"featured_media":3926,"comment_status":"open","ping_status":"open","sticky":false,"template":"","format":"standard","meta":{"colormag_page_container_layout":"default_layout","colormag_page_sidebar_layout":"default_layout","footnotes":""},"categories":[6,8],"tags":[],"class_list":["post-3925","post","type-post","status-publish","format-standard","has-post-thumbnail","hentry","category-locales","category-ultimas-noticias"],"_links":{"self":[{"href":"https:\/\/notipampa.com\/index.php?rest_route=\/wp\/v2\/posts\/3925","targetHints":{"allow":["GET"]}}],"collection":[{"href":"https:\/\/notipampa.com\/index.php?rest_route=\/wp\/v2\/posts"}],"about":[{"href":"https:\/\/notipampa.com\/index.php?rest_route=\/wp\/v2\/types\/post"}],"author":[{"embeddable":true,"href":"https:\/\/notipampa.com\/index.php?rest_route=\/wp\/v2\/users\/1"}],"replies":[{"embeddable":true,"href":"https:\/\/notipampa.com\/index.php?rest_route=%2Fwp%2Fv2%2Fcomments&post=3925"}],"version-history":[{"count":2,"href":"https:\/\/notipampa.com\/index.php?rest_route=\/wp\/v2\/posts\/3925\/revisions"}],"predecessor-version":[{"id":3937,"href":"https:\/\/notipampa.com\/index.php?rest_route=\/wp\/v2\/posts\/3925\/revisions\/3937"}],"wp:featuredmedia":[{"embeddable":true,"href":"https:\/\/notipampa.com\/index.php?rest_route=\/wp\/v2\/media\/3926"}],"wp:attachment":[{"href":"https:\/\/notipampa.com\/index.php?rest_route=%2Fwp%2Fv2%2Fmedia&parent=3925"}],"wp:term":[{"taxonomy":"category","embeddable":true,"href":"https:\/\/notipampa.com\/index.php?rest_route=%2Fwp%2Fv2%2Fcategories&post=3925"},{"taxonomy":"post_tag","embeddable":true,"href":"https:\/\/notipampa.com\/index.php?rest_route=%2Fwp%2Fv2%2Ftags&post=3925"}],"curies":[{"name":"wp","href":"https:\/\/api.w.org\/{rel}","templated":true}]}}