{"id":3924,"date":"2021-11-05T12:41:03","date_gmt":"2021-11-05T15:41:03","guid":{"rendered":"https:\/\/notipampa.com\/?p=3924"},"modified":"2021-11-05T12:41:04","modified_gmt":"2021-11-05T15:41:04","slug":"informe-sobre-la-sesion-ordinaria-del-concejo-deliberante-local-5","status":"publish","type":"post","link":"https:\/\/notipampa.com\/?p=3924","title":{"rendered":"Informe sobre la sesi\u00f3n ordinaria del Concejo Deliberante local"},"content":{"rendered":"\n<p>Este jueves 4 de Noviembre de 2021, se reuni\u00f3 en Sesi\u00f3n Ordinaria del Concejo Deliberante de Intendente Alvear, presidido por la Presidenta Vanesa Luj\u00e1n Acedo, y con la presencia de los concejales Cintia Nerina Cocchi, Mar\u00eda Alejandra Oliva y An\u00edbal Migliore, por el bloque Fre.Ju.Pa., y Humberto Andreani, Fernando Aznarez, y Mar\u00eda Alejandra Hartfiel, y Ra\u00fal H. Iglesias por el bloque Fre.Ve.Al.<\/p>\n\n\n\n<p>La Presidenta Vanesa Acedo inicia la sesi\u00f3n, dando lectura al Orden del d\u00eda, cuyos puntos se trataron de la siguiente manera:<\/p>\n\n\n\n<p>Punto 1: Recepci\u00f3n de Integrantes Residencia de Ancianos Nuestra Sra. De F\u00e1tima. Los integrantes de la Comisi\u00f3n Directiva de la Residencia expusieron la dif\u00edcil situaci\u00f3n econ\u00f3mica-financiera actual de la Instituci\u00f3n, solicitando al Cuerpo Deliberativo su intersecci\u00f3n para poder encontrar una pronta soluci\u00f3n al problema que los aflige.<\/p>\n\n\n\n<p>Punto 2: Lectura de Acta N\u00ba 60. Se dio lectura por Secretar\u00eda, y se aprob\u00f3 por unanimidad. Punto 3: Proyecto de Ordenanza \u201cS\/ Otorgando excepci\u00f3n al Art\u00edculo 98 del C\u00f3digo de Ordenamiento Urbano sobre los inmuebles denominados catastralmente como Ejido 015, Circunscripci\u00f3n I, Radio B, Manzana 035, Parcela 001 y Manzana 036, Parcela 003, N\u00ba de Partidas 766.371 y 766.377 propiedad del Sr. F\u00e9lix Borgogno\u201d, presentado por el Secretario de Obras y Servicios P\u00fablicos, Juan Pablo Ughetti. Ante la ausencia del Secretario de Obras y Servicios P\u00fablicos, se decidi\u00f3 por unanimidad pasar el proyecto a cuarto intermedio, para solicitar mayor explicaci\u00f3n del caso y reforzar la documentaci\u00f3n presentada.<\/p>\n\n\n\n<p>Punto 4: Correspondencia. No ingres\u00f3 nueva correspondencia. Secretar\u00eda del Concejo<\/p>\n\n\n\n<p>Deliberante de la Municipalidad de Intendente Alvear<\/p>\n","protected":false},"excerpt":{"rendered":"<p>Este jueves 4 de Noviembre de 2021, se reuni\u00f3 en Sesi\u00f3n Ordinaria del Concejo Deliberante de Intendente Alvear, presidido por<\/p>\n","protected":false},"author":1,"featured_media":3938,"comment_status":"open","ping_status":"open","sticky":false,"template":"","format":"standard","meta":{"colormag_page_container_layout":"default_layout","colormag_page_sidebar_layout":"default_layout","footnotes":""},"categories":[6,8],"tags":[],"class_list":["post-3924","post","type-post","status-publish","format-standard","has-post-thumbnail","hentry","category-locales","category-ultimas-noticias"],"_links":{"self":[{"href":"https:\/\/notipampa.com\/index.php?rest_route=\/wp\/v2\/posts\/3924","targetHints":{"allow":["GET"]}}],"collection":[{"href":"https:\/\/notipampa.com\/index.php?rest_route=\/wp\/v2\/posts"}],"about":[{"href":"https:\/\/notipampa.com\/index.php?rest_route=\/wp\/v2\/types\/post"}],"author":[{"embeddable":true,"href":"https:\/\/notipampa.com\/index.php?rest_route=\/wp\/v2\/users\/1"}],"replies":[{"embeddable":true,"href":"https:\/\/notipampa.com\/index.php?rest_route=%2Fwp%2Fv2%2Fcomments&post=3924"}],"version-history":[{"count":1,"href":"https:\/\/notipampa.com\/index.php?rest_route=\/wp\/v2\/posts\/3924\/revisions"}],"predecessor-version":[{"id":3939,"href":"https:\/\/notipampa.com\/index.php?rest_route=\/wp\/v2\/posts\/3924\/revisions\/3939"}],"wp:featuredmedia":[{"embeddable":true,"href":"https:\/\/notipampa.com\/index.php?rest_route=\/wp\/v2\/media\/3938"}],"wp:attachment":[{"href":"https:\/\/notipampa.com\/index.php?rest_route=%2Fwp%2Fv2%2Fmedia&parent=3924"}],"wp:term":[{"taxonomy":"category","embeddable":true,"href":"https:\/\/notipampa.com\/index.php?rest_route=%2Fwp%2Fv2%2Fcategories&post=3924"},{"taxonomy":"post_tag","embeddable":true,"href":"https:\/\/notipampa.com\/index.php?rest_route=%2Fwp%2Fv2%2Ftags&post=3924"}],"curies":[{"name":"wp","href":"https:\/\/api.w.org\/{rel}","templated":true}]}}