{"id":3879,"date":"2021-11-03T12:39:04","date_gmt":"2021-11-03T15:39:04","guid":{"rendered":"https:\/\/notipampa.com\/?p=3879"},"modified":"2021-11-03T12:39:05","modified_gmt":"2021-11-03T15:39:05","slug":"obras-sociales-sindicales-afirman-que-no-firmaran-convenios-con-los-ginecologos-que-dejaron-el-colegio-medico-en-la-pampa","status":"publish","type":"post","link":"https:\/\/notipampa.com\/?p=3879","title":{"rendered":"Obras Sociales Sindicales afirman que no firmar\u00e1n convenios con los ginec\u00f3logos que dejaron el Colegio M\u00e9dico en La Pampa"},"content":{"rendered":"\n<p>Las Obras Sociales Sindicales informaron que no firmar\u00e1n convenio con los ginec\u00f3logos que piden aumento y que se separaron del Colegio M\u00e9dico. La decisi\u00f3n se tom\u00f3 en la segunda reuni\u00f3n de sindicatos responsables de Obras Sociales en la Provincia de La Pampa, que se&nbsp;hizo en el SUTERYH de Santa Rosa.<\/p>\n\n\n\n<p>Participaron \u201calgunos compa\u00f1eros de organizaciones que no hab\u00edan participado de la reuni\u00f3n anterior llegando a una participaci\u00f3n de 25 entidades presentes\u201d.<\/p>\n\n\n\n<p>Informaron que \u201cse discuti\u00f3 sobre la comunicaci\u00f3n emitida por el Colegio M\u00e9dico de La Pampa donde se hace menci\u00f3n a un listado de 42 ginec\u00f3logos que han manifestado su voluntad de salir de esa instituci\u00f3n. Es justamente un sector de prestadores que hab\u00eda ya manifestado a las obras sociales esta inquietud\u201d.<\/p>\n\n\n\n<p>\u201cPor esto se ha resuelto que no se suscribir\u00e1 ning\u00fan contrato con dichos prestadores. Solo se firmaran contratos con el Colegio M\u00e9dico de La Pampa como entidad que nuclea a los profesionales prestadores de salud mientras se resuelven cuestiones legales relacionadas con la desvinculaci\u00f3n referida\u201d, se\u00f1alaron.<\/p>\n\n\n\n<p>Por \u00faltimo \u201cse resolvi\u00f3 mantener el di\u00e1logo abierto con la totalidad de los prestadores de salud con el fin de aclarar situaciones que puedan generar inquietud pero tambi\u00e9n para comunicar el compromiso acordado entre las organizaciones gremiales de llegar a acuerdos de manera conjunta que abarquen a la totalidad de nuestras Obras sociales\u201d.<\/p>\n\n\n\n<p>Fuente: Infopico<\/p>\n","protected":false},"excerpt":{"rendered":"<p>Las Obras Sociales Sindicales informaron que no firmar\u00e1n convenio con los ginec\u00f3logos que piden aumento y que se separaron del<\/p>\n","protected":false},"author":1,"featured_media":3880,"comment_status":"open","ping_status":"open","sticky":false,"template":"","format":"standard","meta":{"colormag_page_container_layout":"default_layout","colormag_page_sidebar_layout":"default_layout","footnotes":""},"categories":[4,53,8],"tags":[],"class_list":["post-3879","post","type-post","status-publish","format-standard","has-post-thumbnail","hentry","category-provincia","category-salud","category-ultimas-noticias"],"_links":{"self":[{"href":"https:\/\/notipampa.com\/index.php?rest_route=\/wp\/v2\/posts\/3879","targetHints":{"allow":["GET"]}}],"collection":[{"href":"https:\/\/notipampa.com\/index.php?rest_route=\/wp\/v2\/posts"}],"about":[{"href":"https:\/\/notipampa.com\/index.php?rest_route=\/wp\/v2\/types\/post"}],"author":[{"embeddable":true,"href":"https:\/\/notipampa.com\/index.php?rest_route=\/wp\/v2\/users\/1"}],"replies":[{"embeddable":true,"href":"https:\/\/notipampa.com\/index.php?rest_route=%2Fwp%2Fv2%2Fcomments&post=3879"}],"version-history":[{"count":1,"href":"https:\/\/notipampa.com\/index.php?rest_route=\/wp\/v2\/posts\/3879\/revisions"}],"predecessor-version":[{"id":3881,"href":"https:\/\/notipampa.com\/index.php?rest_route=\/wp\/v2\/posts\/3879\/revisions\/3881"}],"wp:featuredmedia":[{"embeddable":true,"href":"https:\/\/notipampa.com\/index.php?rest_route=\/wp\/v2\/media\/3880"}],"wp:attachment":[{"href":"https:\/\/notipampa.com\/index.php?rest_route=%2Fwp%2Fv2%2Fmedia&parent=3879"}],"wp:term":[{"taxonomy":"category","embeddable":true,"href":"https:\/\/notipampa.com\/index.php?rest_route=%2Fwp%2Fv2%2Fcategories&post=3879"},{"taxonomy":"post_tag","embeddable":true,"href":"https:\/\/notipampa.com\/index.php?rest_route=%2Fwp%2Fv2%2Ftags&post=3879"}],"curies":[{"name":"wp","href":"https:\/\/api.w.org\/{rel}","templated":true}]}}