{"id":3270,"date":"2021-09-25T12:34:32","date_gmt":"2021-09-25T15:34:32","guid":{"rendered":"https:\/\/notipampa.com\/2021\/09\/25\/la-escritora-patricia-julio-presento-su-libro-en-intendente-alvear\/"},"modified":"2021-09-25T12:34:32","modified_gmt":"2021-09-25T15:34:32","slug":"la-escritora-patricia-julio-presento-su-libro-en-intendente-alvear","status":"publish","type":"post","link":"https:\/\/notipampa.com\/?p=3270","title":{"rendered":"La escritora Patricia Julio present\u00f3 su libro en Intendente Alvear."},"content":{"rendered":"\n<p><br>La noche primaveral del 24 de septiembre en la Biblioteca Popular &#8220;Renovaci\u00f3n&#8221;abraz\u00f3 el retorno a los eventos art\u00edsticos.La escritora alvearense Patricia Julio present\u00f3 su libro:&#8221;La cartera de los dioses&#8221;ante el recinto de la instituci\u00f3n que se encontraba expectante ante el hito libresco.<\/p>\n\n\n\n<figure class=\"wp-block-image size-large\"><img fetchpriority=\"high\" decoding=\"async\" width=\"1024\" height=\"472\" src=\"https:\/\/notipampa.com\/wp-content\/uploads\/2021\/09\/IMG-20210924-WA0150-1024x472.jpg\" alt=\"\" class=\"wp-image-3269\" srcset=\"https:\/\/notipampa.com\/wp-content\/uploads\/2021\/09\/IMG-20210924-WA0150-1024x472.jpg 1024w, https:\/\/notipampa.com\/wp-content\/uploads\/2021\/09\/IMG-20210924-WA0150-300x138.jpg 300w, https:\/\/notipampa.com\/wp-content\/uploads\/2021\/09\/IMG-20210924-WA0150-768x354.jpg 768w, https:\/\/notipampa.com\/wp-content\/uploads\/2021\/09\/IMG-20210924-WA0150.jpg 1280w\" sizes=\"(max-width: 1024px) 100vw, 1024px\" \/><\/figure>\n\n\n\n<p>Con la bibliotecaria Miguelina Allasia como moderadora y part\u00edcipe,la autora despleg\u00f3 su devenir en la literatura y la senda para crear su libro.Las preguntas de la concurrencia fluyeron expeditas.Luego la impronta profusamente musical de la avezada Flor Fern\u00e1ndez acompa\u00f1ada por el reconocido m\u00fasico Mariano Romero invitaron al deleite de los asistentes con un repertorio exquisito.Los aplausos copiosos y espont\u00e1neos invadieron la noche en la instituci\u00f3n alvearense en el regreso a los eventos.<br>La Biblioteca Popular &#8220;Renovaci\u00f3n&#8221;extiende su vasta gratitud hacia la escritora Patricia Julio,la cantante Flor Fern\u00e1ndez y el m\u00fasico Mariano Romero por su maravilloso arte desplegado en la noche del viernes.<br>Agradecemos inmensamente a la concurrencia por su grata presencia.<\/p>\n","protected":false},"excerpt":{"rendered":"<p>La noche primaveral del 24 de septiembre en la Biblioteca Popular &#8220;Renovaci\u00f3n&#8221;abraz\u00f3 el retorno a los eventos art\u00edsticos.La escritora alvearense<\/p>\n","protected":false},"author":1,"featured_media":3268,"comment_status":"open","ping_status":"open","sticky":false,"template":"","format":"standard","meta":{"colormag_page_container_layout":"default_layout","colormag_page_sidebar_layout":"default_layout","footnotes":""},"categories":[3,6],"tags":[],"class_list":["post-3270","post","type-post","status-publish","format-standard","has-post-thumbnail","hentry","category-entretenimiento","category-locales"],"_links":{"self":[{"href":"https:\/\/notipampa.com\/index.php?rest_route=\/wp\/v2\/posts\/3270","targetHints":{"allow":["GET"]}}],"collection":[{"href":"https:\/\/notipampa.com\/index.php?rest_route=\/wp\/v2\/posts"}],"about":[{"href":"https:\/\/notipampa.com\/index.php?rest_route=\/wp\/v2\/types\/post"}],"author":[{"embeddable":true,"href":"https:\/\/notipampa.com\/index.php?rest_route=\/wp\/v2\/users\/1"}],"replies":[{"embeddable":true,"href":"https:\/\/notipampa.com\/index.php?rest_route=%2Fwp%2Fv2%2Fcomments&post=3270"}],"version-history":[{"count":0,"href":"https:\/\/notipampa.com\/index.php?rest_route=\/wp\/v2\/posts\/3270\/revisions"}],"wp:featuredmedia":[{"embeddable":true,"href":"https:\/\/notipampa.com\/index.php?rest_route=\/wp\/v2\/media\/3268"}],"wp:attachment":[{"href":"https:\/\/notipampa.com\/index.php?rest_route=%2Fwp%2Fv2%2Fmedia&parent=3270"}],"wp:term":[{"taxonomy":"category","embeddable":true,"href":"https:\/\/notipampa.com\/index.php?rest_route=%2Fwp%2Fv2%2Fcategories&post=3270"},{"taxonomy":"post_tag","embeddable":true,"href":"https:\/\/notipampa.com\/index.php?rest_route=%2Fwp%2Fv2%2Ftags&post=3270"}],"curies":[{"name":"wp","href":"https:\/\/api.w.org\/{rel}","templated":true}]}}