{"id":3167,"date":"2021-09-19T18:27:12","date_gmt":"2021-09-19T21:27:12","guid":{"rendered":"https:\/\/notipampa.com\/2021\/09\/19\/alvear-amenazan-a-una-mujer-con-un-arma-de-fuego-a-la-salida-de-un-bar\/"},"modified":"2021-09-19T18:27:12","modified_gmt":"2021-09-19T21:27:12","slug":"alvear-amenazan-a-una-mujer-con-un-arma-de-fuego-a-la-salida-de-un-bar","status":"publish","type":"post","link":"https:\/\/notipampa.com\/?p=3167","title":{"rendered":"Alvear: Amenazan a una mujer con un arma de fuego a la salida de un bar"},"content":{"rendered":"\n<p>NotiPampa recepcion\u00f3 el informe policial con hechos preocupantes en la madrugada de este domingo.<\/p>\n\n\n\n<p>&#8220;En la madrugada del domingo personal policial recepcion\u00f3 una denuncia de una joven de esta localidad denunci\u00f3 haber tenido un altercado en la salida de un bar ubicado en diagonal Aubin con personas que hab\u00edan quedado fuera del local, y que posteriormente habr\u00eda sufri\u00f3 amenazas por parte de dos mujeres con las que hab\u00eda tenido el altercado, las presuntamente le exhibieron un arma de fuego. En relaci\u00f3n al hecho se labran actuaciones por S\/LESIONES AMENZAS con intervenci\u00f3n de la fiscal\u00eda Tem\u00e1tica de Delitos contra las Personas de la ciudad de General Pico a cargo del Dr. GUILLEMRO KOMAROSKY, En horas del medio d\u00eda Personal del Grupo Especial Policial a cargo del Comisario Martin PORTILLO y personal de la comisar\u00eda de Intendente Alvear a cargo del Subcomisario Carlos VILLEGAS realizaron un allanamiento en un domicilio de la calle Jos\u00e9 Hernandez, donde se secuestraron elementos de inter\u00e9s para la causa y se procedi\u00f3 a la demora de una persona en relaci\u00f3n a la causa judicial.&#8221;<\/p>\n\n\n\n<p>Otro Hecho<\/p>\n\n\n\n<p>&#8220;As\u00ed tambi\u00e9n relacionado al mismo altercado un masculino Mayor de edad qued\u00f3 demorado en horas de la madrugada, en relaci\u00f3n a actuaciones judiciales por S\/HURTO, quien tendr\u00eda en su poder un tel\u00e9fono celular propiedad de una de las personas con las que habr\u00edan mantenido una pelea. En Horas de la tarde previo secuestro del aparato telef\u00f3nico fue notificado en libertad a disposici\u00f3n de la Fiscal\u00eda de Delitos contra la Propiedad a cargo de la Dra. Ver\u00f3nica Campos.&#8221;<br>.<\/p>\n","protected":false},"excerpt":{"rendered":"<p>NotiPampa recepcion\u00f3 el informe policial con hechos preocupantes en la madrugada de este domingo. &#8220;En la madrugada del domingo personal<\/p>\n","protected":false},"author":1,"featured_media":3166,"comment_status":"open","ping_status":"open","sticky":false,"template":"","format":"standard","meta":{"colormag_page_container_layout":"default_layout","colormag_page_sidebar_layout":"default_layout","footnotes":""},"categories":[6,56,8],"tags":[],"class_list":["post-3167","post","type-post","status-publish","format-standard","has-post-thumbnail","hentry","category-locales","category-policiales","category-ultimas-noticias"],"_links":{"self":[{"href":"https:\/\/notipampa.com\/index.php?rest_route=\/wp\/v2\/posts\/3167","targetHints":{"allow":["GET"]}}],"collection":[{"href":"https:\/\/notipampa.com\/index.php?rest_route=\/wp\/v2\/posts"}],"about":[{"href":"https:\/\/notipampa.com\/index.php?rest_route=\/wp\/v2\/types\/post"}],"author":[{"embeddable":true,"href":"https:\/\/notipampa.com\/index.php?rest_route=\/wp\/v2\/users\/1"}],"replies":[{"embeddable":true,"href":"https:\/\/notipampa.com\/index.php?rest_route=%2Fwp%2Fv2%2Fcomments&post=3167"}],"version-history":[{"count":0,"href":"https:\/\/notipampa.com\/index.php?rest_route=\/wp\/v2\/posts\/3167\/revisions"}],"wp:featuredmedia":[{"embeddable":true,"href":"https:\/\/notipampa.com\/index.php?rest_route=\/wp\/v2\/media\/3166"}],"wp:attachment":[{"href":"https:\/\/notipampa.com\/index.php?rest_route=%2Fwp%2Fv2%2Fmedia&parent=3167"}],"wp:term":[{"taxonomy":"category","embeddable":true,"href":"https:\/\/notipampa.com\/index.php?rest_route=%2Fwp%2Fv2%2Fcategories&post=3167"},{"taxonomy":"post_tag","embeddable":true,"href":"https:\/\/notipampa.com\/index.php?rest_route=%2Fwp%2Fv2%2Ftags&post=3167"}],"curies":[{"name":"wp","href":"https:\/\/api.w.org\/{rel}","templated":true}]}}