{"id":3164,"date":"2021-09-17T21:14:36","date_gmt":"2021-09-18T00:14:36","guid":{"rendered":"https:\/\/notipampa.com\/?p=3164"},"modified":"2021-09-17T21:15:05","modified_gmt":"2021-09-18T00:15:05","slug":"concejo-deliberante-proyecto-de-cumunicacion-de-mascotas-alvear-fue-aprobado-hubo-un-voto-negativo","status":"publish","type":"post","link":"https:\/\/notipampa.com\/?p=3164","title":{"rendered":"Concejo Deliberante: proyecto de cumunicaci\u00f3n de &#8220;Mascotas Alvear&#8221; fue aprobado. Hubo un voto negativo"},"content":{"rendered":"\n<p><strong>NotiPampa<\/strong> estuvo presente en la Sesi\u00f3n Ordinaria del Concejo Deliberante Local, seg\u00fan indica el sector de prensa &#8220;en el d\u00eda de ayer, jueves 16 de septiembre de 2021, se reuni\u00f3 en Sesi\u00f3n Ordinaria del Concejo Deliberante de Intendente Alvear, presidido por la Presidenta Vanesa Luj\u00e1n Acedo, y con la presencia de los concejales Cintia Nerina Cocchi, Mar\u00eda Alejandra Oliva y An\u00edbal Migliore, por el bloque Fre.Ju.Pa., y Humberto Andreani, Fernando Aznarez, Mar\u00eda Alejandra Hartfiel y Ra\u00fal H. Iglesias, por el bloque Fre.Ve.Al. La Presidenta Vanesa Acedo inicia la sesi\u00f3n, dando lectura al Orden del d\u00eda, cuyos puntos se trataron de la siguiente manera:<\/p>\n\n\n\n<p>Punto 1: Proyecto de Ordenanza \u201cS\/ Confeccionando C\u00e1lculo de Recursos y Presupuesto de Gastos de la Municipalidad de Intendente Alvear para el a\u00f1o 2021\u201d, presentado por la Secretaria de Hacienda y Finanzas CPN Andrea Caivano\u201d. Haci\u00e9ndose presente en el recinto, la Secretaria de Hacienda y Finanzas de la Municipalidad, expuso los puntos m\u00e1s importantes del Presupuesto de Recursos y Gastos del Municipio para el a\u00f1o 2021, dando detalles de cada partida. Luego, los concejales realizaron preguntas a la funcionaria. El proyecto se aprob\u00f3 por unanimidad.<\/p>\n\n\n\n<p><br \/>Punto 2: Lectura de Acta No 55. Por Secretar\u00eda se dio lectura por Secretaria al Acta n\u00b055, de la sesi\u00f3n anterior, la cual fue aprobada por unanimidad.<\/p>\n\n\n\n<p><br \/>Punto 3: Proyecto de Ordenanza \u201cS\/ Aprobando la Ejecuci\u00f3n del Programa Soluciones Habitacionales a\u00f1o 2021\u201d. El proyecto, que hab\u00eda ingresado por correspondencia en la sesi\u00f3n anterior y pasado a cuarto intermedio por unanimidad, fue puesto a consideraci\u00f3n de los concejales presentes. Por unanimidad se aprob\u00f3 el proyecto.<\/p>\n\n\n\n<p><br \/>Punto 4: Proyecto de Ordenanza \u201cS\/ Autorizando construcci\u00f3n del Paseo Ra\u00edces Ranquelinas en Avenida Uruguay entre Fray Cayetano Rodr\u00edguez y Sargento Cabral\u201d. Este proyecto, tambi\u00e9n fue ingresado en la sesi\u00f3n anterior y pasado a cuarto intermedio,para realizar modificaciones de forma y de fondo en reuni\u00f3n de trabajo. Se lee el proyecto definitivo y se pone a consideraci\u00f3n de los concejales presentes. Se aprueba por unanimidad.<\/p>\n\n\n\n<p><br \/>Punto 5: Proyecto de comunicaci\u00f3n \u201cS\/ Poniendo en conocimiento al Ejecutivo Municipal del Proyecto de Centro de Adopci\u00f3n canina presentado por \u201cMascotas Alvear\u201d.<\/p>\n\n\n\n<p>Este proyecto presentado por el Bloque Fre.Ve.Al., que hab\u00eda sido ingresado por correspondencia en la sesi\u00f3n anterior, pretende poner en conocimiento al Ejecutivo Municipal, sobre la reuni\u00f3n mantenida d\u00edas atr\u00e1s con el grupo \u201cMascotas Alvear\u201d, y sobre el proyecto de mejoramiento de la Canilera Municipal propuesto por dicho grupo. Se da lectura, y puesto a votaci\u00f3n se aprueba por mayor\u00eda (7 positivos, 1 negativo).<\/p>\n\n\n\n<p><br \/>Punto 6: Correspondencia. Ingresan Nota del vecino y comerciante Erwin Fridel, quien expresa su preocupaci\u00f3n por las \u201cdesigualdades\u201d existentes en los controles nocturnos y habilitaciones municipales, que afectan a su negocio. Ingresa tambi\u00e9n nota de vecinos del sector sur-oeste del pueblo, quienes ponen en conocimiento a los ediles sobre la nota elevada al Ejecutivo Municipal, donde expresan su preocupaci\u00f3n por la posible instalaci\u00f3n de un emprendimiento nocturno que afectar\u00eda dicho sector, donde hoy existen residencias y emprendimientos productivos y tur\u00edsticos.<\/p>\n\n\n\n<p>Prensa Concejo Deliberante de la Municipalidad de Intendente Alvear<\/p>\n","protected":false},"excerpt":{"rendered":"<p>NotiPampa estuvo presente en la Sesi\u00f3n Ordinaria del Concejo Deliberante Local, seg\u00fan indica el sector de prensa &#8220;en el d\u00eda<\/p>\n","protected":false},"author":1,"featured_media":3162,"comment_status":"open","ping_status":"open","sticky":false,"template":"","format":"standard","meta":{"colormag_page_container_layout":"default_layout","colormag_page_sidebar_layout":"default_layout","footnotes":""},"categories":[6,8],"tags":[],"class_list":["post-3164","post","type-post","status-publish","format-standard","has-post-thumbnail","hentry","category-locales","category-ultimas-noticias"],"_links":{"self":[{"href":"https:\/\/notipampa.com\/index.php?rest_route=\/wp\/v2\/posts\/3164","targetHints":{"allow":["GET"]}}],"collection":[{"href":"https:\/\/notipampa.com\/index.php?rest_route=\/wp\/v2\/posts"}],"about":[{"href":"https:\/\/notipampa.com\/index.php?rest_route=\/wp\/v2\/types\/post"}],"author":[{"embeddable":true,"href":"https:\/\/notipampa.com\/index.php?rest_route=\/wp\/v2\/users\/1"}],"replies":[{"embeddable":true,"href":"https:\/\/notipampa.com\/index.php?rest_route=%2Fwp%2Fv2%2Fcomments&post=3164"}],"version-history":[{"count":1,"href":"https:\/\/notipampa.com\/index.php?rest_route=\/wp\/v2\/posts\/3164\/revisions"}],"predecessor-version":[{"id":3165,"href":"https:\/\/notipampa.com\/index.php?rest_route=\/wp\/v2\/posts\/3164\/revisions\/3165"}],"wp:featuredmedia":[{"embeddable":true,"href":"https:\/\/notipampa.com\/index.php?rest_route=\/wp\/v2\/media\/3162"}],"wp:attachment":[{"href":"https:\/\/notipampa.com\/index.php?rest_route=%2Fwp%2Fv2%2Fmedia&parent=3164"}],"wp:term":[{"taxonomy":"category","embeddable":true,"href":"https:\/\/notipampa.com\/index.php?rest_route=%2Fwp%2Fv2%2Fcategories&post=3164"},{"taxonomy":"post_tag","embeddable":true,"href":"https:\/\/notipampa.com\/index.php?rest_route=%2Fwp%2Fv2%2Ftags&post=3164"}],"curies":[{"name":"wp","href":"https:\/\/api.w.org\/{rel}","templated":true}]}}