{"id":3141,"date":"2021-09-16T13:07:50","date_gmt":"2021-09-16T16:07:50","guid":{"rendered":"https:\/\/notipampa.com\/?p=3141"},"modified":"2021-09-16T13:07:51","modified_gmt":"2021-09-16T16:07:51","slug":"feriados-los-dias-8-y-11-de-octubre","status":"publish","type":"post","link":"https:\/\/notipampa.com\/?p=3141","title":{"rendered":"Feriados los d\u00edas 8 y 11 de octubre"},"content":{"rendered":"\n<p><strong>Seg\u00fan el Memor\u00e1ndum N\u00b0 7\/21, el Ministerio de Gobierno, Justicia y Derechos Humanos de La Pampa, fueron confirmados como feriados los d\u00edas 8 y 11 de octubre de 2021.<\/strong><\/p>\n\n\n\n<p>El 8 de octubre, ser\u00e1 feriado con fines tur\u00edsticos, regido por Ley N\u00b0 27399 &#8211; Decreto Nacional N\u00b0 947\/20. En tanto el 11 de octubre, D\u00eda del Respeto a la Diversidad Cultural, ser\u00e1 Feriado Nacional Trasladable del 12 de octubre, regido por la mencionada Ley. Seg\u00fan estipula la normativa, &#8220;los feriados nacionales trasladables establecidos, cuyas fechas coincidan con los d\u00edas martes y mi\u00e9rcoles ser\u00e1n trasladados al d\u00eda lunes anterior&#8221;, mientras que aquellos que coincidan con los d\u00edas jueves y viernes &#8220;ser\u00e1n trasladados al lunes siguiente&#8221;.<br>As\u00ed, y bajo esta premisa, el pr\u00f3ximo 12 de octubre, &#8220;D\u00eda del Respeto a la Diversidad Cultural&#8221;, tendr\u00e1 lugar el lunes 11 de octubre, que junto con el viernes 8, dar\u00e1 paso a un nuevo fin de semana largo puente con fines tur\u00edsticos.<br>&#8220;El Poder Ejecutivo nacional podr\u00e1, adicionalmente a lo establecido en el art\u00edculo anterior, fijar anualmente hasta tres (3) d\u00edas feriados o no laborables destinados a promover la actividad tur\u00edstica, que deber\u00e1n coincidir con los d\u00edas lunes o viernes. El Poder Ejecutivo nacional deber\u00e1 establecerlos con una antelaci\u00f3n de cincuenta (50) d\u00edas a la finalizaci\u00f3n del a\u00f1o calendario&#8221;, ampl\u00eda el art\u00edculo 7 de la ley 27.399.<\/p>\n\n\n\n<p><strong>Motivo<\/strong><br>El pr\u00f3ximo 12 de octubre, cuyo feriado se trasladar\u00e1 al lunes 11, se conmemorar\u00e1 el D\u00eda del Respeto a la Diversidad Cultural. La fecha promueve la reflexi\u00f3n hist\u00f3rica, el di\u00e1logo intercultural y el reconocimiento y respeto por los pueblos originarios. Hasta 2010 la fecha fue identificada como el &#8220;D\u00eda de la Raza&#8221; en conmemorai\u00f3n de la llegada de Crist\u00f3bal Col\u00f3n a Am\u00e9rica. Sin embargo, hace 11 a\u00f1os, modific\u00f3 su denominaci\u00f3n por la del &#8220;D\u00eda del Respeto a la Diversidad Cultural&#8221;, dot\u00e1ndolo de un significado acorde al valor asignado por la Constituci\u00f3n Nacional y diversos tratados y declaraciones de derechos humanos a la diversidad \u00e9tnica y cultural de todos los pueblos.<br>El cambio de paradigma implic\u00f3 dejar atr\u00e1s la conmemoraci\u00f3n de &#8220;la conquista&#8221; de Am\u00e9rica para dar paso al an\u00e1lisis y a la valoraci\u00f3n de la inmensa variedad de culturas que han aportado y aportan a la construcci\u00f3n de la identidad nacional.<\/p>\n","protected":false},"excerpt":{"rendered":"<p>Seg\u00fan el Memor\u00e1ndum N\u00b0 7\/21, el Ministerio de Gobierno, Justicia y Derechos Humanos de La Pampa, fueron confirmados como feriados<\/p>\n","protected":false},"author":1,"featured_media":3142,"comment_status":"open","ping_status":"open","sticky":false,"template":"","format":"standard","meta":{"colormag_page_container_layout":"default_layout","colormag_page_sidebar_layout":"default_layout","footnotes":""},"categories":[4,8],"tags":[],"class_list":["post-3141","post","type-post","status-publish","format-standard","has-post-thumbnail","hentry","category-provincia","category-ultimas-noticias"],"_links":{"self":[{"href":"https:\/\/notipampa.com\/index.php?rest_route=\/wp\/v2\/posts\/3141","targetHints":{"allow":["GET"]}}],"collection":[{"href":"https:\/\/notipampa.com\/index.php?rest_route=\/wp\/v2\/posts"}],"about":[{"href":"https:\/\/notipampa.com\/index.php?rest_route=\/wp\/v2\/types\/post"}],"author":[{"embeddable":true,"href":"https:\/\/notipampa.com\/index.php?rest_route=\/wp\/v2\/users\/1"}],"replies":[{"embeddable":true,"href":"https:\/\/notipampa.com\/index.php?rest_route=%2Fwp%2Fv2%2Fcomments&post=3141"}],"version-history":[{"count":1,"href":"https:\/\/notipampa.com\/index.php?rest_route=\/wp\/v2\/posts\/3141\/revisions"}],"predecessor-version":[{"id":3143,"href":"https:\/\/notipampa.com\/index.php?rest_route=\/wp\/v2\/posts\/3141\/revisions\/3143"}],"wp:featuredmedia":[{"embeddable":true,"href":"https:\/\/notipampa.com\/index.php?rest_route=\/wp\/v2\/media\/3142"}],"wp:attachment":[{"href":"https:\/\/notipampa.com\/index.php?rest_route=%2Fwp%2Fv2%2Fmedia&parent=3141"}],"wp:term":[{"taxonomy":"category","embeddable":true,"href":"https:\/\/notipampa.com\/index.php?rest_route=%2Fwp%2Fv2%2Fcategories&post=3141"},{"taxonomy":"post_tag","embeddable":true,"href":"https:\/\/notipampa.com\/index.php?rest_route=%2Fwp%2Fv2%2Ftags&post=3141"}],"curies":[{"name":"wp","href":"https:\/\/api.w.org\/{rel}","templated":true}]}}