{"id":2893,"date":"2021-09-05T10:52:58","date_gmt":"2021-09-05T13:52:58","guid":{"rendered":"https:\/\/notipampa.com\/2021\/09\/05\/se-suspendio-el-clasico-de-sub-21\/"},"modified":"2021-09-05T10:52:58","modified_gmt":"2021-09-05T13:52:58","slug":"se-suspendio-el-clasico-de-sub-21","status":"publish","type":"post","link":"https:\/\/notipampa.com\/?p=2893","title":{"rendered":"Se suspendi\u00f3 el cl\u00e1sico de Sub 21"},"content":{"rendered":"\n<p class=\"wp-block-paragraph\"><\/p>\n\n\n\n<p class=\"wp-block-paragraph\">El cl\u00e1sico que iban a disputar Alvear F.B.C vs. Ferro de Alvear en la categor\u00eda sub-21 se suspendi\u00f3 para preservar el estado del campo de juego por las lluvias que sumaron mil\u00edmetros en d\u00edas pasados.<\/p>\n\n\n\n<p class=\"wp-block-paragraph\">Dirigentes de ambos clubes recorrieron el estadio para tomar una decisi\u00f3n en conjunto.<\/p>\n\n\n\n<p class=\"wp-block-paragraph\">A las 12:30 se volver\u00e1n a juntar para ver c\u00f3mo contin\u00faa el evento deportivo. <\/p>\n","protected":false},"excerpt":{"rendered":"<p>El cl\u00e1sico que iban a disputar Alvear F.B.C vs. Ferro de Alvear en la categor\u00eda sub-21 se suspendi\u00f3 para preservar<\/p>\n","protected":false},"author":1,"featured_media":2892,"comment_status":"open","ping_status":"open","sticky":false,"template":"","format":"standard","meta":{"colormag_page_container_layout":"default_layout","colormag_page_sidebar_layout":"default_layout","footnotes":""},"categories":[10,8],"tags":[],"class_list":["post-2893","post","type-post","status-publish","format-standard","has-post-thumbnail","hentry","category-sports","category-ultimas-noticias"],"_links":{"self":[{"href":"https:\/\/notipampa.com\/index.php?rest_route=\/wp\/v2\/posts\/2893","targetHints":{"allow":["GET"]}}],"collection":[{"href":"https:\/\/notipampa.com\/index.php?rest_route=\/wp\/v2\/posts"}],"about":[{"href":"https:\/\/notipampa.com\/index.php?rest_route=\/wp\/v2\/types\/post"}],"author":[{"embeddable":true,"href":"https:\/\/notipampa.com\/index.php?rest_route=\/wp\/v2\/users\/1"}],"replies":[{"embeddable":true,"href":"https:\/\/notipampa.com\/index.php?rest_route=%2Fwp%2Fv2%2Fcomments&post=2893"}],"version-history":[{"count":0,"href":"https:\/\/notipampa.com\/index.php?rest_route=\/wp\/v2\/posts\/2893\/revisions"}],"wp:featuredmedia":[{"embeddable":true,"href":"https:\/\/notipampa.com\/index.php?rest_route=\/wp\/v2\/media\/2892"}],"wp:attachment":[{"href":"https:\/\/notipampa.com\/index.php?rest_route=%2Fwp%2Fv2%2Fmedia&parent=2893"}],"wp:term":[{"taxonomy":"category","embeddable":true,"href":"https:\/\/notipampa.com\/index.php?rest_route=%2Fwp%2Fv2%2Fcategories&post=2893"},{"taxonomy":"post_tag","embeddable":true,"href":"https:\/\/notipampa.com\/index.php?rest_route=%2Fwp%2Fv2%2Ftags&post=2893"}],"curies":[{"name":"wp","href":"https:\/\/api.w.org\/{rel}","templated":true}]}}