{"id":2808,"date":"2021-08-31T16:07:46","date_gmt":"2021-08-31T19:07:46","guid":{"rendered":"https:\/\/notipampa.com\/?p=2808"},"modified":"2021-08-31T16:54:20","modified_gmt":"2021-08-31T19:54:20","slug":"el-oeste-pampeano-ya-cuenta-con-un-camino-de-las-artesanias","status":"publish","type":"post","link":"https:\/\/notipampa.com\/?p=2808","title":{"rendered":"El oeste pampeano ya cuenta con un Camino de las Artesan\u00edas"},"content":{"rendered":"\n<p><strong>Con la presencia de la secretaria de Promoci\u00f3n Tur\u00edstica de la Naci\u00f3n,&nbsp;Yanina Mart\u00ednez, se inaugur\u00f3 ayer el Camino de las Artesan\u00edas del Oeste Pampeano.<\/strong><\/p>\n\n\n\n<p>En un acto realizado en el Mercado Artesanal de Santa Isabel, con la presencia de la secretaria de Promoci\u00f3n Tur\u00edstica de la Naci\u00f3n,&nbsp;Yanina Mart\u00ednez, qued\u00f3 inaugurado ayer&nbsp;el Camino de las Artesan\u00edas del Oeste Pampeano, una ruta tur\u00edstica dise\u00f1ada para conocer la riqueza cultural de los tejidos en telar con lana hilada y tinturas naturales, madera, cer\u00e1mica cuero y plater\u00eda de esa regi\u00f3n pampeana.<br>La funcionaria nacional viaj\u00f3 especialmente para la ocasi\u00f3n, en la que comparti\u00f3 momentos con las artesanas, los intendentes de la regi\u00f3n, los referentes de turismo y de la comunidad y fue declarada Hu\u00e9sped de Honor de Santa Isabel por el intendente, Guillermo Farana.<br>Se refiri\u00f3 a las cualidades del turismo para generar empleo, arraigo y contribuir a la salud y al bienestar de las comunidades, realizando una descripci\u00f3n del trabajo de la cartera a su cargo.<br>La secretaria de Turismo de la Provincia, Adriana Romero, se\u00f1al\u00f3 que el Camino de las Artesan\u00edas es una muestra de c\u00f3mo conformar un producto con un recurso de gran valor cultural, dotando \u201ca las experiencias de servicios de calidad que est\u00e9n disponibles cuando los visitantes y turistas los requieran y que los mismos sean un mensaje para que la invitaci\u00f3n a conocer La Pampa se replique fuera de los l\u00edmites provinciales\u201d.<br>Se entregaron certificados a cada intendente de las localidades integrantes del Camino, as\u00ed como diplomas a las artesanas Perfecta Cabral y Juana Vilches de Cabral, por su contribuci\u00f3n a la conservaci\u00f3n de saberes ancestrales.<br>Estuvieron presentes, los intendentes de Victorica, Hugo Kenny, de Santa Isabel, Guillermo Farana, de Algarrobo del \u00c1guila, Oscar Gatica, de Puel\u00e9n, Alberto Colado, de La Humada, Oscar Pereyra, de 25 de Mayo, Abel Abelda\u00f1o, la referente de Turismo de Luan Toro, Jimena Alfaro, y la directora de Producciones Artesanales, Andrea Pombar, quien organiz\u00f3 el evento junto con la subsecretaria de Planificaci\u00f3n Tur\u00edstica, Laura Davini.<br>El folleto dise\u00f1ado por la Secretar\u00eda de Turismo provincial que se distribuy\u00f3 en el encuentro.&nbsp;Consigna los servicios disponibles a lo largo del camino, as\u00ed como los imperdibles en cuanto a paseos, fiestas y atractivos.<\/p>\n\n\n\n<figure class=\"wp-block-image size-large\"><img fetchpriority=\"high\" decoding=\"async\" width=\"1024\" height=\"678\" src=\"https:\/\/notipampa.com\/wp-content\/uploads\/2021\/08\/2181509_17-1024x678.jpg\" alt=\"\" class=\"wp-image-2810\" srcset=\"https:\/\/notipampa.com\/wp-content\/uploads\/2021\/08\/2181509_17-1024x678.jpg 1024w, https:\/\/notipampa.com\/wp-content\/uploads\/2021\/08\/2181509_17-300x199.jpg 300w, https:\/\/notipampa.com\/wp-content\/uploads\/2021\/08\/2181509_17-768x509.jpg 768w, https:\/\/notipampa.com\/wp-content\/uploads\/2021\/08\/2181509_17-1536x1017.jpg 1536w, https:\/\/notipampa.com\/wp-content\/uploads\/2021\/08\/2181509_17-2048x1356.jpg 2048w\" sizes=\"(max-width: 1024px) 100vw, 1024px\" \/><\/figure>\n\n\n\n<figure class=\"wp-block-image size-large\"><img decoding=\"async\" width=\"1024\" height=\"678\" src=\"https:\/\/notipampa.com\/wp-content\/uploads\/2021\/08\/2009767_13-1024x678.jpg\" alt=\"\" class=\"wp-image-2811\" srcset=\"https:\/\/notipampa.com\/wp-content\/uploads\/2021\/08\/2009767_13-1024x678.jpg 1024w, https:\/\/notipampa.com\/wp-content\/uploads\/2021\/08\/2009767_13-300x199.jpg 300w, https:\/\/notipampa.com\/wp-content\/uploads\/2021\/08\/2009767_13-768x509.jpg 768w, https:\/\/notipampa.com\/wp-content\/uploads\/2021\/08\/2009767_13-1536x1017.jpg 1536w, https:\/\/notipampa.com\/wp-content\/uploads\/2021\/08\/2009767_13-2048x1356.jpg 2048w\" sizes=\"(max-width: 1024px) 100vw, 1024px\" \/><\/figure>\n","protected":false},"excerpt":{"rendered":"<p>Con la presencia de la secretaria de Promoci\u00f3n Tur\u00edstica de la Naci\u00f3n,&nbsp;Yanina Mart\u00ednez, se inaugur\u00f3 ayer el Camino de las<\/p>\n","protected":false},"author":1,"featured_media":2809,"comment_status":"open","ping_status":"open","sticky":false,"template":"","format":"standard","meta":{"colormag_page_container_layout":"default_layout","colormag_page_sidebar_layout":"default_layout","footnotes":""},"categories":[3,4],"tags":[],"class_list":["post-2808","post","type-post","status-publish","format-standard","has-post-thumbnail","hentry","category-entretenimiento","category-provincia"],"_links":{"self":[{"href":"https:\/\/notipampa.com\/index.php?rest_route=\/wp\/v2\/posts\/2808","targetHints":{"allow":["GET"]}}],"collection":[{"href":"https:\/\/notipampa.com\/index.php?rest_route=\/wp\/v2\/posts"}],"about":[{"href":"https:\/\/notipampa.com\/index.php?rest_route=\/wp\/v2\/types\/post"}],"author":[{"embeddable":true,"href":"https:\/\/notipampa.com\/index.php?rest_route=\/wp\/v2\/users\/1"}],"replies":[{"embeddable":true,"href":"https:\/\/notipampa.com\/index.php?rest_route=%2Fwp%2Fv2%2Fcomments&post=2808"}],"version-history":[{"count":2,"href":"https:\/\/notipampa.com\/index.php?rest_route=\/wp\/v2\/posts\/2808\/revisions"}],"predecessor-version":[{"id":2819,"href":"https:\/\/notipampa.com\/index.php?rest_route=\/wp\/v2\/posts\/2808\/revisions\/2819"}],"wp:featuredmedia":[{"embeddable":true,"href":"https:\/\/notipampa.com\/index.php?rest_route=\/wp\/v2\/media\/2809"}],"wp:attachment":[{"href":"https:\/\/notipampa.com\/index.php?rest_route=%2Fwp%2Fv2%2Fmedia&parent=2808"}],"wp:term":[{"taxonomy":"category","embeddable":true,"href":"https:\/\/notipampa.com\/index.php?rest_route=%2Fwp%2Fv2%2Fcategories&post=2808"},{"taxonomy":"post_tag","embeddable":true,"href":"https:\/\/notipampa.com\/index.php?rest_route=%2Fwp%2Fv2%2Ftags&post=2808"}],"curies":[{"name":"wp","href":"https:\/\/api.w.org\/{rel}","templated":true}]}}