{"id":2805,"date":"2021-08-31T15:57:01","date_gmt":"2021-08-31T18:57:01","guid":{"rendered":"https:\/\/notipampa.com\/?p=2805"},"modified":"2021-08-31T15:57:02","modified_gmt":"2021-08-31T18:57:02","slug":"atencion-nuevas-habilitaciones-y-horarios","status":"publish","type":"post","link":"https:\/\/notipampa.com\/?p=2805","title":{"rendered":"\u00a1Atenci\u00f3n! nuevas habilitaciones y horarios"},"content":{"rendered":"\n<p><strong>En forma progresiva el Gobierno provincial avanza en la ampliaci\u00f3n de horarios y habilitaci\u00f3n de actividades que se vieron reducidas por la pandemia de COVID-19.<\/strong><\/p>\n\n\n\n<p>Las nuevas disposiciones emitidas en este sentido entrar\u00e1n en vigencia el 1 de septiembre y se extender\u00e1n hasta el 22 de septiembre inclusive. El decreto con los detalles se publicar\u00e1 en las pr\u00f3ximas horas en el Bolet\u00edn Oficial.<br>Las medidas se adoptan en funci\u00f3n de la baja continua de contagios diarios, el decreciente nivel de ocupaci\u00f3n de camas de terapia intensiva y la evoluci\u00f3n de la campa\u00f1a de vacunaci\u00f3n en la Provincia, a trav\u00e9s de la cual se han aplicado al 27 de agosto, 387.724 dosis.<\/p>\n\n\n\n<p><strong>Eventos al aire libre<\/strong><br>Se habilitan eventos al aire libre con un m\u00e1ximo de 100 personas. Podr\u00e1n desarrollarse de lunes a domingos en la franja horaria m\u00e1xima de 7 a 2 horas del d\u00eda siguiente, con tolerancia de 45 minutos para el retiro de personas del lugar, permiti\u00e9ndose servicio de gastronom\u00eda y espect\u00e1culos musicales en vivo, con estrictos protocolos.<\/p>\n\n\n\n<p><strong>Gastronom\u00eda y salones de fiesta<\/strong><br>Los locales de gastronom\u00eda y los salones de fiestas que temporalmente funcionen como locales gastron\u00f3micos, los&nbsp; casinos y bingos, los cines, teatros y centros culturales, y el sector gastron\u00f3mico de estaciones de servicio, podr\u00e1n desarrollar su actividad de lunes a domingos en la franja horaria m\u00e1xima de 7 a 2 horas del d\u00eda siguiente, con tolerancia de 45 minutos para atenci\u00f3n de clientes y retiro de personas del lugar.<\/p>\n\n\n\n<p><strong>Circulaci\u00f3n de las personas<\/strong><br>Se establece la restricci\u00f3n de circulaci\u00f3n de las personas por fuera del l\u00edmite de la localidad en que residan, y dentro de la misma localidad, en el horario comprendido entre las 3 y las 6, con excepci\u00f3n de aquellas personas afectadas a actividades definidas como esenciales.&nbsp;<\/p>\n\n\n\n<p><strong>Asambleas presenciales<\/strong><br>Se habilit\u00f3 a todas las entidades con sede o filial en la provincia de La Pampa, con o sin personer\u00eda jur\u00eddica, sujetas al control y fiscalizaci\u00f3n de la Direcci\u00f3n General de Superintendencia de Personas Jur\u00eddicas y Registro P\u00fablico de Comercio o de la Subsecretar\u00eda de Cooperativas y Mutuales, u organismo competente; &nbsp;<strong>a convocar y realizar Asambleas presenciales que tengan como fin cumplir con mandatos legales<\/strong>, debiendo sus participantes actuar con responsabilidad social, dando cumplimiento a los protocolos y reglas de conducta generales y obligatorias dispuestas para disminuir el riesgo de contagio de COVID-19.<br><br>Las asambleas podr\u00e1n realizarse de lunes a domingo, en el horario de 7 a 22, al aire libre con hasta un m\u00e1ximo de 100 personas, o en espacios cerrados con un aforo m\u00e1ximo del 70% de la capacidad total habilitada y hasta un m\u00e1ximo de 100 personas. Los dem\u00e1s interesados en participar del acto asambleario podr\u00e1n hacerlo de manera on line bajo los lineamientos establecidos por las citadas dependencias.<\/p>\n","protected":false},"excerpt":{"rendered":"<p>En forma progresiva el Gobierno provincial avanza en la ampliaci\u00f3n de horarios y habilitaci\u00f3n de actividades que se vieron reducidas<\/p>\n","protected":false},"author":1,"featured_media":2806,"comment_status":"open","ping_status":"open","sticky":false,"template":"","format":"standard","meta":{"colormag_page_container_layout":"default_layout","colormag_page_sidebar_layout":"default_layout","footnotes":""},"categories":[4,8],"tags":[],"class_list":["post-2805","post","type-post","status-publish","format-standard","has-post-thumbnail","hentry","category-provincia","category-ultimas-noticias"],"_links":{"self":[{"href":"https:\/\/notipampa.com\/index.php?rest_route=\/wp\/v2\/posts\/2805","targetHints":{"allow":["GET"]}}],"collection":[{"href":"https:\/\/notipampa.com\/index.php?rest_route=\/wp\/v2\/posts"}],"about":[{"href":"https:\/\/notipampa.com\/index.php?rest_route=\/wp\/v2\/types\/post"}],"author":[{"embeddable":true,"href":"https:\/\/notipampa.com\/index.php?rest_route=\/wp\/v2\/users\/1"}],"replies":[{"embeddable":true,"href":"https:\/\/notipampa.com\/index.php?rest_route=%2Fwp%2Fv2%2Fcomments&post=2805"}],"version-history":[{"count":1,"href":"https:\/\/notipampa.com\/index.php?rest_route=\/wp\/v2\/posts\/2805\/revisions"}],"predecessor-version":[{"id":2807,"href":"https:\/\/notipampa.com\/index.php?rest_route=\/wp\/v2\/posts\/2805\/revisions\/2807"}],"wp:featuredmedia":[{"embeddable":true,"href":"https:\/\/notipampa.com\/index.php?rest_route=\/wp\/v2\/media\/2806"}],"wp:attachment":[{"href":"https:\/\/notipampa.com\/index.php?rest_route=%2Fwp%2Fv2%2Fmedia&parent=2805"}],"wp:term":[{"taxonomy":"category","embeddable":true,"href":"https:\/\/notipampa.com\/index.php?rest_route=%2Fwp%2Fv2%2Fcategories&post=2805"},{"taxonomy":"post_tag","embeddable":true,"href":"https:\/\/notipampa.com\/index.php?rest_route=%2Fwp%2Fv2%2Ftags&post=2805"}],"curies":[{"name":"wp","href":"https:\/\/api.w.org\/{rel}","templated":true}]}}