{"id":2803,"date":"2021-08-30T21:23:43","date_gmt":"2021-08-31T00:23:43","guid":{"rendered":"https:\/\/notipampa.com\/2021\/08\/30\/finalmente-el-clasico-alvearense-se-jugara-a-las-1330\/"},"modified":"2021-08-30T21:23:43","modified_gmt":"2021-08-31T00:23:43","slug":"finalmente-el-clasico-alvearense-se-jugara-a-las-1330","status":"publish","type":"post","link":"https:\/\/notipampa.com\/?p=2803","title":{"rendered":"Finalmente el cl\u00e1sico Alvearense se jugar\u00e1 a las 13:30"},"content":{"rendered":"\n<p><\/p>\n\n\n\n<p>Luego de la reuni\u00f3n semanal de la liga pampeana, d\u00f3nde los clubes Alvearenses presentaron una nota solicitando el cambio de horario, este se confirm\u00f3 a las 13:30 del domingo, siendo la previa de Sub 21 a las 11:15.<\/p>\n\n\n\n<p>El cambio de horario se debe al importante partido por eliminatorias a Qatar 2022 que juega la selecci\u00f3n nacional ante Brasil.<\/p>\n\n\n\n<p>El cl\u00e1sico local ser\u00e1 uno de los eventos deportivos m\u00e1s importantes del a\u00f1o, ya que Alvear F.B.C. contin\u00faa puntero de la zona norte y Ferro lo sigue de cerca. <\/p>\n\n\n\n<p>Recordemos que el cl\u00e1sico anterior, finaliz\u00f3 1-1.<\/p>\n\n\n\n<p><\/p>\n","protected":false},"excerpt":{"rendered":"<p>Luego de la reuni\u00f3n semanal de la liga pampeana, d\u00f3nde los clubes Alvearenses presentaron una nota solicitando el cambio de<\/p>\n","protected":false},"author":1,"featured_media":2802,"comment_status":"open","ping_status":"open","sticky":false,"template":"","format":"standard","meta":{"colormag_page_container_layout":"default_layout","colormag_page_sidebar_layout":"default_layout","footnotes":""},"categories":[10,6,8],"tags":[],"class_list":["post-2803","post","type-post","status-publish","format-standard","has-post-thumbnail","hentry","category-sports","category-locales","category-ultimas-noticias"],"_links":{"self":[{"href":"https:\/\/notipampa.com\/index.php?rest_route=\/wp\/v2\/posts\/2803","targetHints":{"allow":["GET"]}}],"collection":[{"href":"https:\/\/notipampa.com\/index.php?rest_route=\/wp\/v2\/posts"}],"about":[{"href":"https:\/\/notipampa.com\/index.php?rest_route=\/wp\/v2\/types\/post"}],"author":[{"embeddable":true,"href":"https:\/\/notipampa.com\/index.php?rest_route=\/wp\/v2\/users\/1"}],"replies":[{"embeddable":true,"href":"https:\/\/notipampa.com\/index.php?rest_route=%2Fwp%2Fv2%2Fcomments&post=2803"}],"version-history":[{"count":0,"href":"https:\/\/notipampa.com\/index.php?rest_route=\/wp\/v2\/posts\/2803\/revisions"}],"wp:featuredmedia":[{"embeddable":true,"href":"https:\/\/notipampa.com\/index.php?rest_route=\/wp\/v2\/media\/2802"}],"wp:attachment":[{"href":"https:\/\/notipampa.com\/index.php?rest_route=%2Fwp%2Fv2%2Fmedia&parent=2803"}],"wp:term":[{"taxonomy":"category","embeddable":true,"href":"https:\/\/notipampa.com\/index.php?rest_route=%2Fwp%2Fv2%2Fcategories&post=2803"},{"taxonomy":"post_tag","embeddable":true,"href":"https:\/\/notipampa.com\/index.php?rest_route=%2Fwp%2Fv2%2Ftags&post=2803"}],"curies":[{"name":"wp","href":"https:\/\/api.w.org\/{rel}","templated":true}]}}