{"id":2737,"date":"2021-08-27T15:37:35","date_gmt":"2021-08-27T18:37:35","guid":{"rendered":"https:\/\/notipampa.com\/?p=2737"},"modified":"2021-08-27T15:37:35","modified_gmt":"2021-08-27T18:37:35","slug":"acto-del-presidente-alberto-fernandez-en-la-pampa","status":"publish","type":"post","link":"https:\/\/notipampa.com\/?p=2737","title":{"rendered":"Acto del Presidente Alberto Fern\u00e1ndez en La Pampa"},"content":{"rendered":"\n<p>El presidente de la Naci\u00f3n, Alberto Fern\u00e1ndez, encabez\u00f3 este viernes al mediod\u00eda un acto oficial, en Castelvecchio, para cerrar su visita al territorio pampeano. \u00abLa pandemia fue aprovechada por algunos para echar un manto de olvido de un pasado reciente, de una Argentina en default hecho y derecho\u00bb, dijo Fern\u00e1ndez, en un tramo de su discurso.<\/p>\n\n\n\n<figure class=\"wp-block-embed is-type-video is-provider-youtube wp-block-embed-youtube wp-embed-aspect-16-9 wp-has-aspect-ratio\"><div class=\"wp-block-embed__wrapper\">\n<iframe title=\"EN VIVO - La Pampa | Alberto junto al gobernador Sergio Ziliotto y candidatos\/as de la provincia.\" width=\"800\" height=\"450\" src=\"https:\/\/www.youtube.com\/embed\/K80DfeMSH7g?feature=oembed\" frameborder=\"0\" allow=\"accelerometer; autoplay; clipboard-write; encrypted-media; gyroscope; picture-in-picture\" allowfullscreen><\/iframe>\n<\/div><\/figure>\n","protected":false},"excerpt":{"rendered":"<p>El presidente de la Naci\u00f3n, Alberto Fern\u00e1ndez, encabez\u00f3 este viernes al mediod\u00eda un acto oficial, en Castelvecchio, para cerrar su<\/p>\n","protected":false},"author":1,"featured_media":2738,"comment_status":"open","ping_status":"open","sticky":false,"template":"","format":"standard","meta":{"colormag_page_container_layout":"default_layout","colormag_page_sidebar_layout":"default_layout","footnotes":""},"categories":[7,4,8],"tags":[],"class_list":["post-2737","post","type-post","status-publish","format-standard","has-post-thumbnail","hentry","category-politica","category-provincia","category-ultimas-noticias"],"_links":{"self":[{"href":"https:\/\/notipampa.com\/index.php?rest_route=\/wp\/v2\/posts\/2737","targetHints":{"allow":["GET"]}}],"collection":[{"href":"https:\/\/notipampa.com\/index.php?rest_route=\/wp\/v2\/posts"}],"about":[{"href":"https:\/\/notipampa.com\/index.php?rest_route=\/wp\/v2\/types\/post"}],"author":[{"embeddable":true,"href":"https:\/\/notipampa.com\/index.php?rest_route=\/wp\/v2\/users\/1"}],"replies":[{"embeddable":true,"href":"https:\/\/notipampa.com\/index.php?rest_route=%2Fwp%2Fv2%2Fcomments&post=2737"}],"version-history":[{"count":1,"href":"https:\/\/notipampa.com\/index.php?rest_route=\/wp\/v2\/posts\/2737\/revisions"}],"predecessor-version":[{"id":2739,"href":"https:\/\/notipampa.com\/index.php?rest_route=\/wp\/v2\/posts\/2737\/revisions\/2739"}],"wp:featuredmedia":[{"embeddable":true,"href":"https:\/\/notipampa.com\/index.php?rest_route=\/wp\/v2\/media\/2738"}],"wp:attachment":[{"href":"https:\/\/notipampa.com\/index.php?rest_route=%2Fwp%2Fv2%2Fmedia&parent=2737"}],"wp:term":[{"taxonomy":"category","embeddable":true,"href":"https:\/\/notipampa.com\/index.php?rest_route=%2Fwp%2Fv2%2Fcategories&post=2737"},{"taxonomy":"post_tag","embeddable":true,"href":"https:\/\/notipampa.com\/index.php?rest_route=%2Fwp%2Fv2%2Ftags&post=2737"}],"curies":[{"name":"wp","href":"https:\/\/api.w.org\/{rel}","templated":true}]}}