{"id":2161,"date":"2021-07-28T14:16:28","date_gmt":"2021-07-28T17:16:28","guid":{"rendered":"https:\/\/notipampa.com\/?p=2161"},"modified":"2021-07-28T14:16:29","modified_gmt":"2021-07-28T17:16:29","slug":"inscriben-para-cubrir-cargos-de-coordinadores-institucionales-de-politicas-estudiantiles","status":"publish","type":"post","link":"https:\/\/notipampa.com\/?p=2161","title":{"rendered":"Inscriben para cubrir cargos de Coordinadores Institucionales de Pol\u00edticas Estudiantiles"},"content":{"rendered":"\n<p><strong>La Direcci\u00f3n General de Educaci\u00f3n Superior record\u00f3\u00a0que\u00a0hasta el 30 de julio inclusive, estar\u00e1\u00a0abierta la inscripci\u00f3n sobre la l\u00ednea de acci\u00f3n de Coordinadores Institucionales de Pol\u00edticas Estudiantiles (CIPEs) con el objetivo de fortalecer la implementaci\u00f3n y el desarrollo de Pol\u00edticas Estudiantiles, apoyando a las instituciones en el dise\u00f1o, coordinaci\u00f3n e implementaci\u00f3n de acciones concretas.<\/strong><\/p>\n\n\n\n<p>El objetivo de esta l\u00ednea es fortalecer el trabajo compartido en torno al acompa\u00f1amiento a las Trayectorias Formativas de los\/as estudiantes, teniendo como punto de partida el reconocimiento de los\/as estudiantes de la Formaci\u00f3n Docente como actores centrales del sistema formador. Su participaci\u00f3n en los procesos pedag\u00f3gicos e institucionales resulta imprescindible, fortalecer el sentido de pertenencia, contribuyendo a mejorar los niveles de permanencia desde una perspectiva amplia e integral.<br>Implica considerar las relaciones que se establecen entre: la multiplicidad de experiencias (escolares, familiares, laborales, comunitarias, etc.) por las que han atravesado y atraviesan los estudiantes; y por otro lado el proyecto formativo que ofrecen las instituciones a trav\u00e9s de propuestas y recorridos diversos que deben ir pens\u00e1ndose y transform\u00e1ndose de modo situado, en di\u00e1logo y atento a las caracter\u00edsticas particulares del colectivo estudiantil.<\/p>\n\n\n\n<p><strong>Formulario de Inscripci\u00f3n:<\/strong><br>https:\/\/docs.google.com\/forms\/d\/e\/1FAIpQLSe64AKD1CXTdIv6iXTgmUbiBoGvsecTXSbcaPcJPEW1NDUYZA\/viewform?vc=0&amp;c=0&amp;w=1&amp;flr=0&nbsp;<\/p>\n\n\n\n<p><strong>Requisitos de postulaci\u00f3n:<\/strong><br>https:\/\/sitio.lapampa.edu.ar\/index.php\/unidades-de-organizacion\/ministerio-de-educacion\/subsecretaria-de-educacion\/direccion-general-de-educacion-superior\/convocatoria-cipes&nbsp;<\/p>\n","protected":false},"excerpt":{"rendered":"<p>La Direcci\u00f3n General de Educaci\u00f3n Superior record\u00f3\u00a0que\u00a0hasta el 30 de julio inclusive, estar\u00e1\u00a0abierta la inscripci\u00f3n sobre la l\u00ednea de acci\u00f3n<\/p>\n","protected":false},"author":1,"featured_media":2162,"comment_status":"open","ping_status":"open","sticky":false,"template":"","format":"standard","meta":{"colormag_page_container_layout":"default_layout","colormag_page_sidebar_layout":"default_layout","footnotes":""},"categories":[54,4,8],"tags":[],"class_list":["post-2161","post","type-post","status-publish","format-standard","has-post-thumbnail","hentry","category-educacion","category-provincia","category-ultimas-noticias"],"_links":{"self":[{"href":"https:\/\/notipampa.com\/index.php?rest_route=\/wp\/v2\/posts\/2161","targetHints":{"allow":["GET"]}}],"collection":[{"href":"https:\/\/notipampa.com\/index.php?rest_route=\/wp\/v2\/posts"}],"about":[{"href":"https:\/\/notipampa.com\/index.php?rest_route=\/wp\/v2\/types\/post"}],"author":[{"embeddable":true,"href":"https:\/\/notipampa.com\/index.php?rest_route=\/wp\/v2\/users\/1"}],"replies":[{"embeddable":true,"href":"https:\/\/notipampa.com\/index.php?rest_route=%2Fwp%2Fv2%2Fcomments&post=2161"}],"version-history":[{"count":1,"href":"https:\/\/notipampa.com\/index.php?rest_route=\/wp\/v2\/posts\/2161\/revisions"}],"predecessor-version":[{"id":2163,"href":"https:\/\/notipampa.com\/index.php?rest_route=\/wp\/v2\/posts\/2161\/revisions\/2163"}],"wp:featuredmedia":[{"embeddable":true,"href":"https:\/\/notipampa.com\/index.php?rest_route=\/wp\/v2\/media\/2162"}],"wp:attachment":[{"href":"https:\/\/notipampa.com\/index.php?rest_route=%2Fwp%2Fv2%2Fmedia&parent=2161"}],"wp:term":[{"taxonomy":"category","embeddable":true,"href":"https:\/\/notipampa.com\/index.php?rest_route=%2Fwp%2Fv2%2Fcategories&post=2161"},{"taxonomy":"post_tag","embeddable":true,"href":"https:\/\/notipampa.com\/index.php?rest_route=%2Fwp%2Fv2%2Ftags&post=2161"}],"curies":[{"name":"wp","href":"https:\/\/api.w.org\/{rel}","templated":true}]}}