{"id":2100,"date":"2021-07-22T20:23:21","date_gmt":"2021-07-22T23:23:21","guid":{"rendered":"https:\/\/notipampa.com\/?p=2100"},"modified":"2021-07-22T20:23:22","modified_gmt":"2021-07-22T23:23:22","slug":"una-laguna-de-color-rosa-en-chubut-por-contaminacion","status":"publish","type":"post","link":"https:\/\/notipampa.com\/?p=2100","title":{"rendered":"Una laguna de color rosa en Chubut por contaminaci\u00f3n"},"content":{"rendered":"\n<p>Las aguas de una laguna ubicada en las cercan\u00edas del parque industrial de Trelew se ti\u00f1eron de rosa, y las autoridades comunales acusan por el episodio a industrias pesqueras de la vecina ciudad chubutense de Rawson. La coloraci\u00f3n rosa intenso, casi fluorescente, de la laguna gener\u00f3 alarma ambiental porque adem\u00e1s del color llamativo del agua, la contaminaci\u00f3n trajo olores nauseabundos, proliferaci\u00f3n de insectos y otros vectores que se alimentan de la materia org\u00e1nica, seg\u00fan denunciaron pobladores de la regi\u00f3n.<\/p>\n\n\n\n<p>Se trata de una laguna ubicada en un amplio terreno manejado por el organismo provincial Corporaci\u00f3n de Fomento (Corfo) sobre la Ruta 8, camino a la localidad de Telsen, en las cercan\u00edas del Parque Industrial de Trelew. El color rosado fue adjudicado al volcado de desechos de la industria pesquera de la vecina ciudad de Rawson y estar\u00eda provocado por qu\u00edmicos utilizados para la conservaci\u00f3n del langostino.<br><br><strong><em>SULFITO.<\/em><\/strong><\/p>\n\n\n\n<p>Concretamente se se\u00f1ala la presencia de sulfito de sodio, empleado para evitar que el langostino se eche a perder ya que mata las colonias bacterianas y no deja que se degrade la prote\u00edna del crust\u00e1ceo. \u00abEs algo normal, el color rojizo no provoca da\u00f1os y en unos d\u00edas desaparecer\u00e1\u00bb, intent\u00f3 tranquilizar Juan Micheloud, responsable de Regulaci\u00f3n y Control Ambiental de Chubut.<\/p>\n\n\n\n<p>Sin embargo, Sebasti\u00e1n de la Vallina, secretario de Obras P\u00fablicas de Trelew, advirti\u00f3 que \u00abminimizar esto es rid\u00edculo y m\u00e1s como si fuera algo natural porque est\u00e1n arrojando l\u00edquidos sin&nbsp; previo tratamiento y sin que nosotros lo supi\u00e9ramos\u00bb.<\/p>\n\n\n\n<p>Del lado de Rawson sostienen que \u00abel vertido de estos \u00abdeshechos hab\u00eda sido autorizado y hemos constatado un importante&nbsp; avance en las obras que estipula el convenio\u00bb, seg\u00fan indic\u00f3&nbsp;Micheloud. (NA).<\/p>\n","protected":false},"excerpt":{"rendered":"<p>Las aguas de una laguna ubicada en las cercan\u00edas del parque industrial de Trelew se ti\u00f1eron de rosa, y las<\/p>\n","protected":false},"author":1,"featured_media":2101,"comment_status":"open","ping_status":"open","sticky":false,"template":"","format":"standard","meta":{"colormag_page_container_layout":"default_layout","colormag_page_sidebar_layout":"default_layout","footnotes":""},"categories":[5],"tags":[],"class_list":["post-2100","post","type-post","status-publish","format-standard","has-post-thumbnail","hentry","category-nacionales"],"_links":{"self":[{"href":"https:\/\/notipampa.com\/index.php?rest_route=\/wp\/v2\/posts\/2100","targetHints":{"allow":["GET"]}}],"collection":[{"href":"https:\/\/notipampa.com\/index.php?rest_route=\/wp\/v2\/posts"}],"about":[{"href":"https:\/\/notipampa.com\/index.php?rest_route=\/wp\/v2\/types\/post"}],"author":[{"embeddable":true,"href":"https:\/\/notipampa.com\/index.php?rest_route=\/wp\/v2\/users\/1"}],"replies":[{"embeddable":true,"href":"https:\/\/notipampa.com\/index.php?rest_route=%2Fwp%2Fv2%2Fcomments&post=2100"}],"version-history":[{"count":1,"href":"https:\/\/notipampa.com\/index.php?rest_route=\/wp\/v2\/posts\/2100\/revisions"}],"predecessor-version":[{"id":2102,"href":"https:\/\/notipampa.com\/index.php?rest_route=\/wp\/v2\/posts\/2100\/revisions\/2102"}],"wp:featuredmedia":[{"embeddable":true,"href":"https:\/\/notipampa.com\/index.php?rest_route=\/wp\/v2\/media\/2101"}],"wp:attachment":[{"href":"https:\/\/notipampa.com\/index.php?rest_route=%2Fwp%2Fv2%2Fmedia&parent=2100"}],"wp:term":[{"taxonomy":"category","embeddable":true,"href":"https:\/\/notipampa.com\/index.php?rest_route=%2Fwp%2Fv2%2Fcategories&post=2100"},{"taxonomy":"post_tag","embeddable":true,"href":"https:\/\/notipampa.com\/index.php?rest_route=%2Fwp%2Fv2%2Ftags&post=2100"}],"curies":[{"name":"wp","href":"https:\/\/api.w.org\/{rel}","templated":true}]}}