{"id":2029,"date":"2021-07-21T22:05:29","date_gmt":"2021-07-22T01:05:29","guid":{"rendered":"https:\/\/notipampa.com\/?p=2029"},"modified":"2021-07-21T22:05:31","modified_gmt":"2021-07-22T01:05:31","slug":"alvear-suma-10-casos-positivos-de-covid","status":"publish","type":"post","link":"https:\/\/notipampa.com\/?p=2029","title":{"rendered":"Alvear suma 10 casos positivos de COVID."},"content":{"rendered":"\n<p>El Gobierno de la provincia de La Pampa a, trav\u00e9s del Ministerio de Salud, comunic\u00f3 que en horas de la tarde del d\u00eda 21 de julio concluy\u00f3 el procesamiento de 2.244&nbsp; muestras en los laboratorios de la Direcci\u00f3n de Epidemiolog\u00eda y del Establecimiento Asistencial Gobernador Centeno y Lucio Molas, como as\u00ed tambi\u00e9n en los diferentes Centros de Salud que analizan test de ant\u00edgenos, de las cuales 336 resultaron positivas para COVID-19.De&nbsp; ellas,107 corresponden a residentes en Santa Rosa, 81 en General Pico, 19 en General Acha, 14 en Eduardo Castex, 11 en Toay, 10 en Intendente Alvear, 10 en Caleuf\u00fa, 9 en Catril\u00f3, 8 en Realic\u00f3, 7 en General San Martin, 6 en Quem\u00fa Quem\u00fa, 5 en Ingeniero Luiggi, 5 en Macach\u00edn, 5 en Bernasconi, 4 en Colonia Bar\u00f3n, 4 en Anguil, 4 en La Adela, 4 en La Maruja, 3 en Santa Isabel, 3 en Lonquimay, 3 en Guatrach\u00e9, 3 en Monte Nievas, 2 en Trenel, 1 en Luan Toro, 1 en 25 de Mayo, 1 en Victorica, 1 en Parera, 1 en Uriburu, 1 en Alpachiri, 1 en Doblas, 1 en Dorila, 1 en Per\u00fa.<br>De 2.244 muestras analizadas en toda la Provincia, 1.815 fueron por test r\u00e1pidos y 429 por PCR.<\/p>\n\n\n\n<p><strong>Aclaraci\u00f3n sobre la carga de casos:<\/strong><br>Existe una diferencia de casos confirmados entre el Reporte Provincial y el Nacional ya que se asisten y notifican pacientes que viven en otras provincias\u00a0 que tienen domicilio legal (el que figura en el DNI) en la provincia de La Pampa.<\/p>\n\n\n\n<p><strong>Situaci\u00f3n provincial\u00a0<\/strong><br>Desde el inicio de la pandemia, en la Provincia, se registraron un total de 58.993\u00a0 casos positivos para COVID-19, de los cuales 3.201 permanecen activos, 770 han fallecido y 55.022 se han recuperado, 199 en el d\u00eda de hoy.<br>Los casos confirmados activos pertenecen a las siguientes localidades: 1.067 en Santa Rosa, 494 en General Pico, 146 en Toay, 116 en Rancul, 97 en General Acha, 89 en Intendente Alvear, 88 en Eduardo Castex, 68 en Santa Isabel, 68 en Catril\u00f3, 64 en Quem\u00fa Quem\u00fa, 63 en Trenel, 52 en Ingeniero Luiggi, 50 en Caleuf\u00fa, 43 en Realic\u00f3, 43 en Luan Toro, 42 en Colonia Bar\u00f3n, 41 en Lonquimay, 40 en 25 de Mayo, 39 en Macach\u00edn, 32 en Embajador Martini, 31 en Victorica, 29 en Alta Italia, 28 en Guatrach\u00e9, 28 en Miguel Riglos, 27 en General San Martin, 26 en La Humada, 25 en Parera, 22 en Carro Quemado, 22 en Anguil, 19 en Bernardo Larroud\u00e9, 17 en La Adela, 14 en Uriburu, 14 en La Maruja, 13 en Rol\u00f3n, 12 en General Manuel J. Campos, 11 en Tel\u00e9n, 11 en Bernasconi, 8 en Winifreda, 7 en Jacinto Arauz, 7 en Relmo, 7 en Monte Nievas, 6 en Quehu\u00e9, 6 en Arata, 6 en Ataliva Roca, 6 en Puelches, 6 en Speluzzi, 6 en Alpachiri, 5 en Chos Malal, 5 en Quetrequ\u00e9n, 4 en Mauricio Mayer , 4 en Metileo, 4 en Villa Mirasol, 4 en V\u00e9rtiz, 3 en Algarrobo del \u00c1guila, 3 en Doblas, 2 en Gobernador Duval , 2 en Puel\u00e9n, 1 en Maisonnave, 1 en Colonia Santa Teresa, 1 en Miguel Can\u00e9, 1 en Tom\u00e1s M. de Anchorena, 1 en La Reforma, 1 en Limay Mahuida, 1 en Abramo, 1 en Dorila, 1 en Per\u00fa.<br>Al d\u00eda de la fecha se encuentran aisladas un total de 6.839 personas en toda la Provincia.<\/p>\n","protected":false},"excerpt":{"rendered":"<p>El Gobierno de la provincia de La Pampa a, trav\u00e9s del Ministerio de Salud, comunic\u00f3 que en horas de la<\/p>\n","protected":false},"author":1,"featured_media":2030,"comment_status":"open","ping_status":"open","sticky":false,"template":"","format":"standard","meta":{"colormag_page_container_layout":"default_layout","colormag_page_sidebar_layout":"default_layout","footnotes":""},"categories":[6,8],"tags":[],"class_list":["post-2029","post","type-post","status-publish","format-standard","has-post-thumbnail","hentry","category-locales","category-ultimas-noticias"],"_links":{"self":[{"href":"https:\/\/notipampa.com\/index.php?rest_route=\/wp\/v2\/posts\/2029","targetHints":{"allow":["GET"]}}],"collection":[{"href":"https:\/\/notipampa.com\/index.php?rest_route=\/wp\/v2\/posts"}],"about":[{"href":"https:\/\/notipampa.com\/index.php?rest_route=\/wp\/v2\/types\/post"}],"author":[{"embeddable":true,"href":"https:\/\/notipampa.com\/index.php?rest_route=\/wp\/v2\/users\/1"}],"replies":[{"embeddable":true,"href":"https:\/\/notipampa.com\/index.php?rest_route=%2Fwp%2Fv2%2Fcomments&post=2029"}],"version-history":[{"count":1,"href":"https:\/\/notipampa.com\/index.php?rest_route=\/wp\/v2\/posts\/2029\/revisions"}],"predecessor-version":[{"id":2031,"href":"https:\/\/notipampa.com\/index.php?rest_route=\/wp\/v2\/posts\/2029\/revisions\/2031"}],"wp:featuredmedia":[{"embeddable":true,"href":"https:\/\/notipampa.com\/index.php?rest_route=\/wp\/v2\/media\/2030"}],"wp:attachment":[{"href":"https:\/\/notipampa.com\/index.php?rest_route=%2Fwp%2Fv2%2Fmedia&parent=2029"}],"wp:term":[{"taxonomy":"category","embeddable":true,"href":"https:\/\/notipampa.com\/index.php?rest_route=%2Fwp%2Fv2%2Fcategories&post=2029"},{"taxonomy":"post_tag","embeddable":true,"href":"https:\/\/notipampa.com\/index.php?rest_route=%2Fwp%2Fv2%2Ftags&post=2029"}],"curies":[{"name":"wp","href":"https:\/\/api.w.org\/{rel}","templated":true}]}}