{"id":19440,"date":"2026-09-04T12:45:58","date_gmt":"2026-09-04T15:45:58","guid":{"rendered":"https:\/\/notipampa.com\/?p=19440"},"modified":"2026-09-04T12:45:58","modified_gmt":"2026-09-04T15:45:58","slug":"alvear-el-municipio-trabaja-en-la-actualizacion-del-sistema-de-videovigilancia-urbana","status":"publish","type":"post","link":"https:\/\/notipampa.com\/?p=19440","title":{"rendered":"Alvear: El Municipio trabaja en la actualizaci\u00f3n del sistema de videovigilancia urbana"},"content":{"rendered":"\n<p class=\"wp-block-paragraph\"><strong>La Municipalidad de Intendente Alvear avanza en un proyecto de actualizaci\u00f3n y fortalecimiento del sistema de videovigilancia urbana, un servicio que se encuentra operativo en la localidad desde hace varios a\u00f1os. Actualmente, el sistema cuenta con 26 c\u00e1maras instaladas, de las cuales 25 se encuentran en funcionamiento. La \u00fanica c\u00e1mara fuera de servicio presenta una falla t\u00e9cnica y ser\u00e1 reemplazada en el marco de las mejoras previstas.<\/strong><\/p>\n\n\n\n<p class=\"wp-block-paragraph\">Desde el Municipio destacaron que se trata de un sistema que fue dise\u00f1ado originalmente con equipamiento de alta calidad y que, pese al paso del tiempo, contin\u00faa funcionando y ofreciendo buenas prestaciones. No obstante, el avance tecnol\u00f3gico hace necesario realizar actualizaciones peri\u00f3dicas tanto en los dispositivos como en la infraestructura del centro de monitoreo.<\/p>\n\n\n\n<p class=\"wp-block-paragraph\">En este marco, se mantuvo una reuni\u00f3n con autoridades de la COSERIA, entidad que particip\u00f3 oportunamente en la implementaci\u00f3n del proyecto y que actualmente interviene en el mantenimiento del sistema. Durante el encuentro se analizaron alternativas para incorporar nuevos puntos de monitoreo, reemplazar el equipo fuera de servicio y modernizar distintos componentes del centro de monitoreo, como fuentes, servidores y otros dispositivos necesarios para garantizar el funcionamiento del sistema.<\/p>\n\n\n\n<p class=\"wp-block-paragraph\">\u201cEs un servicio que se pens\u00f3 muy bien desde el comienzo, con elementos de muy buena calidad, y por eso todav\u00eda tenemos c\u00e1maras que contin\u00faan funcionando correctamente. Pero la tecnolog\u00eda avanza y nosotros tambi\u00e9n tenemos que avanzar, renovando y mejorando el sistema\u201d, se\u00f1al\u00f3 la intendenta Agustina Garc\u00eda.<\/p>\n\n\n\n<p class=\"wp-block-paragraph\">La propuesta contempla mantener las c\u00e1maras actualmente instaladas, dado que contin\u00faan funcionando correctamente, y ampliar progresivamente la cobertura mediante la incorporaci\u00f3n de nuevos puntos de videovigilancia. Asimismo, se prev\u00e9 elevar al Ministerio de Seguridad de La Pampa un proyecto espec\u00edfico para la instalaci\u00f3n de c\u00e1maras en sectores vinculados a las rutas, teniendo en cuenta que se trata de jurisdicci\u00f3n provincial.<\/p>\n\n\n\n<p class=\"wp-block-paragraph\">El proyecto de actualizaci\u00f3n ya cuenta con un relevamiento preliminar de los equipos que requieren renovaci\u00f3n y de las nuevas incorporaciones necesarias, junto con una estimaci\u00f3n de costos. Actualmente, el Municipio se encuentra a la espera del informe final con los valores definitivos para avanzar en la planificaci\u00f3n de las pr\u00f3ximas etapas.<\/p>\n","protected":false},"excerpt":{"rendered":"<p>La Municipalidad de Intendente Alvear avanza en un proyecto de actualizaci\u00f3n y fortalecimiento del sistema de videovigilancia urbana, un servicio<\/p>\n","protected":false},"author":1,"featured_media":19441,"comment_status":"open","ping_status":"open","sticky":false,"template":"","format":"standard","meta":{"colormag_page_container_layout":"default_layout","colormag_page_sidebar_layout":"default_layout","footnotes":""},"categories":[6,8],"tags":[],"class_list":["post-19440","post","type-post","status-publish","format-standard","has-post-thumbnail","hentry","category-locales","category-ultimas-noticias"],"_links":{"self":[{"href":"https:\/\/notipampa.com\/index.php?rest_route=\/wp\/v2\/posts\/19440","targetHints":{"allow":["GET"]}}],"collection":[{"href":"https:\/\/notipampa.com\/index.php?rest_route=\/wp\/v2\/posts"}],"about":[{"href":"https:\/\/notipampa.com\/index.php?rest_route=\/wp\/v2\/types\/post"}],"author":[{"embeddable":true,"href":"https:\/\/notipampa.com\/index.php?rest_route=\/wp\/v2\/users\/1"}],"replies":[{"embeddable":true,"href":"https:\/\/notipampa.com\/index.php?rest_route=%2Fwp%2Fv2%2Fcomments&post=19440"}],"version-history":[{"count":1,"href":"https:\/\/notipampa.com\/index.php?rest_route=\/wp\/v2\/posts\/19440\/revisions"}],"predecessor-version":[{"id":19442,"href":"https:\/\/notipampa.com\/index.php?rest_route=\/wp\/v2\/posts\/19440\/revisions\/19442"}],"wp:featuredmedia":[{"embeddable":true,"href":"https:\/\/notipampa.com\/index.php?rest_route=\/wp\/v2\/media\/19441"}],"wp:attachment":[{"href":"https:\/\/notipampa.com\/index.php?rest_route=%2Fwp%2Fv2%2Fmedia&parent=19440"}],"wp:term":[{"taxonomy":"category","embeddable":true,"href":"https:\/\/notipampa.com\/index.php?rest_route=%2Fwp%2Fv2%2Fcategories&post=19440"},{"taxonomy":"post_tag","embeddable":true,"href":"https:\/\/notipampa.com\/index.php?rest_route=%2Fwp%2Fv2%2Ftags&post=19440"}],"curies":[{"name":"wp","href":"https:\/\/api.w.org\/{rel}","templated":true}]}}