{"id":19437,"date":"2026-09-04T09:11:52","date_gmt":"2026-09-04T12:11:52","guid":{"rendered":"https:\/\/notipampa.com\/?p=19437"},"modified":"2026-09-04T09:11:52","modified_gmt":"2026-09-04T12:11:52","slug":"milei-anuncio-la-construccion-de-una-base-naval-en-tierra-del-fuego-y-sanciones-a-petroleras-que-operen-en-malvinas","status":"publish","type":"post","link":"https:\/\/notipampa.com\/?p=19437","title":{"rendered":"Milei anunci\u00f3 la construcci\u00f3n de una base naval en Tierra del Fuego y sanciones a petroleras que operen en Malvinas"},"content":{"rendered":"\n<p class=\"wp-block-paragraph\"><strong>A trav\u00e9s de una cadena nacional y acompa\u00f1ado por todo el Gabinete, el Presidente dijo que enviar\u00e1 un paquete de proyectos al Congreso con el fin de resguardar la soberan\u00eda en las Islas. \u201cSon argentinas por historia y por derecho, no hay discusi\u00f3n al respecto\u201d, resalt\u00f3 el jefe de Estado al iniciar su comunicado<\/strong><\/p>\n\n\n\n<p class=\"wp-block-paragraph\">El presidente<a href=\"https:\/\/www.infobae.com\/tag\/javier-milei\/\" target=\"_blank\" rel=\"noopener\"><strong>Javier Milei<\/strong><\/a>&nbsp;dio este jueves una cadena nacional en la que&nbsp;<strong>reafirm\u00f3 un fuerte reclamo de soberan\u00eda argentina sobre las islas Malvinas<\/strong>. En ese mensaje, anunci\u00f3 que enviar\u00e1 al Congreso un paquete de medidas, anticip\u00f3 sanciones para las empresas que intenten explotar recursos en las inmediaciones del archipi\u00e9lago y<strong>&nbsp;comunic\u00f3 la construcci\u00f3n de una base naval en Tierra del Fuego<\/strong>.<\/p>\n\n\n\n<p class=\"wp-block-paragraph\"><strong>\u201cLas Malvinas son argentinas por historia y por derecho, no hay discusi\u00f3n al respecto\u201d<\/strong>, sostuvo el mandatario al inicio del mensaje oficial. Tras hacer referencia al reclamo hist\u00f3rico que encuentra sus or\u00edgenes desde la \u00e9poca colonial, asever\u00f3 que no era suficiente el solo hecho de recordar al archipi\u00e9lago como parte del territorio nacional.<\/p>\n\n\n\n<p class=\"wp-block-paragraph\">En este sentido, Milei enfatiz\u00f3 que \u201cel Estado argentino tiene la obligaci\u00f3n de utilizar todas las herramientas diplom\u00e1ticas, econ\u00f3micas, judiciales y legales disponibles para defender nuestra soberan\u00eda y nuestros recursos\u201d. As\u00ed, anunci\u00f3&nbsp;<a href=\"https:\/\/www.infobae.com\/politica\/2026\/09\/04\/punto-por-punto-cuales-son-las-medidas-que-anuncio-javier-milei-en-el-reclamo-de-soberania-sobre-las-islas-malvinas\/\" target=\"_blank\" rel=\"noopener\"><strong>un paquete de medidas en torno a la cuesti\u00f3n Malvinas<\/strong><\/a>.<\/p>\n\n\n\n<p class=\"wp-block-paragraph\">Mientras que una parte estar\u00e1 conformada por una serie de proyectos que ser\u00e1n enviados al Congreso de la Naci\u00f3n, el mandatario anticip\u00f3 un&nbsp;<strong>aumento en el presupuesto asignado a la defensa nacional<\/strong>. La reasignaci\u00f3n de recursos fue oficializada el viernes a la madrugada, por medio de la publicaci\u00f3n de un&nbsp;<strong>Decreto de Necesidad y Urgencia (DNU) N\u00b0 867\/2026<\/strong>&nbsp;en el Bolet\u00edn Oficial.<\/p>\n\n\n\n<p class=\"wp-block-paragraph\">\u201cEso exige leyes adecuadas, organismos del Estado coordinados y herramientas efectivas para avanzar en un objetivo que trasciende a cualquier gobierno\u201d, consider\u00f3 Milei. En este sentido, busc\u00f3 dejar en claro que&nbsp;<strong>\u201clas Malvinas no pertenecen a un gobierno ni a un partido pol\u00edtico, es una causa nacional\u201d<\/strong>.<\/p>\n\n\n\n<p class=\"wp-block-paragraph\">En su mensaje, el jefe de Estado advirti\u00f3 que desde hace 50 a\u00f1os, la Organizaci\u00f3n de las Naciones Unidas (ONU) solicita a la Argentina y al Reino Unido no realizar acciones unilaterales sobre el territorio mientras se resuelve la controversia de soberan\u00eda, incluyendo la explotaci\u00f3n de sus recursos naturales.<\/p>\n\n\n\n<p class=\"wp-block-paragraph\">A pesar de ello, cuestion\u00f3 el avance del<strong>&nbsp;proyecto Sea Lion<\/strong>, tras considerarlo \u201cespecialmente grave\u201d porque, por primera vez en la historia, implicar\u00e1&nbsp;<strong>\u201cla extracci\u00f3n de un recurso no renovable que pertenece a los argentinos\u201d<\/strong>.<\/p>\n\n\n\n<p class=\"wp-block-paragraph\"><strong>\u201cSi no actuamos, en pocos meses tendr\u00e1n la capacidad material de apropiarse de las reservas de petr\u00f3leo que yacen bajo nuestro mar\u201d<\/strong>, enfatiz\u00f3 Milei al indicar que las actividades petroleras estar\u00edan pr\u00f3ximas a profundizarse. Sobre todo, despu\u00e9s de que se concluyera la primera fase de extracci\u00f3n y las empresas&nbsp;<strong>Rockhopper Exploration<\/strong>&nbsp;(Reino Unido) y<strong>&nbsp;Navitas Petroleum<\/strong>&nbsp;(Israel) confirmaran la inversi\u00f3n necesaria para financiar el programa.<\/p>\n\n\n\n<p class=\"wp-block-paragraph\"><strong>\u201cEl avance de esta explotaci\u00f3n generar\u00e1 un incentivo para que el Reino Unido profundice la ocupaci\u00f3n de las Islas y contin\u00fae explotando nuestros recursos\u201d<\/strong>, insisti\u00f3. En respuesta a esto, el presidente explic\u00f3 que el DNU Malvinas se bas\u00f3 en tres objetivos pensados para defender la soberan\u00eda nacional tanto sobre el archipi\u00e9lago como de los recursos estrat\u00e9gicos.<\/p>\n\n\n\n<p class=\"wp-block-paragraph\">El primero de ellos hizo referencia al env\u00edo de informaci\u00f3n de los distintos organismos del Estado que tomen conocimiento de los incumplimientos legales a Canciller\u00eda para que pueda impulsar las sanciones, mientras que el segundo busca reglamentar el procedimiento para darle mayor coordinaci\u00f3n y celeridad.<\/p>\n\n\n\n<p class=\"wp-block-paragraph\">El \u00faltimo punto ordena la incorporaci\u00f3n de las declaraciones juradas en tr\u00e1mites hidrocarbur\u00edferos y el RIGI para asegurar el cumplimiento de la ley. De esta manera, se evitar\u00eda que se permitan actividades a aquellos que est\u00e1n explotando en la Plataforma Continental Argentina sin reconocer nuestra soberan\u00eda.<\/p>\n\n\n\n<p class=\"wp-block-paragraph\">Aunque se\u00f1al\u00f3 que \u201cla<strong>&nbsp;Ley N\u00b0 26.659<\/strong>&nbsp;(de Hidrocarburos) tiene gran relevancia para sancionar a quienes no reconocen nuestra soberan\u00eda y avanzan en la explotaci\u00f3n de nuestros recursos&#8221;, Milei plante\u00f3 la necesidad de modificarla para reforzar la defensa nacional.<\/p>\n\n\n\n<p class=\"wp-block-paragraph\">Por esto, destac\u00f3 que el fin \u00faltimo de esta reforma ser\u00eda: \u201cMejorar las herramientas que nos otorga actualmente para combatir este avance sobre el territorio argentino, endurecer sus sanciones y ampliar su alcance para&nbsp;<strong>extender ciertas consecuencias, tanto penales como administrativas<\/strong>, a las empresas que presten servicios a aquellos que realizan explotaciones hidrocarbur\u00edferas\u201d.<\/p>\n\n\n\n<p class=\"wp-block-paragraph\">Por otro lado, comunic\u00f3 que el&nbsp;<strong>Proyecto de Ley de Defensa de la Soberan\u00eda Nacional<\/strong>&nbsp;crear\u00e1 un&nbsp;<strong>Consejo de Seguridad Nacional<\/strong>&nbsp;para fortalecer la pol\u00edtica de seguridad nacional y garantizar su aplicaci\u00f3n de forma transversal.&nbsp;<strong>\u201cEsto permitir\u00e1 una estrategia coordinada en la defensa de la soberan\u00eda y del territorio nacional, y en la recuperaci\u00f3n de las Islas Malvinas\u201d<\/strong>, detall\u00f3.<\/p>\n\n\n\n<p class=\"wp-block-paragraph\">\u201cTambi\u00e9n establecer\u00e1 un&nbsp;<strong>r\u00e9gimen de protecci\u00f3n de infraestructuras cr\u00edticas y un marco de protecci\u00f3n aeroespacial y mar\u00edtima<\/strong>&nbsp;-continu\u00f3-. De este modo, se profundiza en la protecci\u00f3n ante posibles ataques de todo tipo a la integridad territorial de nuestro pa\u00eds\u201d.<\/p>\n\n\n\n<h2 class=\"wp-block-heading\">La construcci\u00f3n de la Base Naval Integrada de Ushuaia<\/h2>\n\n\n\n<p class=\"wp-block-paragraph\">Tras anunciar el incremento de recursos destinados al&nbsp;<strong>Ministerio de Defensa<\/strong>, el presidente anticip\u00f3 que se avanzar\u00e1 en la construcci\u00f3n de una Base Naval Integrada. Esta se ubicar\u00e1 en el&nbsp;<strong>Puerto Oriental de Ushuaia<\/strong>, en la provincia de&nbsp;<strong>Tierra del Fuego<\/strong>, y buscar\u00e1 \u201cincrementar nuestras capacidades en telecomunicaciones\u201d.<\/p>\n\n\n\n<p class=\"wp-block-paragraph\"><strong>\u201cLa Base permitir\u00e1 convertir a la Argentina en un polo log\u00edstico central del Atl\u00e1ntico Sur y fortalecer nuestra proyecci\u00f3n geopol\u00edtica en una regi\u00f3n estrat\u00e9gica para el futuro del pa\u00eds\u201d<\/strong>, valor\u00f3 sobre el punto clave seleccionado. Adem\u00e1s, all\u00ed tambi\u00e9n se sit\u00faa elComando del \u00c1rea Naval Austral.<\/p>\n\n\n\n<p class=\"wp-block-paragraph\">Al destacar la importancia del proyecto, Milei remarc\u00f3 que&nbsp;<strong>\u201cdefender nuestra soberan\u00eda requiere pensar en las pr\u00f3ximas generaciones y no solamente en la pr\u00f3xima elecci\u00f3n\u201d<\/strong>. Y agreg\u00f3: \u201cPara eso, la Argentina necesita recuperar su capacidad de pensar estrat\u00e9gicamente, fortalecer a sus Fuerzas Armadas y construir una verdadera pol\u00edtica de seguridad nacional de largo plazo\u201d.<\/p>\n\n\n\n<p class=\"wp-block-paragraph\">\u201cLa seguridad nacional no es solamente la defensa f\u00edsica de nuestro territorio. Tambi\u00e9n significa proteger nuestros recursos estrat\u00e9gicos, nuestra econom\u00eda, nuestra infraestructura cr\u00edtica y nuestra capacidad de decidir nuestro propio futuro\u201d, enfatiz\u00f3.<\/p>\n\n\n\n<p class=\"wp-block-paragraph\">Por este motivo, consider\u00f3 que las \u00e1reas de \u201cDefensa, Seguridad, Inteligencia, Canciller\u00eda y Econom\u00eda deben actuar de manera coordinada\u201d. Finalmente, concluy\u00f3 que \u201cuna Argentina pr\u00f3spera, pol\u00edticamente relevante y militarmente respetable est\u00e1 en mejores condiciones de defender su territorio, sus recursos y su soberan\u00eda\u201d.<\/p>\n\n\n\n<h2 class=\"wp-block-heading\">C\u00f3mo se dio el retorno a la agenda de la causa Malvinas<\/h2>\n\n\n\n<p class=\"wp-block-paragraph\">El tema Malvinas volvi\u00f3 a instalarse el 31 de agosto, cuando el presidente&nbsp;<strong>Donald Trump<\/strong>&nbsp;fue consultado en la Oficina Oval sobre una&nbsp;<strong>eventual revisi\u00f3n de la posici\u00f3n de neutralidad de Estados Unidos en la disputa de soberan\u00eda entre la Argentina y el Reino Unido<\/strong>.<\/p>\n\n\n\n<p class=\"wp-block-paragraph\">Frente a esto, el mandatario estadounidense respondi\u00f3 que revisa todas las posiciones y que esa era \u201csolo una de muchas\u201d, en un contexto de presiones de Washington a Londres para que incremente su inversi\u00f3n en defensa dentro de la Organizaci\u00f3n del Tratado del Atl\u00e1ntico Norte (OTAN).<\/p>\n\n\n\n<p class=\"wp-block-paragraph\">Sus dichos motivaron una<strong>&nbsp;respuesta del Reino Unido y de la administraci\u00f3n brit\u00e1nica de las islas<\/strong>, que ratificaron la soberan\u00eda brit\u00e1nica y el respaldo al derecho de autodeterminaci\u00f3n de los habitantes del archipi\u00e9lago. El debate coincidi\u00f3, adem\u00e1s, con la discusi\u00f3n en Londres sobre el acuerdo con Mauricio por el archipi\u00e9lago de Chagos, citado por la Argentina como antecedente de una controversia territorial resuelta por medios pac\u00edficos.<\/p>\n\n\n\n<p class=\"wp-block-paragraph\">En paralelo, tambi\u00e9n avanzaba el proyecto petrolero Sea Lion, en la Cuenca Malvinas Norte. Navitas Petroleum y Rockhopper Exploration hab\u00edan comunicado en diciembre de 2025 la decisi\u00f3n final de inversi\u00f3n para la primera etapa del desarrollo.<\/p>\n\n\n\n<p class=\"wp-block-paragraph\">Aunque la Canciller\u00eda argentina hab\u00eda rechazado esa iniciativa, tras considerarla una explotaci\u00f3n unilateral de recursos en un \u00e1rea alcanzada por la disputa de soberan\u00eda, esto no detuvo a las petroleras extranjeras.<\/p>\n\n\n\n<h2 class=\"wp-block-heading\">Los detalles de la actividad de las petroleras en Malvinas<\/h2>\n\n\n\n<p class=\"wp-block-paragraph\"><a href=\"https:\/\/www.infobae.com\/economia\/2026\/09\/04\/que-es-sea-lion-el-proyecto-petrolero-en-las-islas-malvinas-que-el-gobierno-rechaza\/\" target=\"_blank\" rel=\"noopener\"><strong>La israel\u00ed Navitas Petroleum y la brit\u00e1nica Rockhopper Exploration avanzan en el desarrollo del yacimiento offshore Sea Lion<\/strong><\/a>, situado en la Cuenca Malvinas Norte, a unos 220 kil\u00f3metros al norte de las Islas Malvinas y a aproximadamente 240 kil\u00f3metros de Puerto Argentino.<\/p>\n\n\n\n<p class=\"wp-block-paragraph\">El campo fue descubierto en 2010 por Rockhopper, que posee el 35% del proyecto, mientras que Navitas controla el otro 65%. Tras a\u00f1os de exploraci\u00f3n, en diciembre de 2025, las compa\u00f1\u00edas comunicaron la decisi\u00f3n final de inversi\u00f3n para la primera fase. Navitas inform\u00f3 una inversi\u00f3n de USD 1.170 millones para esa etapa.<\/p>\n\n\n\n<p class=\"wp-block-paragraph\">No obstante, poco despu\u00e9s se confirm\u00f3 que&nbsp;<strong>la Fase 1 contemplaba una inversi\u00f3n total de USD 1.800 millones, una producci\u00f3n estimada de 50.000 barriles diarios y planificaba el comienzo de las extracciones en 2028<\/strong>. Las estimaciones sobre el volumen recuperable mencionadas en las notas rondan los 819 millones de barriles.<\/p>\n\n\n\n<p class=\"wp-block-paragraph\">La Canciller\u00eda argentina rechaz\u00f3 el desarrollo del yacimiento y sostuvo que las empresas no contaban con autorizaci\u00f3n de las autoridades competentes del pa\u00eds. Tambi\u00e9n calific\u00f3 la iniciativa como una&nbsp;<strong>explotaci\u00f3n unilateral de recursos naturales en un \u00e1rea sujeta a una disputa de soberan\u00eda con el Reino Unido<\/strong>. En ese sentido, cit\u00f3 las resoluciones 2065 y 31\/49 de la Asamblea General de las Naciones Unidas.<\/p>\n\n\n\n<p class=\"wp-block-paragraph\">En l\u00ednea con esto, el Gobierno record\u00f3 que\u00a0<strong>Rockhopper Exploration fue declarada clandestina e inhabilitada para operar en la Argentina durante 20 a\u00f1os<\/strong>\u00a0mediante la Resoluci\u00f3n 133\/2012 de la Secretar\u00eda de Energ\u00eda. Asimismo, Navitas Petroleum hab\u00eda recibido una sanci\u00f3n equivalente a trav\u00e9s de la Resoluci\u00f3n 240\/2022, por operaciones hidrocarbur\u00edferas sin habilitaci\u00f3n argentina. Esto tambi\u00e9n alcanza a las concesiones, las contrataciones de proveedores y otras acciones asociadas con el avance del proyecto hacia su etapa productiva.<\/p>\n\n\n\n<p class=\"wp-block-paragraph\">Seg\u00fan precis\u00f3 este jueves el medio brit\u00e1nico&nbsp;<em>The Telegraph<\/em>,&nbsp;<strong>las empresas Rockhopper y Navitas planean comenzar a perforar el yacimiento offshore Sea Lion en los pr\u00f3ximos meses<\/strong>. Incluso, revelaron que existe la posibilidad de \u201cenviar petr\u00f3leo de regreso a Europa y al Reino Unido desde principios de 2028\u201d.<\/p>\n\n\n\n<p class=\"wp-block-paragraph\">De la misma manera, el medio europeo indic\u00f3 que \u201cel yacimiento petrolero se encuentra a unas 137 millas al norte de las islas\u201d. Asimismo, plante\u00f3 que&nbsp;<strong>hay expectativas de que se produzca petr\u00f3leo durante m\u00e1s de 30 a\u00f1os.<\/strong><\/p>\n\n\n\n<h2 class=\"wp-block-heading\">El comunicado de la Oficina del Presidente tras la cadena nacional<\/h2>\n\n\n\n<p class=\"wp-block-paragraph\">Luego de que concluyera la transmisi\u00f3n oficial, el presidente dispuso la firma de un decreto reglamentario y el env\u00edo al Congreso de un proyecto de&nbsp;<strong>Ley de Defensa de la Soberan\u00eda Nacional<\/strong>&nbsp;frente al avance del proyecto Sea Lion, vinculado con la explotaci\u00f3n de petr\u00f3leo en las Islas Malvinas.<\/p>\n\n\n\n<p class=\"wp-block-paragraph\">Por medio de un comunicado emitido por la&nbsp;<strong>Oficina del Presidente<\/strong>, sostuvo que la iniciativa avanza \u201csin autorizaci\u00f3n de la Rep\u00fablica Argentina\u201d y defini\u00f3 la situaci\u00f3n como<strong>&nbsp;una amenaza sobre los recursos naturales del pa\u00eds en el Atl\u00e1ntico Sur<\/strong>.<\/p>\n\n\n\n<p class=\"wp-block-paragraph\">Las Islas Malvinas, Georgias del Sur y Sandwich del Sur, y los espacios mar\u00edtimos e insulares correspondientes, son argentinos. Por historia y por derecho\u201d, afirm\u00f3. Adem\u00e1s, record\u00f3 que&nbsp;<strong>el Reino Unido ocup\u00f3 las Malvinas en 1833, expuls\u00f3 a las autoridades argentinas e instal\u00f3 una situaci\u00f3n colonial que persiste hasta la actualidad<\/strong>.<\/p>\n\n\n\n<p class=\"wp-block-paragraph\">Al mencionar el desarrollo de Sea Lion, el mandatario apunt\u00f3 que \u201cel Estado argentino tiene la obligaci\u00f3n de utilizar todas las herramientas diplom\u00e1ticas, econ\u00f3micas, judiciales y legales disponibles para defender nuestra soberan\u00eda y nuestros recursos\u201d.<\/p>\n\n\n\n<p class=\"wp-block-paragraph\">La Casa Rosada tambi\u00e9n alert\u00f3 que, si no se toman medidas, \u201cen pocos meses tendr\u00e1n la capacidad material de apropiarse de las reservas de petr\u00f3leo que yacen bajo nuestro mar\u201d. Seg\u00fan el Gobierno, la actividad petrolera puede consolidar incentivos para que el Reino Unido profundice su presencia en las Islas y mantenga la explotaci\u00f3n de recursos bajo disputa.<\/p>\n\n\n\n<p class=\"wp-block-paragraph\">El texto que el Poder Ejecutivo enviar\u00e1 al&nbsp;<strong>Honorable Congreso de la Naci\u00f3n<\/strong>&nbsp;contempla la creaci\u00f3n de un&nbsp;<strong>Consejo de Seguridad Nacional<\/strong>, que tendr\u00e1 la funci\u00f3n de definir una pol\u00edtica en la materia y garantizar su aplicaci\u00f3n transversal en las \u00e1reas del Estado.<\/p>\n\n\n\n<p class=\"wp-block-paragraph\">La iniciativa tambi\u00e9n incluir\u00e1 un r\u00e9gimen de protecci\u00f3n de infraestructuras cr\u00edticas y un marco de protecci\u00f3n aeroespacial y mar\u00edtima. El objetivo es reforzar la capacidad estatal ante posibles ataques contra la integridad territorial argentina.<\/p>\n\n\n\n<p class=\"wp-block-paragraph\">\u201cLa Defensa, la Seguridad Nacional, la Inteligencia de Estado, la Canciller\u00eda y el Ministerio de Econom\u00eda deben actuar de manera coordinada\u201d, sostuvo la Oficina del Presidente. El mensaje agreg\u00f3 que una Argentina \u201cpol\u00edticamente relevante y militarmente respetable\u201d cuenta con mejores condiciones para defender su territorio, sus recursos y su soberan\u00eda.<\/p>\n\n\n\n<p class=\"wp-block-paragraph\">El Gobierno present\u00f3 la cuesti\u00f3n Malvinas como una pol\u00edtica que debe trascender a las administraciones y a las diferencias partidarias. \u201cMalvinas no pertenece a un gobierno ni a un partido pol\u00edtico. Es una causa nacional\u201d, indic\u00f3. Por esto, concluy\u00f3 la declaraci\u00f3n con un llamado a que los argentinos presenten \u201cun frente unido al mundo\u201d y a que la defensa de la soberan\u00eda contemple a las pr\u00f3ximas generaciones, m\u00e1s all\u00e1 de los ciclos electorales.<\/p>\n","protected":false},"excerpt":{"rendered":"<p>A trav\u00e9s de una cadena nacional y acompa\u00f1ado por todo el Gabinete, el Presidente dijo que enviar\u00e1 un paquete de<\/p>\n","protected":false},"author":1,"featured_media":19438,"comment_status":"open","ping_status":"open","sticky":false,"template":"","format":"standard","meta":{"colormag_page_container_layout":"default_layout","colormag_page_sidebar_layout":"default_layout","footnotes":""},"categories":[5,7,8],"tags":[],"class_list":["post-19437","post","type-post","status-publish","format-standard","has-post-thumbnail","hentry","category-nacionales","category-politica","category-ultimas-noticias"],"_links":{"self":[{"href":"https:\/\/notipampa.com\/index.php?rest_route=\/wp\/v2\/posts\/19437","targetHints":{"allow":["GET"]}}],"collection":[{"href":"https:\/\/notipampa.com\/index.php?rest_route=\/wp\/v2\/posts"}],"about":[{"href":"https:\/\/notipampa.com\/index.php?rest_route=\/wp\/v2\/types\/post"}],"author":[{"embeddable":true,"href":"https:\/\/notipampa.com\/index.php?rest_route=\/wp\/v2\/users\/1"}],"replies":[{"embeddable":true,"href":"https:\/\/notipampa.com\/index.php?rest_route=%2Fwp%2Fv2%2Fcomments&post=19437"}],"version-history":[{"count":1,"href":"https:\/\/notipampa.com\/index.php?rest_route=\/wp\/v2\/posts\/19437\/revisions"}],"predecessor-version":[{"id":19439,"href":"https:\/\/notipampa.com\/index.php?rest_route=\/wp\/v2\/posts\/19437\/revisions\/19439"}],"wp:featuredmedia":[{"embeddable":true,"href":"https:\/\/notipampa.com\/index.php?rest_route=\/wp\/v2\/media\/19438"}],"wp:attachment":[{"href":"https:\/\/notipampa.com\/index.php?rest_route=%2Fwp%2Fv2%2Fmedia&parent=19437"}],"wp:term":[{"taxonomy":"category","embeddable":true,"href":"https:\/\/notipampa.com\/index.php?rest_route=%2Fwp%2Fv2%2Fcategories&post=19437"},{"taxonomy":"post_tag","embeddable":true,"href":"https:\/\/notipampa.com\/index.php?rest_route=%2Fwp%2Fv2%2Ftags&post=19437"}],"curies":[{"name":"wp","href":"https:\/\/api.w.org\/{rel}","templated":true}]}}