{"id":19430,"date":"2026-09-04T08:58:27","date_gmt":"2026-09-04T11:58:27","guid":{"rendered":"https:\/\/notipampa.com\/?p=19430"},"modified":"2026-09-04T08:58:27","modified_gmt":"2026-09-04T11:58:27","slug":"alumbrado-publico-alvear-alcanzara-mas-del-70-con-iluminacion-led","status":"publish","type":"post","link":"https:\/\/notipampa.com\/?p=19430","title":{"rendered":"Alumbrado p\u00fablico: Alvear alcanzar\u00e1 m\u00e1s del 70% con iluminaci\u00f3n LED"},"content":{"rendered":"\n<p class=\"wp-block-paragraph\"><strong>La Secretar\u00eda de Energ\u00eda y Miner\u00eda entreg\u00f3 177 nuevas luminarias LED a Intendente Alvear, en el marco de la Tercera Etapa del Plan de Alumbrado P\u00fablico Eficiente e Inteligente. La incorporaci\u00f3n permitir\u00e1 que la localidad alcance m\u00e1s del 70% de cobertura de su alumbrado p\u00fablico con tecnolog\u00eda LED, consolidando el proceso de modernizaci\u00f3n y eficiencia energ\u00e9tica promovido por el gobernador Sergio Ziliotto en todo el territorio pampeano. \u00a0<\/strong><\/p>\n\n\n\n<p class=\"wp-block-paragraph\">Este nuevo convenio da continuidad a una pol\u00edtica p\u00fablica que avanza de manera sostenida en las localidades pampeanas, con el objetivo de modernizar el alumbrado p\u00fablico, mejorar la calidad del servicio y promover un uso m\u00e1s eficiente de la energ\u00eda.&nbsp;Participaron de la entrega el secretario de Energ\u00eda y Miner\u00eda, Mat\u00edas Toso; la subsecretaria de Energ\u00edas Renovables, Georgina Doroni; la intendenta, Agustina Garc\u00eda; el director de planificaci\u00f3n y proyectos de la subsecretar\u00eda de Energ\u00edas Renovables, Rodolfo \u00c1lvarez; concejales; funcionarios municipales y representantes de las comunidades educativas del Colegio Secundario Alicia Moreau de Justo, anfitri\u00f3n de la jornada; el Instituto Heguy de la Sagrada Familia; la Escuela Provincial de Educaci\u00f3n T\u00e9cnica N\u00b0 7 y el Instituto Comercial Nuestra Se\u00f1ora de Luj\u00e1n.&nbsp;Al igual que en las etapas anteriores, la ubicaci\u00f3n de las luminarias se planifica de manera articulada con el equipo de la subsecretar\u00eda de Energ\u00edas Renovables y los municipios, a partir del conocimiento que cada gobierno local tiene de su territorio y de la identificaci\u00f3n de aquellos sectores donde el recambio puede generar un mayor impacto urbano y social.<\/p>\n\n\n\n<p class=\"wp-block-paragraph\"><strong>Luminarias LED y mayor eficiencia energ\u00e9tica<\/strong><br>Con estas 177 luminarias, la localidad norte\u00f1a contar\u00e1 con un total de 953 equipos LED incorporados a trav\u00e9s del Plan y llegar\u00e1 a m\u00e1s del 70% de cobertura de su alumbrado p\u00fablico con tecnolog\u00eda eficiente.<br>El proceso de recambio permite mejorar las condiciones de iluminaci\u00f3n de calles y espacios p\u00fablicos y, al mismo tiempo, reducir el consumo de energ\u00eda y optimizar los recursos destinados al servicio. Actualmente, con la incorporaci\u00f3n de esta tecnolog\u00eda, &nbsp;la localidad registra un ahorro energ\u00e9tico y econ\u00f3mico del 17%.&nbsp;\u201cPara Intendente Alvear es muy importante seguir avanzando con este Plan porque cada nueva luminaria representa una mejora concreta para nuestros vecinos y vecinas. Alcanzar m\u00e1s del 70% de iluminaci\u00f3n LED significa contar con calles y espacios p\u00fablicos mejor iluminados y, al mismo tiempo, hacer un uso m\u00e1s eficiente de la energ\u00eda y de los recursos. Es un avance muy significativo y nuestro objetivo es seguir trabajando de manera coordinada con el Gobierno provincial, la cooperativa y los vecinos de nuestra comunidad para alcanzar el 100% de cobertura LED en la localidad. Estos resultados son posibles a partir de un trabajo conjunto, donde cada actor aporta desde su lugar para seguir mejorando nuestra localidad. Valoramos que estas pol\u00edticas tengan continuidad y que, adem\u00e1s de las obras, involucren a nuestros j\u00f3venes a trav\u00e9s de propuestas como Guardianes de la Energ\u00eda.<br>Agradecemos especialmente al Colegio Secundario Alicia Moreau de Justo por recibirnos y abrir sus puertas para desarrollar esta actividad, y a todas las instituciones educativas que participaron\u201d, destac\u00f3 la intendenta, Agustina Garc\u00eda.&nbsp;Estos resultados forman parte de una pol\u00edtica provincial que combina inversi\u00f3n en infraestructura, eficiencia energ\u00e9tica, innovaci\u00f3n y equidad territorial, con el objetivo de avanzar progresivamente hacia la modernizaci\u00f3n integral del alumbrado p\u00fablico en La Pampa.<br>\u201cLas pol\u00edticas p\u00fablicas que se sostienen en el tiempo son las que pueden transformar la realidad. Una pol\u00edtica p\u00fablica es un camino, una estrategia que nos permite partir de una situaci\u00f3n y trabajar de manera planificada para modificarla. Eso es lo que venimos haciendo con este Plan avanzando localidad por localidad, junto a los municipios y las cooperativas, con continuidad, planificaci\u00f3n y presencia en el territorio.<br>Hoy el Plan ya no habla solamente de alumbrado p\u00fablico. Hablamos de eficiencia energ\u00e9tica, de seguridad vial, de trabajar con las nuevas generaciones y de entender que todos somos parte y tenemos algo para aportar para que estos cambios sucedan. Esa mirada integral responde a la decisi\u00f3n del gobernador Sergio Ziliotto de pensar la energ\u00eda como una herramienta para mejorar la calidad de vida y acompa\u00f1ar el desarrollo de nuestras comunidades\u201d, expres\u00f3 el secretario de Energ\u00eda y Miner\u00eda, Mat\u00edas Toso.<\/p>\n\n\n\n<p class=\"wp-block-paragraph\"><strong>Fortalecimiento de la Seguridad Vial<\/strong><br>El Plan de Alumbrado P\u00fablico Eficiente e Inteligente se articula, adem\u00e1s, con otras pol\u00edticas p\u00fablicas que lleva adelante el Gobierno provincial. En materia de Seguridad Vial, la Secretar\u00eda de Energ\u00eda y Miner\u00eda y la Direcci\u00f3n Provincial de Vialidad trabajan conjuntamente para mejorar las condiciones de iluminaci\u00f3n en distintos cruces de rutas provinciales. A trav\u00e9s de esta articulaci\u00f3n se proyecta reemplazar luminarias ineficientes por tecnolog\u00eda LED en puntos estrat\u00e9gicos de la red vial, mejorando la visibilidad y las condiciones de seguridad para quienes circulan por las rutas pampeanas.&nbsp;En Intendente Alvear, estas intervenciones alcanzar\u00e1n las intersecciones de las rutas provinciales N\u00b0 2 y N\u00b0 7, tanto en el sector norte, correspondiente al Cruce Ceballos, como en el sector sur, en el Cruce Ojeda.<br>\u201cTenemos un Plan que llega a las 80 localidades pampeanas y un objetivo muy claro, que es avanzar hacia el 100% del alumbrado p\u00fablico con tecnolog\u00eda LED y que La Pampa pueda convertirse en la primera provincia del pa\u00eds en alcanzar esa cobertura en todo su territorio. Es un desaf\u00edo que requiere del Estado provincial, de los municipios, de las cooperativas y tambi\u00e9n del compromiso de cada comunidad\u201d, remarc\u00f3 Toso en relaci\u00f3n al alcance territorial del Plan y el desaf\u00edo que tiene por delante.<\/p>\n\n\n\n<p class=\"wp-block-paragraph\"><strong>Guardianes de la Energ\u00eda<\/strong><br>La jornada en Intendente Alvear incluy\u00f3 tambi\u00e9n una nueva actividad de \u201cGuardianes de la Energ\u00eda\u201d, que cont\u00f3 con la participaci\u00f3n de m\u00e1s de 80 estudiantes.&nbsp;La propuesta, que acompa\u00f1a al Plan de Alumbrado P\u00fablico Eficiente e Inteligente, busca involucrar a las comunidades educativas en el uso responsable de la energ\u00eda y promover la comprensi\u00f3n sobre la importancia de contar con pol\u00edticas p\u00fablicas orientadas a su cuidado.&nbsp;El Colegio Secundario Alicia Moreau de Justo fue anfitri\u00f3n de la actividad, de la que tambi\u00e9n participaron estudiantes del Instituto Heguy de la Sagrada Familia, la Escuela Provincial de Educaci\u00f3n T\u00e9cnica N\u00b0 7, el Instituto Comercial Nuestra Se\u00f1ora de Luj\u00e1n y la Escuela de Adultos N\u00b0 9 de Educaci\u00f3n Permanente de J\u00f3venes y Adultos.&nbsp;Durante el encuentro se trabaj\u00f3 sobre los beneficios de la eficiencia energ\u00e9tica, la incorporaci\u00f3n de h\u00e1bitos responsables y el valor del trabajo colectivo para el cuidado de la energ\u00eda, promoviendo que estudiantes y comunidades educativas reconozcan su rol dentro de una pol\u00edtica que busca construir una Provincia cada vez m\u00e1s eficiente y comprometida con el uso responsable de sus recursos.&nbsp;En ese marco, se entregaron certificados que reconocen como \u201cGuardianes de la Energ\u00eda\u201d al municipio, a representantes de la Cooperativa local y a las instituciones educativas participantes, poniendo en valor el compromiso de los distintos actores de la comunidad y el trabajo articulado necesario para sostener estas pol\u00edticas p\u00fablicas en el territorio.<\/p>\n\n\n\n<figure class=\"wp-block-image size-large\"><img fetchpriority=\"high\" decoding=\"async\" width=\"1024\" height=\"576\" src=\"https:\/\/notipampa.com\/wp-content\/uploads\/2026\/09\/452968_32-1024x576.jpeg\" alt=\"\" class=\"wp-image-19432\" srcset=\"https:\/\/notipampa.com\/wp-content\/uploads\/2026\/09\/452968_32-1024x576.jpeg 1024w, https:\/\/notipampa.com\/wp-content\/uploads\/2026\/09\/452968_32-300x169.jpeg 300w, https:\/\/notipampa.com\/wp-content\/uploads\/2026\/09\/452968_32-768x432.jpeg 768w, https:\/\/notipampa.com\/wp-content\/uploads\/2026\/09\/452968_32-1536x864.jpeg 1536w, https:\/\/notipampa.com\/wp-content\/uploads\/2026\/09\/452968_32-2048x1152.jpeg 2048w\" sizes=\"(max-width: 1024px) 100vw, 1024px\" \/><\/figure>\n","protected":false},"excerpt":{"rendered":"<p>La Secretar\u00eda de Energ\u00eda y Miner\u00eda entreg\u00f3 177 nuevas luminarias LED a Intendente Alvear, en el marco de la Tercera<\/p>\n","protected":false},"author":1,"featured_media":19431,"comment_status":"open","ping_status":"open","sticky":false,"template":"","format":"standard","meta":{"colormag_page_container_layout":"default_layout","colormag_page_sidebar_layout":"default_layout","footnotes":""},"categories":[6,8],"tags":[],"class_list":["post-19430","post","type-post","status-publish","format-standard","has-post-thumbnail","hentry","category-locales","category-ultimas-noticias"],"_links":{"self":[{"href":"https:\/\/notipampa.com\/index.php?rest_route=\/wp\/v2\/posts\/19430","targetHints":{"allow":["GET"]}}],"collection":[{"href":"https:\/\/notipampa.com\/index.php?rest_route=\/wp\/v2\/posts"}],"about":[{"href":"https:\/\/notipampa.com\/index.php?rest_route=\/wp\/v2\/types\/post"}],"author":[{"embeddable":true,"href":"https:\/\/notipampa.com\/index.php?rest_route=\/wp\/v2\/users\/1"}],"replies":[{"embeddable":true,"href":"https:\/\/notipampa.com\/index.php?rest_route=%2Fwp%2Fv2%2Fcomments&post=19430"}],"version-history":[{"count":1,"href":"https:\/\/notipampa.com\/index.php?rest_route=\/wp\/v2\/posts\/19430\/revisions"}],"predecessor-version":[{"id":19433,"href":"https:\/\/notipampa.com\/index.php?rest_route=\/wp\/v2\/posts\/19430\/revisions\/19433"}],"wp:featuredmedia":[{"embeddable":true,"href":"https:\/\/notipampa.com\/index.php?rest_route=\/wp\/v2\/media\/19431"}],"wp:attachment":[{"href":"https:\/\/notipampa.com\/index.php?rest_route=%2Fwp%2Fv2%2Fmedia&parent=19430"}],"wp:term":[{"taxonomy":"category","embeddable":true,"href":"https:\/\/notipampa.com\/index.php?rest_route=%2Fwp%2Fv2%2Fcategories&post=19430"},{"taxonomy":"post_tag","embeddable":true,"href":"https:\/\/notipampa.com\/index.php?rest_route=%2Fwp%2Fv2%2Ftags&post=19430"}],"curies":[{"name":"wp","href":"https:\/\/api.w.org\/{rel}","templated":true}]}}