{"id":19427,"date":"2026-09-04T08:56:27","date_gmt":"2026-09-04T11:56:27","guid":{"rendered":"https:\/\/notipampa.com\/?p=19427"},"modified":"2026-09-04T08:56:27","modified_gmt":"2026-09-04T11:56:27","slug":"provincial-de-futbol-2026-lanzaron-oficialmente-el-torneo-emanuel-leguizamon-de-la-fuente","status":"publish","type":"post","link":"https:\/\/notipampa.com\/?p=19427","title":{"rendered":"Provincial de F\u00fatbol 2026: lanzaron oficialmente el Torneo &#8220;Emanuel Leguizam\u00f3n De La Fuente&#8221;"},"content":{"rendered":"\n<p class=\"wp-block-paragraph\"><strong>El Torneo Provincial de F\u00fatbol 2026, que llevar\u00e1 el nombre de \u201cEmanuel Leguizam\u00f3n De La Fuente\u201d, comenz\u00f3 a vivirse este jueves con la presentaci\u00f3n oficial y el sorteo de las zonas y el fixture de la competencia, que se pondr\u00e1 en marcha el 13 de septiembre.<\/strong><\/p>\n\n\n\n<p class=\"wp-block-paragraph\">El acto de lanzamiento del Torneo, que re\u00fane a los mejores 16 equipos de la temporada y es organizado por la Subsecretar\u00eda de Deportes, Recreaci\u00f3n y Turismo Social del Ministerio de Desarrollo Social y DDHH, se realiz\u00f3 esta tarde en el Sal\u00f3n de Acuerdos de Casa de Gobierno con la presencia de autoridades, dirigentes y futbolistas.<br>El subsecretario de Deportes, Ceferino Almud\u00e9var, encabez\u00f3 el evento junto al presidente de la Liga Cultural, Jos\u00e9 Clemente, el presidente de la Liga Pampeana, Luis Ov\u00edn, el vicepresidente de la Liga Regional Sure\u00f1a, Javier Keil, y el delegado provincial en el Consejo Federal, Alfredo Iturri, junto a dirigentes de los clubes participantes.<br>Adem\u00e1s, los equipos estuvieron representados por los siguientes jugadores: Lautaro Guaraglia (All Boys de Santa Rosa), Luis Gui\u00f1az\u00fa (Atl\u00e9tico Santa Rosa), Enzo Furch (Deportivo Winifreda), Javier De Olivera (La Barranca), Francisco Quiroga (Uni\u00f3n de Miguel Riglos), Mateo Rodr\u00edguez (Atl\u00e9tico Macach\u00edn), Pablo C\u00f3rdoba (Campos de General Acha), Facundo Aschemacher (El Pampero de Colonia Santa Mar\u00eda), Lucas Santucho (Alvear FBC), Lautaro Ibarra (Costa Brava), Bruno Vassallo (All Boys de Trenel), Osvaldo Yori (Estudiantil de Castex), Emiliano Otero (Racing de Castex), Daniel Eizaga (Sportivo Realic\u00f3) y Axel Mussarella (Ferro de Pico).<\/p>\n\n\n\n<p class=\"wp-block-paragraph\"><strong>Emoci\u00f3n por Ema<\/strong><br>El Provincial llevar\u00e1 el nombre de Emanuel Leguizam\u00f3n De La Fuente, en homenaje al \u00e1rbitro pampeano fallecido a principios de este a\u00f1o en un siniestro vial en el sur del pa\u00eds.<br>En ese contexto, el subsecretario entreg\u00f3 una plaqueta a familiares de Ema, representados por su mam\u00e1 Mar\u00eda Virginia, su hermano Joaqu\u00edn y su pap\u00e1 del coraz\u00f3n, Gonzalo, en lo que fue el momento m\u00e1s emotivo de la ceremonia. En el acto tambi\u00e9n estuvo presente Diego Pereyra, colega y compa\u00f1ero de Ema, y que tambi\u00e9n sufri\u00f3 el accidente.<br>\u201cNo es un evento m\u00e1s. Como hacemos siempre, en el Provincial conmemoramos a personas que han dejado una huella, y en este caso hemos decidido darle el nombre de Emanuel Leguizam\u00f3n De La Fuente, para recordar a ese joven que dej\u00f3 una marca en el f\u00fatbol y en la sociedad\u201d, destac\u00f3 Almud\u00e9var.<\/p>\n\n\n\n<p class=\"wp-block-paragraph\"><strong>El m\u00e1s importante<\/strong><br>&#8220;Es un d\u00eda especial para quienes estamos en la gesti\u00f3n deportiva diaria, porque es uno de los eventos m\u00e1s importantes que tiene la provincia, que congrega la mayor cantidad de p\u00fablico y que nos da la posibilidad de ver a los mejores futbolistas de La Pampa\u201d, subray\u00f3 el subsecretario al presentar el Provincial.<br>\u201cEs un torneo que se renueva a\u00f1o a a\u00f1o, que siempre genera expectativa, y encima venimos con un envi\u00f3n importante por lo que han sido las finales ligueras, con llenos totales en todas las canchas\u201d, agreg\u00f3. Y continu\u00f3: \u201cEso habla a las claras de un momento muy importante del f\u00fatbol de la provincia, y el corolario ser\u00e1 el Provincial, que lo vamos a vivir en una \u00e9poca linda, en la que se puede jugar en horario nocturno por las canchas iluminadas gracias a una pol\u00edtica deportiva del Gobierno de La Pampa\u201d.<br>Finalmente, Almud\u00e9var destac\u00f3 a los jugadores como \u201clos mejores del pago\u201d, e invit\u00f3 a la gente a acompa\u00f1ar porque se trata del torneo \u201cm\u00e1s importante del f\u00fatbol de La Pampa y, por qu\u00e9 no, del centro del pa\u00eds tambi\u00e9n\u201d.<\/p>\n\n\n\n<p class=\"wp-block-paragraph\"><strong>Las zonas.<\/strong><br>La hora de la verdad lleg\u00f3 cuando los ex futbolistas Mauro Barreiro y Marcos Gelabert se encargaron de extraer las bolillas durante el sorteo, designando los equipos que acompa\u00f1ar\u00edan en las respectivas zonas a los cuatro cabezas de serie: All Boys de Santa Rosa (campe\u00f3n de la Liga Cultural), Costa Brava (campe\u00f3n de la Pampeana); Atl\u00e9tico Santa Rosa (subcampe\u00f3n de la Cultural) y Ferro de Pico (subcampe\u00f3n de la Pampeana).<br>En la Zona A quedaron All Boys de Santa Rosa, Sportivo Realic\u00f3, La Barranca y Juventud Regional de Miguel Can\u00e9.<br>En la Zona B estar\u00e1n Costa Brava, Alvear FBC, El Pampero de Colonia Santa Mar\u00eda y Uni\u00f3n de Miguel Riglos.<br>La Zona C la integrar\u00e1n Atl\u00e9tico Santa Rosa, Estudiantil de Castex, All Boys de Trenel y Deportivo Winifreda.<br>Mientras que en la Zona D jugar\u00e1n Ferro de Pico, Racing de Castex, Atl\u00e9tico Macach\u00edn y Uni\u00f3n Deportiva Campos de General Acha.<br>En cada zona jugar\u00e1n todos contra todos a dos ruedas y clasificar\u00e1n a cuartos de final primero y segundo de cada grupo, defini\u00e9ndose los cruces para esa instancia de la siguiente manera: 2\u00ba Zona D vs. 1\u00ba Zona A (P1); 2\u00ba Zona C vs. 1\u00ba Zona B (P2); 2\u00ba Zona B vs. 1\u00ba Zona C (P3); 2\u00ba Zona A vs. 1\u00ba Zona D (P4). Mientras que en semifinales cruzar\u00e1n los ganadores de P1 vs. P3 y P2 vs. P4, para que de all\u00ed salgan los dos finalistas.<br>Tanto en cuartos como en semifinales jugar\u00e1n ida y vuelta, con ventaja de local\u00eda (no deportiva) para los mejor ubicados en sus zonas. Para la final, en tanto, el orden de local\u00eda ser\u00e1 sorteado.<\/p>\n\n\n\n<p class=\"wp-block-paragraph\"><strong>El fixture<\/strong><br>El fixture de competencia para cada zona qued\u00f3 conformado de la siguiente manera:<br>Zona A: Primera fecha: All Boys (SR) vs. Sportivo Realic\u00f3; Juventud Regional vs. La Barranca. Segunda fecha: La Barranca vs. All Boys (SR); Sportivo Realic\u00f3 vs. Juventud Regional. Tercera fecha: La Barranca vs. Sportivo Realic\u00f3; Juventud Regional vs. All Boys (SR). Cuarta fecha: Sportivo Realic\u00f3 vs. La Barranca; All Boys (SR) vs. Juventud Regional. Quinta fecha: All Boys (SR) vs. La Barranca; Juventud Regional vs. Sportivo Realic\u00f3. Sexta fecha: Sportivo Realic\u00f3 vs. All Boys (SR); La Barranca vs. Juventud Regional.<br>Zona B: Primera fecha: Costa Brava vs. El Pampero; Uni\u00f3n de Riglos vs. Alvear FBC. Segunda fecha: Alvear FBC vs. Costa Brava; El Pampero vs. Uni\u00f3n de Riglos. Tercera fecha: Alvear FBC vs. El Pampero; Uni\u00f3n de Riglos vs. Costa Brava. Cuarta fecha: El Pampero vs. Alvear FBC; Costa Brava vs. Uni\u00f3n de Riglos. Quinta fecha: Costa Brava vs. Alvear FBC; Uni\u00f3n de Riglos vs. El Pampero. Sexta fecha: El Pampero vs. Costa Brava; Alvear FBC vs. Uni\u00f3n de Riglos.<br>Zona C: Primera fecha: Deportivo Winifreda vs. Estudiantil; All Boys (T) vs. A. Santa Rosa. Segunda fecha: Santa Rosa vs. Winifreda; Estudiantil vs. All Boys (T). Tercera fecha: Santa Rosa vs. Estudiantil; All Boys (T) vs. Winifreda. Cuarta fecha: Estudiantil vs. Santa Rosa; Winifreda vs. All Boys (T). Quinta fecha: Winifreda vs. Santa Rosa, All Boys (T) vs. Estudiantil. Sexta fecha: Estudiantil vs. Winifreda; Santa Rosa vs. All Boys (T).<br>Zona D: Primera fecha: Racing vs. Campos de Acha; A. Macach\u00edn vs. Ferro de Pico. Segunda fecha: Ferro de Pico vs. Racing; Campos de Acha vs. A. Macach\u00edn. Tercera fecha: Ferro de Pico vs. Campos de Acha; A. Macach\u00edn vs. Racing. Cuarta fecha: Campos de Acha vs. Ferro de Pico; Racing vs. A. Macach\u00edn. Quinta fecha: Racing vs. Ferro de Pico; A. Macach\u00edn vs. Campos de Acha. Sexta fecha: Campos de Acha vs. Racing; Ferro de Pico vs. A. Macach\u00edn.<\/p>\n","protected":false},"excerpt":{"rendered":"<p>El Torneo Provincial de F\u00fatbol 2026, que llevar\u00e1 el nombre de \u201cEmanuel Leguizam\u00f3n De La Fuente\u201d, comenz\u00f3 a vivirse este<\/p>\n","protected":false},"author":1,"featured_media":19428,"comment_status":"open","ping_status":"open","sticky":false,"template":"","format":"standard","meta":{"colormag_page_container_layout":"default_layout","colormag_page_sidebar_layout":"default_layout","footnotes":""},"categories":[10,4,8],"tags":[],"class_list":["post-19427","post","type-post","status-publish","format-standard","has-post-thumbnail","hentry","category-sports","category-provincia","category-ultimas-noticias"],"_links":{"self":[{"href":"https:\/\/notipampa.com\/index.php?rest_route=\/wp\/v2\/posts\/19427","targetHints":{"allow":["GET"]}}],"collection":[{"href":"https:\/\/notipampa.com\/index.php?rest_route=\/wp\/v2\/posts"}],"about":[{"href":"https:\/\/notipampa.com\/index.php?rest_route=\/wp\/v2\/types\/post"}],"author":[{"embeddable":true,"href":"https:\/\/notipampa.com\/index.php?rest_route=\/wp\/v2\/users\/1"}],"replies":[{"embeddable":true,"href":"https:\/\/notipampa.com\/index.php?rest_route=%2Fwp%2Fv2%2Fcomments&post=19427"}],"version-history":[{"count":1,"href":"https:\/\/notipampa.com\/index.php?rest_route=\/wp\/v2\/posts\/19427\/revisions"}],"predecessor-version":[{"id":19429,"href":"https:\/\/notipampa.com\/index.php?rest_route=\/wp\/v2\/posts\/19427\/revisions\/19429"}],"wp:featuredmedia":[{"embeddable":true,"href":"https:\/\/notipampa.com\/index.php?rest_route=\/wp\/v2\/media\/19428"}],"wp:attachment":[{"href":"https:\/\/notipampa.com\/index.php?rest_route=%2Fwp%2Fv2%2Fmedia&parent=19427"}],"wp:term":[{"taxonomy":"category","embeddable":true,"href":"https:\/\/notipampa.com\/index.php?rest_route=%2Fwp%2Fv2%2Fcategories&post=19427"},{"taxonomy":"post_tag","embeddable":true,"href":"https:\/\/notipampa.com\/index.php?rest_route=%2Fwp%2Fv2%2Ftags&post=19427"}],"curies":[{"name":"wp","href":"https:\/\/api.w.org\/{rel}","templated":true}]}}