{"id":19421,"date":"2026-09-04T08:51:33","date_gmt":"2026-09-04T11:51:33","guid":{"rendered":"https:\/\/notipampa.com\/?p=19421"},"modified":"2026-09-04T08:51:33","modified_gmt":"2026-09-04T11:51:33","slug":"pico-sospechan-de-un-incendio-intencional-tras-la-destruccion-total-de-un-auto-sin-motor","status":"publish","type":"post","link":"https:\/\/notipampa.com\/?p=19421","title":{"rendered":"Pico: Sospechan de un incendio intencional tras la destrucci\u00f3n total de un auto sin motor"},"content":{"rendered":"\n<p class=\"wp-block-paragraph\">Durante la madrugada, un veh\u00edculo estacionado en la v\u00eda p\u00fablica de General Pico fue consumido \u00edntegramente por las llamas. El siniestro, que requiri\u00f3 la r\u00e1pida intervenci\u00f3n del cuerpo de bomberos voluntarios, despert\u00f3 las sospechas de las autoridades debido a una particularidad ins\u00f3lita del rodado: no contaba con motor, lo que apuntar\u00eda fuertemente a un hecho de car\u00e1cter intencional.<\/p>\n\n\n\n<h2 class=\"wp-block-heading\">Intervenci\u00f3n de emergencia en calles 327 y 306<\/h2>\n\n\n\n<p class=\"wp-block-paragraph\">El episodio se registr\u00f3 puntualmente a las 02:10 horas, momento en el cual se alert\u00f3 sobre un voraz incendio que afectaba a un autom\u00f3vil ubicado en la intersecci\u00f3n de las calles 327 y 306. Inmediatamente, una dotaci\u00f3n conformada por cuatro bomberos se desplaz\u00f3 hacia el lugar para controlar la emergencia y evitar que el fuego se propagara.<\/p>\n\n\n\n<p class=\"wp-block-paragraph\">Al arribar, los efectivos se encontraron con un Volkswagen Gol completamente envuelto en llamas, generando una densa columna de humo en el barrio. A pesar del arduo trabajo del personal bomberil con las l\u00edneas de mangueras para sofocar el fuego y enfriar la estructura, el avance del incendio provoc\u00f3 la destrucci\u00f3n total del veh\u00edculo, dejando la carrocer\u00eda irreconocible.<\/p>\n\n\n\n<h2 class=\"wp-block-heading\">Fuertes indicios de un hecho deliberado<\/h2>\n\n\n\n<p class=\"wp-block-paragraph\">El detalle clave que desvi\u00f3 la atenci\u00f3n de quienes trabajaron en el lugar del siniestro fue la ausencia total del motor en el veh\u00edculo incendiado. Esta condici\u00f3n mec\u00e1nica descarta de plano la posibilidad de que el fuego se haya originado por un cortocircuito, una falla el\u00e9ctrica o un problema propio de un rodado en funcionamiento.<\/p>\n\n\n\n<p class=\"wp-block-paragraph\">Por este motivo, la hip\u00f3tesis principal que manejan en el lugar indica que el fuego habr\u00eda sido provocado de manera deliberada. Restar\u00e1 ahora que se lleven adelante las actuaciones correspondientes para esclarecer los motivos detr\u00e1s de este suceso que alter\u00f3 la tranquilidad de la madrugada piquense.<\/p>\n\n\n\n<figure class=\"wp-block-image is-resized\"><img decoding=\"async\" src=\"https:\/\/www.infopico.com\/wp-content\/uploads\/2026\/09\/file_2176806309563359.jpeg\" alt=\"\" style=\"aspect-ratio:1.7777777777777777;width:1280px;height:auto\"\/><\/figure>\n\n\n\n<p class=\"wp-block-paragraph\">Fuente: Infopico<\/p>\n","protected":false},"excerpt":{"rendered":"<p>Durante la madrugada, un veh\u00edculo estacionado en la v\u00eda p\u00fablica de General Pico fue consumido \u00edntegramente por las llamas. El<\/p>\n","protected":false},"author":1,"featured_media":19422,"comment_status":"open","ping_status":"open","sticky":false,"template":"","format":"standard","meta":{"colormag_page_container_layout":"default_layout","colormag_page_sidebar_layout":"default_layout","footnotes":""},"categories":[4,56,8],"tags":[],"class_list":["post-19421","post","type-post","status-publish","format-standard","has-post-thumbnail","hentry","category-provincia","category-policiales","category-ultimas-noticias"],"_links":{"self":[{"href":"https:\/\/notipampa.com\/index.php?rest_route=\/wp\/v2\/posts\/19421","targetHints":{"allow":["GET"]}}],"collection":[{"href":"https:\/\/notipampa.com\/index.php?rest_route=\/wp\/v2\/posts"}],"about":[{"href":"https:\/\/notipampa.com\/index.php?rest_route=\/wp\/v2\/types\/post"}],"author":[{"embeddable":true,"href":"https:\/\/notipampa.com\/index.php?rest_route=\/wp\/v2\/users\/1"}],"replies":[{"embeddable":true,"href":"https:\/\/notipampa.com\/index.php?rest_route=%2Fwp%2Fv2%2Fcomments&post=19421"}],"version-history":[{"count":1,"href":"https:\/\/notipampa.com\/index.php?rest_route=\/wp\/v2\/posts\/19421\/revisions"}],"predecessor-version":[{"id":19423,"href":"https:\/\/notipampa.com\/index.php?rest_route=\/wp\/v2\/posts\/19421\/revisions\/19423"}],"wp:featuredmedia":[{"embeddable":true,"href":"https:\/\/notipampa.com\/index.php?rest_route=\/wp\/v2\/media\/19422"}],"wp:attachment":[{"href":"https:\/\/notipampa.com\/index.php?rest_route=%2Fwp%2Fv2%2Fmedia&parent=19421"}],"wp:term":[{"taxonomy":"category","embeddable":true,"href":"https:\/\/notipampa.com\/index.php?rest_route=%2Fwp%2Fv2%2Fcategories&post=19421"},{"taxonomy":"post_tag","embeddable":true,"href":"https:\/\/notipampa.com\/index.php?rest_route=%2Fwp%2Fv2%2Ftags&post=19421"}],"curies":[{"name":"wp","href":"https:\/\/api.w.org\/{rel}","templated":true}]}}