{"id":19417,"date":"2026-09-02T10:15:22","date_gmt":"2026-09-02T13:15:22","guid":{"rendered":"https:\/\/notipampa.com\/?p=19417"},"modified":"2026-09-02T10:15:22","modified_gmt":"2026-09-02T13:15:22","slug":"alvear-la-municipalidad-trabaja-en-alternativas-ante-la-problematica-de-napas-y-desagues-en-el-sector-este-de-la-localidad","status":"publish","type":"post","link":"https:\/\/notipampa.com\/?p=19417","title":{"rendered":"Alvear: La Municipalidad trabaja en alternativas ante la problem\u00e1tica de napas y desag\u00fces en el sector este de la localidad"},"content":{"rendered":"\n<p class=\"wp-block-paragraph\"><strong>La intendenta municipal, Agustina Garc\u00eda, se refiri\u00f3 a la situaci\u00f3n planteada por vecinos del sector este de Intendente Alvear, relacionada con el nivel de las napas, dificultades de escurrimiento y desbordes de pozos ciegos, y explic\u00f3 las acciones que se vienen llevando adelante desde el Municipio para atender la problem\u00e1tica.<\/strong><\/p>\n\n\n\n<p class=\"wp-block-paragraph\">Garc\u00eda se\u00f1al\u00f3 que se trata de una situaci\u00f3n de dif\u00edcil resoluci\u00f3n y que la alternativa definitiva ser\u00eda la extensi\u00f3n del servicio de cloacas, aunque actualmente existen distintos factores que dificultan su concreci\u00f3n, tanto por los costos que implica una obra de esta magnitud como por el estado actual del sistema cloacal de la localidad.<\/p>\n\n\n\n<p class=\"wp-block-paragraph\">En este sentido, destac\u00f3 que el Municipio viene implementando medidas paliativas para acompa\u00f1ar a las familias que atraviesan mayores dificultades. Desde la Secretar\u00eda de Desarrollo Social se afrontan actualmente alrededor de 40 servicios de desagote de pozos por mes, destinados principalmente a vecinos que se encuentran en situaciones sociales complejas. La intendenta remarc\u00f3 que esta asistencia no es una medida reciente, sino que forma parte de un acompa\u00f1amiento que el Municipio viene sosteniendo desde hace tiempo.<\/p>\n\n\n\n<p class=\"wp-block-paragraph\"><strong>Una problem\u00e1tica vinculada al nivel de las napas<\/strong><\/p>\n\n\n\n<p class=\"wp-block-paragraph\">Garc\u00eda explic\u00f3 que las caracter\u00edsticas geogr\u00e1ficas del sector tambi\u00e9n constituyen un factor determinante. Se trata de una zona baja y con antecedentes de anegamiento, donde habitualmente las napas se encuentran a poca profundidad. A esta situaci\u00f3n se suma actualmente el incremento del nivel de las napas asociado al comportamiento h\u00eddrico de la cuenca del r\u00edo Quinto. En este contexto, se\u00f1al\u00f3 que algunos pozos pueden estar recibiendo agua proveniente de las propias napas, dificultando a\u00fan m\u00e1s el funcionamiento normal de los sistemas individuales de desagote.<\/p>\n\n\n\n<p class=\"wp-block-paragraph\">Asimismo, record\u00f3 que el Municipio debi\u00f3 suspender las nuevas conexiones al sistema cloacal de la localidad debido al elevado nivel de las napas, ya que realizar conexiones en sectores donde el agua se encuentra a escasa profundidad puede representar un riesgo.<\/p>\n\n\n\n<p class=\"wp-block-paragraph\">La intendenta tambi\u00e9n explic\u00f3 que el problema debe analizarse en funci\u00f3n de la capacidad actual del sistema cloacal.&nbsp;<strong>La red existente fue dise\u00f1ada para una localidad de menor dimensi\u00f3n y actualmente se encuentra sobreexigida<\/strong>, mientras que todav\u00eda existen numerosos sectores que no cuentan con el servicio. En ese sentido, consider\u00f3 necesario que, mientras no exista una soluci\u00f3n definitiva, las familias que no cuentan con cloacas contemplen el servicio de desagote de pozos como parte de los gastos habituales de mantenimiento de sus viviendas.<\/p>\n\n\n\n<p class=\"wp-block-paragraph\">\u201cSabemos que es una problem\u00e1tica que preocupa y que el servicio de desagote representa un costo para muchas familias. Por eso, desde el Municipio acompa\u00f1amos especialmente a quienes atraviesan situaciones sociales complejas, pero tambi\u00e9n tenemos que comprender que, mientras no exista una red cloacal, el desagote de los pozos forma parte de los servicios necesarios para quienes no cuentan con cloacas.\u201d<\/p>\n\n\n\n<p class=\"wp-block-paragraph\"><strong>Gestiones ante la Administraci\u00f3n Provincial del Agua<\/strong><\/p>\n\n\n\n<p class=\"wp-block-paragraph\">Garc\u00eda destac\u00f3 que, adem\u00e1s de las medidas paliativas, la Municipalidad viene realizando gestiones ante la&nbsp;<strong>Administraci\u00f3n Provincial del Agua (APA)<\/strong>&nbsp;para analizar alternativas que permitan avanzar en soluciones posibles en el corto y mediano plazo. En ese marco, profesionales del organismo provincial estuvieron presentes en la localidad para realizar mediciones del nivel de las napas y evaluar la factibilidad de incorporar al sistema cloacal las manzanas que actualmente no cuentan con el servicio.<\/p>\n\n\n\n<p class=\"wp-block-paragraph\">Seg\u00fan explic\u00f3 la intendenta, desde la actual gesti\u00f3n municipal se han iniciado y presentado los expedientes correspondientes ante los organismos provinciales, con la documentaci\u00f3n necesaria para evaluar distintas alternativas.<\/p>\n\n\n\n<p class=\"wp-block-paragraph\">No obstante, aclar\u00f3 que una eventual ampliaci\u00f3n de la red no puede analizarse de manera aislada, ya que actualmente existen&nbsp;<strong>aproximadamente 300 familias<\/strong>&nbsp;que no cuentan con conexi\u00f3n cloacal, incluyendo sectores correspondientes a viviendas recientemente entregadas y al programa del Plan Terreno Propio.<\/p>\n\n\n\n<p class=\"wp-block-paragraph\">A esto se suma que la planta de tratamiento de l\u00edquidos cloacales tambi\u00e9n presenta una capacidad limitada. Por este motivo, incorporar un n\u00famero significativo de nuevas conexiones sin una ampliaci\u00f3n integral del sistema podr\u00eda trasladar el problema hacia otros sectores de la localidad.<\/p>\n\n\n\n<p class=\"wp-block-paragraph\"><strong>\u201cNo se trata solamente de sacar el problema de una vivienda y llevarlo a otro lugar. La soluci\u00f3n tiene que pensarse de manera integral, porque el sistema actual qued\u00f3 chico y necesitamos una nueva estaci\u00f3n de bombeo, ampliar la capacidad de la red y resolver tambi\u00e9n la situaci\u00f3n de la planta de tratamiento\u201d,<\/strong>&nbsp;explic\u00f3 Garc\u00eda.<\/p>\n\n\n\n<p class=\"wp-block-paragraph\"><strong>Una obra integral que qued\u00f3 pendiente<\/strong><\/p>\n\n\n\n<p class=\"wp-block-paragraph\">Finalmente, la intendenta hizo referencia a una obra integral de renovaci\u00f3n del sistema cloacal que hab\u00eda sido anunciada y licitada durante la gesti\u00f3n municipal anterior, pero que no lleg\u00f3 a iniciarse.<\/p>\n\n\n\n<p class=\"wp-block-paragraph\">Garc\u00eda explic\u00f3 que, posteriormente, con el cambio de Gobierno nacional, fueron dadas de baja aquellas obras que hab\u00edan sido licitadas pero que todav\u00eda no hab\u00edan comenzado, entre ellas el proyecto previsto para el sistema cloacal de Intendente Alvear. En este punto, remarc\u00f3 que se trata de una problem\u00e1tica que excede a la actual gesti\u00f3n y que se fue acumulando durante varios a\u00f1os, incluyendo la construcci\u00f3n de viviendas sin infraestructura cloacal en determinados sectores de la localidad.<\/p>\n\n\n\n<p class=\"wp-block-paragraph\">La intendenta sostuvo que la soluci\u00f3n definitiva requiere una planificaci\u00f3n integral y la participaci\u00f3n de distintos niveles del Estado, pero destac\u00f3 que&nbsp;<strong>desde la actual gesti\u00f3n se contin\u00faan realizando las gestiones necesarias y buscando alternativas para atender la situaci\u00f3n mientras se espera una soluci\u00f3n estructural<\/strong>.<\/p>\n\n\n\n<p class=\"wp-block-paragraph\"><strong>\u201cLa soluci\u00f3n definitiva la tuvimos proyectada hace algunos a\u00f1os: fue una obra integral de renovaci\u00f3n del sistema cloacal que se anunci\u00f3 y se licit\u00f3, pero que lamentablemente nunca lleg\u00f3 a comenzar. Hoy debemos trabajar con la realidad que tenemos y, mientras buscamos una soluci\u00f3n definitiva, desde el Municipio seguimos gestionando alternativas para dar respuesta a los vecinos.\u201d<\/strong><\/p>\n","protected":false},"excerpt":{"rendered":"<p>La intendenta municipal, Agustina Garc\u00eda, se refiri\u00f3 a la situaci\u00f3n planteada por vecinos del sector este de Intendente Alvear, relacionada<\/p>\n","protected":false},"author":1,"featured_media":19418,"comment_status":"open","ping_status":"open","sticky":false,"template":"","format":"standard","meta":{"colormag_page_container_layout":"default_layout","colormag_page_sidebar_layout":"default_layout","footnotes":""},"categories":[6,8],"tags":[],"class_list":["post-19417","post","type-post","status-publish","format-standard","has-post-thumbnail","hentry","category-locales","category-ultimas-noticias"],"_links":{"self":[{"href":"https:\/\/notipampa.com\/index.php?rest_route=\/wp\/v2\/posts\/19417","targetHints":{"allow":["GET"]}}],"collection":[{"href":"https:\/\/notipampa.com\/index.php?rest_route=\/wp\/v2\/posts"}],"about":[{"href":"https:\/\/notipampa.com\/index.php?rest_route=\/wp\/v2\/types\/post"}],"author":[{"embeddable":true,"href":"https:\/\/notipampa.com\/index.php?rest_route=\/wp\/v2\/users\/1"}],"replies":[{"embeddable":true,"href":"https:\/\/notipampa.com\/index.php?rest_route=%2Fwp%2Fv2%2Fcomments&post=19417"}],"version-history":[{"count":1,"href":"https:\/\/notipampa.com\/index.php?rest_route=\/wp\/v2\/posts\/19417\/revisions"}],"predecessor-version":[{"id":19419,"href":"https:\/\/notipampa.com\/index.php?rest_route=\/wp\/v2\/posts\/19417\/revisions\/19419"}],"wp:featuredmedia":[{"embeddable":true,"href":"https:\/\/notipampa.com\/index.php?rest_route=\/wp\/v2\/media\/19418"}],"wp:attachment":[{"href":"https:\/\/notipampa.com\/index.php?rest_route=%2Fwp%2Fv2%2Fmedia&parent=19417"}],"wp:term":[{"taxonomy":"category","embeddable":true,"href":"https:\/\/notipampa.com\/index.php?rest_route=%2Fwp%2Fv2%2Fcategories&post=19417"},{"taxonomy":"post_tag","embeddable":true,"href":"https:\/\/notipampa.com\/index.php?rest_route=%2Fwp%2Fv2%2Ftags&post=19417"}],"curies":[{"name":"wp","href":"https:\/\/api.w.org\/{rel}","templated":true}]}}