{"id":19414,"date":"2026-09-02T10:11:25","date_gmt":"2026-09-02T13:11:25","guid":{"rendered":"https:\/\/notipampa.com\/?p=19414"},"modified":"2026-09-02T10:11:25","modified_gmt":"2026-09-02T13:11:25","slug":"alvear-avanza-en-la-implementacion-del-centro-emisor-de-licencias-nacionales-de-conducir","status":"publish","type":"post","link":"https:\/\/notipampa.com\/?p=19414","title":{"rendered":"Alvear avanza en la implementaci\u00f3n del Centro Emisor de Licencias Nacionales de Conducir"},"content":{"rendered":"\n<p class=\"wp-block-paragraph\"><strong>La intendenta municipal, Agustina Garc\u00eda, anunci\u00f3 que la Municipalidad de Intendente Alvear se encuentra en una etapa avanzada de las gestiones para incorporar el servicio de emisi\u00f3n de Licencias Nacionales de Conducir (CELN)\u00a0en la localidad, una iniciativa que permitir\u00e1 modernizar el sistema actual y brindar una respuesta a una demanda sostenida de los vecinos.<\/strong><\/p>\n\n\n\n<p class=\"wp-block-paragraph\">Garc\u00eda explic\u00f3 que se trata de un proceso administrativo y t\u00e9cnico complejo, que requiere el cumplimiento de distintos requisitos y etapas ante la Agencia Nacional de Seguridad Vial. En este sentido, record\u00f3 que la gesti\u00f3n se inici\u00f3 en febrero de 2025, cuando se present\u00f3 la documentaci\u00f3n correspondiente ante el Ministerio de Seguridad de La Pampa, organismo que deb\u00eda avanzar con la tramitaci\u00f3n ante la Agencia Nacional de Seguridad Vial. Ante la falta de avances y de informaci\u00f3n sobre el estado del expediente, la municipalidad retom\u00f3 las gestiones de manera directa. En junio de este a\u00f1o, y con el acompa\u00f1amiento del senador nacional Daniel Kroneberger, se mantuvo una audiencia personal con autoridades de la Agencia Nacional de Seguridad Vial, instancia en la que se present\u00f3 nuevamente toda la documentaci\u00f3n y se logr\u00f3 reactivar el tr\u00e1mite.<\/p>\n\n\n\n<p class=\"wp-block-paragraph\">A partir de ese momento, se avanz\u00f3 en los distintos requerimientos necesarios para la puesta en funcionamiento del nuevo servicio, entre ellos la inspecci\u00f3n de las instalaciones, la presentaci\u00f3n de planos edilicios, la capacitaci\u00f3n de los agentes municipales y la elaboraci\u00f3n del listado de profesionales m\u00e9dicos habilitados para realizar los controles de aptitud psicof\u00edsica requeridos.<\/p>\n\n\n\n<p class=\"wp-block-paragraph\">En este marco, Garc\u00eda destac\u00f3 que tambi\u00e9n se mantuvieron reuniones con profesionales m\u00e9dicos de la localidad, a quienes se inform\u00f3 sobre los requisitos del sistema y la necesidad de completar las capacitaciones correspondientes para integrar el listado de profesionales habilitados.<\/p>\n\n\n\n<p class=\"wp-block-paragraph\"><strong>Un nuevo sistema para modernizar la emisi\u00f3n de licencias<\/strong><\/p>\n\n\n\n<p class=\"wp-block-paragraph\">La intendenta explic\u00f3 que existen dos modalidades de Centros Emisores de Licencias Nacionales: los que imprimen las licencias en la propia localidad y aquellos que establecen convenios con otro centro para realizar la impresi\u00f3n. En el caso de Intendente Alvear, se decidi\u00f3 avanzar con la primera modalidad, de manera que la licencia pueda imprimirse en la propia localidad. La decisi\u00f3n responde al volumen de tr\u00e1mites que se realizan actualmente y tiene como objetivo agilizar los tiempos de emisi\u00f3n.<\/p>\n\n\n\n<p class=\"wp-block-paragraph\">La nueva licencia cuenta con un formato de tarjeta similar al DNI y se encuentra integrada al sistema nacional, permitiendo adem\u00e1s las correspondientes habilitaciones para conducir dentro del pa\u00eds y en el \u00e1mbito internacional.<\/p>\n\n\n\n<p class=\"wp-block-paragraph\">\u201cEs un nuevo servicio que viene a dar respuesta a una demanda de much\u00edsimos vecinos y, al mismo tiempo, a mejorar notablemente la calidad y la seguridad de las licencias que se emiten. Es modernizar el servicio y mejorarlo\u201d, se\u00f1al\u00f3 Garc\u00eda.<\/p>\n\n\n\n<p class=\"wp-block-paragraph\">Actualmente, la Municipalidad se encuentra pr\u00f3xima a completar una de las etapas centrales del proceso, vinculada a la firma del convenio con la Agencia Nacional de Seguridad Vial. La intendenta remarc\u00f3 que se trata de una gesti\u00f3n que requiere el cumplimiento de numerosos requisitos, pero destac\u00f3 que el avance alcanzado permite proyectar la puesta en funcionamiento del servicio hacia fin de a\u00f1o.<\/p>\n\n\n\n<p class=\"wp-block-paragraph\">\u201cEstamos muy avanzados y esperamos que para fin de a\u00f1o podamos estar brindando este servicio en nuestra localidad\u201d<strong>,<\/strong>&nbsp;expres\u00f3. De concretarse, la implementaci\u00f3n del CELN permitir\u00e1 a los vecinos realizar en Intendente Alvear un tr\u00e1mite que actualmente requiere otros circuitos administrativos, incorporando mayor tecnolog\u00eda, seguridad y agilidad al sistema de emisi\u00f3n de licencias.<\/p>\n\n\n\n<p class=\"wp-block-paragraph\">&#8230;&#8230;&#8230;&#8230;&#8230;&#8230;&#8230;&#8230;&#8230;&#8230;&#8230;&#8230;&#8230;&#8230;&#8230;&#8230;&#8230;&#8230;&#8230;&#8230;..<\/p>\n\n\n\n<p class=\"wp-block-paragraph\"><strong>Acuerdo interprovincial para obras en la cuenca del r\u00edo Quinto<\/strong><\/p>\n\n\n\n<p class=\"wp-block-paragraph\">Por otra parte, Garc\u00eda se refiri\u00f3 a su participaci\u00f3n en el acto realizado en Santa Rosa, donde los gobernadores de La Pampa y Buenos Aires, Sergio Ziliotto y Axel Kicillof, suscribieron un convenio para avanzar en obras y acciones conjuntas vinculadas a la cuenca del r\u00edo Quinto.<\/p>\n\n\n\n<p class=\"wp-block-paragraph\">La intendenta particip\u00f3 del encuentro junto a otros jefes comunales de localidades que presentan alg\u00fan grado de afectaci\u00f3n por la din\u00e1mica h\u00eddrica de esta cuenca. Garc\u00eda valor\u00f3 especialmente el acuerdo alcanzado entre ambas provincias y destac\u00f3 la importancia de establecer mecanismos de trabajo conjunto para abordar una problem\u00e1tica que trasciende los l\u00edmites jurisdiccionales.<\/p>\n\n\n\n<p class=\"wp-block-paragraph\">En ese sentido, record\u00f3 los conflictos registrados entre La Pampa y Buenos Aires durante la \u00faltima gran inundaci\u00f3n de 2017 y consider\u00f3 que la firma de convenios para la ejecuci\u00f3n de obras conjuntas representa un avance significativo para las localidades involucradas. \u201cEs un paso muy importante que dos provincias puedan acordar y asumir compromisos para realizar obras conjuntas. No se trata de que se salve uno solo o de derivar el problema al vecino, sino de que entre todos busquemos la mejor soluci\u00f3n posible\u201d, afirm\u00f3 Garc\u00eda. La jefa comunal remarc\u00f3 que el abordaje coordinado de la cuenca permitir\u00e1 avanzar hacia soluciones que contemplen las necesidades de las distintas localidades y jurisdicciones involucradas.<\/p>\n","protected":false},"excerpt":{"rendered":"<p>La intendenta municipal, Agustina Garc\u00eda, anunci\u00f3 que la Municipalidad de Intendente Alvear se encuentra en una etapa avanzada de las<\/p>\n","protected":false},"author":1,"featured_media":19415,"comment_status":"open","ping_status":"open","sticky":false,"template":"","format":"standard","meta":{"colormag_page_container_layout":"default_layout","colormag_page_sidebar_layout":"default_layout","footnotes":""},"categories":[6,8],"tags":[],"class_list":["post-19414","post","type-post","status-publish","format-standard","has-post-thumbnail","hentry","category-locales","category-ultimas-noticias"],"_links":{"self":[{"href":"https:\/\/notipampa.com\/index.php?rest_route=\/wp\/v2\/posts\/19414","targetHints":{"allow":["GET"]}}],"collection":[{"href":"https:\/\/notipampa.com\/index.php?rest_route=\/wp\/v2\/posts"}],"about":[{"href":"https:\/\/notipampa.com\/index.php?rest_route=\/wp\/v2\/types\/post"}],"author":[{"embeddable":true,"href":"https:\/\/notipampa.com\/index.php?rest_route=\/wp\/v2\/users\/1"}],"replies":[{"embeddable":true,"href":"https:\/\/notipampa.com\/index.php?rest_route=%2Fwp%2Fv2%2Fcomments&post=19414"}],"version-history":[{"count":1,"href":"https:\/\/notipampa.com\/index.php?rest_route=\/wp\/v2\/posts\/19414\/revisions"}],"predecessor-version":[{"id":19416,"href":"https:\/\/notipampa.com\/index.php?rest_route=\/wp\/v2\/posts\/19414\/revisions\/19416"}],"wp:featuredmedia":[{"embeddable":true,"href":"https:\/\/notipampa.com\/index.php?rest_route=\/wp\/v2\/media\/19415"}],"wp:attachment":[{"href":"https:\/\/notipampa.com\/index.php?rest_route=%2Fwp%2Fv2%2Fmedia&parent=19414"}],"wp:term":[{"taxonomy":"category","embeddable":true,"href":"https:\/\/notipampa.com\/index.php?rest_route=%2Fwp%2Fv2%2Fcategories&post=19414"},{"taxonomy":"post_tag","embeddable":true,"href":"https:\/\/notipampa.com\/index.php?rest_route=%2Fwp%2Fv2%2Ftags&post=19414"}],"curies":[{"name":"wp","href":"https:\/\/api.w.org\/{rel}","templated":true}]}}