{"id":19411,"date":"2026-09-02T07:25:59","date_gmt":"2026-09-02T10:25:59","guid":{"rendered":"https:\/\/notipampa.com\/?p=19411"},"modified":"2026-09-02T07:25:59","modified_gmt":"2026-09-02T10:25:59","slug":"convenio-el-nino-agustina-garcia-el-acuerdo-con-buenos-aires-nos-tranquiliza","status":"publish","type":"post","link":"https:\/\/notipampa.com\/?p=19411","title":{"rendered":"Convenio &#8220;El Ni\u00f1o&#8221;: Agustina Garc\u00eda; \u201cEl acuerdo con Buenos Aires nos tranquiliza\u201d"},"content":{"rendered":"\n<p class=\"wp-block-paragraph\"><strong>La jefa comunal de Intendente Alvear valor\u00f3 la firma de convenios entre La Pampa y Buenos Aires para avanzar en obras conjuntas frente a la problem\u00e1tica h\u00eddrica y la llegada de \u201cEl Ni\u00f1o\u201d. La localidad ya super\u00f3 los 700 mil\u00edmetros de precipitaciones en el a\u00f1o.<\/strong><\/p>\n\n\n\n<p class=\"wp-block-paragraph\">En di\u00e1logo con la Agencia Provincial de Noticias, Agustina Garc\u00eda, destac\u00f3 la importancia de los acuerdos firmados entre el gobernador de La Pampa, Sergio Ziliotto, y su par de la provincia de Buenos Aires, Axel Kicillof, para avanzar en acciones conjuntas frente a la situaci\u00f3n h\u00eddrica de la regi\u00f3n, particularmente en la cuenca del R\u00edo Quinto. La jefa comunal consider\u00f3 que el entendimiento entre ambas provincias representa \u201cun paso muy importante\u201d y remarc\u00f3 la necesidad de abordar la problem\u00e1tica desde una perspectiva regional y coordinada.<br>\u201cEn otras ocasiones siempre hubo conflicto con la provincia de Buenos Aires. Avanzar en un acuerdo y en la firma de un convenio para realizar obras en conjunto en lo que tiene que ver con la cuenca del R\u00edo Quinto es importante porque nos beneficia a todos\u201d, se\u00f1al\u00f3.<br>En ese sentido, Garc\u00eda sostuvo que el objetivo debe ser encontrar soluciones comunes y no trasladar el problema de un territorio a otro. \u201cNo se trata de sacarse el agua uno y mand\u00e1rsela al otro, sino de un trabajo en conjunto entre vecinos, porque somos vecinos, para sobrellevar la situaci\u00f3n que se espera o que se prev\u00e9 de la mejor manera posible\u201d, afirm\u00f3.<br>La intendenta explic\u00f3 que \u201cen la localidad existe preocupaci\u00f3n, principalmente entre los productores, ante la posibilidad de que las precipitaciones de primavera y verano se ubiquen por encima de los valores habituales\u201d. No obstante, destac\u00f3 que el municipio ya comenz\u00f3 a implementar medidas preventivas para reducir el impacto de eventuales lluvias intensas.<br>\u201cTodav\u00eda no es temor, pero s\u00ed hay preocupaci\u00f3n respecto de lo que puede llegar a pasar, principalmente por parte de los productores\u201d, indic\u00f3.<\/p>\n\n\n\n<p class=\"wp-block-paragraph\"><strong>Una situaci\u00f3n h\u00eddrica compleja<\/strong><br>Intendente Alvear atraviesa actualmente una situaci\u00f3n compleja en materia h\u00eddrica. La localidad declar\u00f3 la emergencia y acumula m\u00e1s de 700 mil\u00edmetros de precipitaciones en lo que va del a\u00f1o, cuando el promedio anual ronda los 600 mil\u00edmetros. Garc\u00eda record\u00f3 adem\u00e1s que durante el a\u00f1o pasado las lluvias alcanzaron los 1.200 mil\u00edmetros, aproximadamente el doble de la media anual, por lo que se trata de un escenario que se mantiene por segundo a\u00f1o consecutivo por encima de los registros habituales.<br>A la elevada cantidad de precipitaciones se suma el nivel de las napas y el aporte del sistema h\u00eddrico vinculado al R\u00edo Quinto, factores que reducen la capacidad de absorci\u00f3n del suelo.<br>\u201cEn mayo tuvimos una precipitaci\u00f3n importante, de 200 mil\u00edmetros. El suelo no alcanz\u00f3 a absorber porque la absorci\u00f3n es muy baja y eso se debe al aporte del sistema de napas que hace el gran caudal que trae el R\u00edo Quinto\u201d, explic\u00f3.<br>La \u00e9poca del a\u00f1o tambi\u00e9n representa un condicionante, debido a que las temperaturas y la menor incidencia solar reducen la evaporaci\u00f3n del agua. Como consecuencia, numerosas hect\u00e1reas permanecen improductivas y distintos productores se encuentran afectados por el exceso h\u00eddrico.<br>Ante esta situaci\u00f3n, la jefa comunal remarc\u00f3 la importancia de anticiparse a un eventual escenario de mayores precipitaciones durante los pr\u00f3ximos meses.<\/p>\n\n\n\n<p class=\"wp-block-paragraph\"><strong>Obras para mejorar los desag\u00fces<\/strong><br>En paralelo con las gestiones interprovinciales, el municipio lleva adelante distintas acciones de prevenci\u00f3n dentro de la localidad. Entre ellas se encuentran trabajos sobre caminos vecinales, con la realizaci\u00f3n de alteos y elevaci\u00f3n de sectores que habitualmente resultan afectados por los anegamientos.<br>Adem\u00e1s, el municipio present\u00f3 un proyecto a trav\u00e9s del programa ProPaYS para avanzar en el recambio de alcantarillas del canal de acceso Centenario, uno de los principales desag\u00fces de la localidad. La propuesta contempla la colocaci\u00f3n de alcantarillas de mayor di\u00e1metro para mejorar la capacidad de escurrimiento.<br>Tambi\u00e9n se iniciaron gestiones ante Ferroexpreso para solicitar el recambio de las alcantarillas ubicadas en el sector del paso a nivel ferroviario. Garc\u00eda explic\u00f3 que ese punto constituye uno de los principales obst\u00e1culos para el escurrimiento durante episodios de precipitaciones abundantes y concentradas en per\u00edodos breves. \u201cSon alcantarillas muy chicas y, lamentablemente, toda el agua que cae en precipitaciones abundantes en cortos per\u00edodos de tiempo no llega a desaguar por ese primer tap\u00f3n hidr\u00e1ulico que son las v\u00edas\u201d, sostuvo. La Municipalidad trabaja junto al Ministerio de Obras y Servicios&nbsp; P\u00fablicos de La Pampa en la elaboraci\u00f3n de un proyecto que permita determinar la factibilidad de la obra.<br>La intendenta destac\u00f3 adem\u00e1s el trabajo articulado con el Ministerio de Obras P\u00fablicas y, particularmente, con la Administraci\u00f3n Provincial del Agua (APA), como parte de las acciones destinadas a prevenir y afrontar la situaci\u00f3n h\u00eddrica. Para la intendenta, el acuerdo alcanzado entre La Pampa y Buenos Aires suma previsibilidad a un escenario que requiere planificaci\u00f3n y coordinaci\u00f3n. \u201cSin dudas es importante porque tambi\u00e9n es una preocupaci\u00f3n en general\u201d, concluy\u00f3.<\/p>\n","protected":false},"excerpt":{"rendered":"<p>La jefa comunal de Intendente Alvear valor\u00f3 la firma de convenios entre La Pampa y Buenos Aires para avanzar en<\/p>\n","protected":false},"author":1,"featured_media":19412,"comment_status":"open","ping_status":"open","sticky":false,"template":"","format":"standard","meta":{"colormag_page_container_layout":"default_layout","colormag_page_sidebar_layout":"default_layout","footnotes":""},"categories":[4,7,8],"tags":[],"class_list":["post-19411","post","type-post","status-publish","format-standard","has-post-thumbnail","hentry","category-provincia","category-politica","category-ultimas-noticias"],"_links":{"self":[{"href":"https:\/\/notipampa.com\/index.php?rest_route=\/wp\/v2\/posts\/19411","targetHints":{"allow":["GET"]}}],"collection":[{"href":"https:\/\/notipampa.com\/index.php?rest_route=\/wp\/v2\/posts"}],"about":[{"href":"https:\/\/notipampa.com\/index.php?rest_route=\/wp\/v2\/types\/post"}],"author":[{"embeddable":true,"href":"https:\/\/notipampa.com\/index.php?rest_route=\/wp\/v2\/users\/1"}],"replies":[{"embeddable":true,"href":"https:\/\/notipampa.com\/index.php?rest_route=%2Fwp%2Fv2%2Fcomments&post=19411"}],"version-history":[{"count":1,"href":"https:\/\/notipampa.com\/index.php?rest_route=\/wp\/v2\/posts\/19411\/revisions"}],"predecessor-version":[{"id":19413,"href":"https:\/\/notipampa.com\/index.php?rest_route=\/wp\/v2\/posts\/19411\/revisions\/19413"}],"wp:featuredmedia":[{"embeddable":true,"href":"https:\/\/notipampa.com\/index.php?rest_route=\/wp\/v2\/media\/19412"}],"wp:attachment":[{"href":"https:\/\/notipampa.com\/index.php?rest_route=%2Fwp%2Fv2%2Fmedia&parent=19411"}],"wp:term":[{"taxonomy":"category","embeddable":true,"href":"https:\/\/notipampa.com\/index.php?rest_route=%2Fwp%2Fv2%2Fcategories&post=19411"},{"taxonomy":"post_tag","embeddable":true,"href":"https:\/\/notipampa.com\/index.php?rest_route=%2Fwp%2Fv2%2Ftags&post=19411"}],"curies":[{"name":"wp","href":"https:\/\/api.w.org\/{rel}","templated":true}]}}