{"id":19402,"date":"2026-09-02T07:21:07","date_gmt":"2026-09-02T10:21:07","guid":{"rendered":"https:\/\/notipampa.com\/?p=19402"},"modified":"2026-09-02T07:21:07","modified_gmt":"2026-09-02T10:21:07","slug":"fuerte-altercado-de-transito-en-la-ruta-35-termino-con-tres-demorados-y-el-secuestro-de-un-arma-de-gas-pimienta-en-realico","status":"publish","type":"post","link":"https:\/\/notipampa.com\/?p=19402","title":{"rendered":"Fuerte altercado de tr\u00e1nsito en la Ruta 35 termin\u00f3 con tres demorados y el secuestro de un arma de gas pimienta en Realic\u00f3"},"content":{"rendered":"\n<p class=\"wp-block-paragraph\"><strong>El pasado viernes, un violento incidente de tr\u00e1nsito originado en la Ruta Nacional 35, cerca de la localidad cordobesa de Olver, culmin\u00f3 con tres personas demoradas en el Puesto Caminero Policial de Realic\u00f3 luego de protagonizar una pelea que incluy\u00f3 disparos con un arma de gas pimienta.<\/strong><\/p>\n\n\n\n<p class=\"wp-block-paragraph\">Seg\u00fan informaron fuentes policiales de la Comisar\u00eda Departamental Realic\u00f3, el conflicto se desat\u00f3 tras una presunta mala maniobra. A bordo de una camioneta Fiat Toro viajaban un padre y su hijo, ambos oriundos de Realic\u00f3, quienes intentaron agredir a otro conductor, domiciliado en la localidad de Quetrequ\u00e9n, que circulaba en la misma direcci\u00f3n hacia la provincia de La Pampa.<\/p>\n\n\n\n<p class=\"wp-block-paragraph\">Ante la inminente agresi\u00f3n en la ruta, el conductor de Quetrequ\u00e9n extrajo una pistola de nitropist\u00f3n \u2014un arma disuasiva que dispara postas esf\u00e9ricas con gas pimienta\u2014 y efectu\u00f3 disparos contra los ocupantes de la Fiat Toro, provoc\u00e1ndoles diversas lesiones a ambos.<\/p>\n\n\n\n<p class=\"wp-block-paragraph\">Tras este primer y violento enfrentamiento, los involucrados continuaron su viaje. Al llegar al mediod\u00eda al Puesto Caminero de Realic\u00f3, efectivos policiales que realizaban operativos de control de rutina detuvieron la marcha de los dos veh\u00edculos. En ese preciso momento, y con total desparpajo ante la presencia policial, el padre y su hijo abordaron al hombre de Quetrequ\u00e9n y comenzaron a agredirlo f\u00edsicamente.<\/p>\n\n\n\n<p class=\"wp-block-paragraph\">Los uniformados debieron intervenir de forma inmediata para separar a las partes y evitar que la situaci\u00f3n pasara a mayores en el mismo puesto de control.<\/p>\n\n\n\n<h2 class=\"wp-block-heading\">Intervenci\u00f3n judicial y secuestros<\/h2>\n\n\n\n<p class=\"wp-block-paragraph\">El caso fue notificado a la fiscal\u00eda de turno, a cargo del Dr. Guillermo Komarofsky. Al tratarse de personas mayores de edad, el fiscal dispuso la demora inmediata de los tres involucrados por las lesiones rec\u00edprocas ocasionadas durante la ri\u00f1a.<\/p>\n\n\n\n<p class=\"wp-block-paragraph\">Como parte de las diligencias, se orden\u00f3 el secuestro de los dos veh\u00edculos implicados en el hecho y la incautaci\u00f3n del arma utilizada: una pistola calibre .50, marca \u201cVesta Sentinel\u201d, la cual fue hallada sin municiones al momento de la requisa.<\/p>\n\n\n\n<p class=\"wp-block-paragraph\">Finalmente, se inform\u00f3 que los tres hombres recuperaron la libertad en horas de la noche del mismo viernes. Por su parte, los veh\u00edculos permanecieron retenidos en la dependencia policial hasta el mediod\u00eda de este lunes, momento en el cual fueron restituidos a sus propietarios.<\/p>\n","protected":false},"excerpt":{"rendered":"<p>El pasado viernes, un violento incidente de tr\u00e1nsito originado en la Ruta Nacional 35, cerca de la localidad cordobesa de<\/p>\n","protected":false},"author":1,"featured_media":19403,"comment_status":"open","ping_status":"open","sticky":false,"template":"","format":"standard","meta":{"colormag_page_container_layout":"default_layout","colormag_page_sidebar_layout":"default_layout","footnotes":""},"categories":[56,4,8],"tags":[],"class_list":["post-19402","post","type-post","status-publish","format-standard","has-post-thumbnail","hentry","category-policiales","category-provincia","category-ultimas-noticias"],"_links":{"self":[{"href":"https:\/\/notipampa.com\/index.php?rest_route=\/wp\/v2\/posts\/19402","targetHints":{"allow":["GET"]}}],"collection":[{"href":"https:\/\/notipampa.com\/index.php?rest_route=\/wp\/v2\/posts"}],"about":[{"href":"https:\/\/notipampa.com\/index.php?rest_route=\/wp\/v2\/types\/post"}],"author":[{"embeddable":true,"href":"https:\/\/notipampa.com\/index.php?rest_route=\/wp\/v2\/users\/1"}],"replies":[{"embeddable":true,"href":"https:\/\/notipampa.com\/index.php?rest_route=%2Fwp%2Fv2%2Fcomments&post=19402"}],"version-history":[{"count":1,"href":"https:\/\/notipampa.com\/index.php?rest_route=\/wp\/v2\/posts\/19402\/revisions"}],"predecessor-version":[{"id":19404,"href":"https:\/\/notipampa.com\/index.php?rest_route=\/wp\/v2\/posts\/19402\/revisions\/19404"}],"wp:featuredmedia":[{"embeddable":true,"href":"https:\/\/notipampa.com\/index.php?rest_route=\/wp\/v2\/media\/19403"}],"wp:attachment":[{"href":"https:\/\/notipampa.com\/index.php?rest_route=%2Fwp%2Fv2%2Fmedia&parent=19402"}],"wp:term":[{"taxonomy":"category","embeddable":true,"href":"https:\/\/notipampa.com\/index.php?rest_route=%2Fwp%2Fv2%2Fcategories&post=19402"},{"taxonomy":"post_tag","embeddable":true,"href":"https:\/\/notipampa.com\/index.php?rest_route=%2Fwp%2Fv2%2Ftags&post=19402"}],"curies":[{"name":"wp","href":"https:\/\/api.w.org\/{rel}","templated":true}]}}