{"id":19397,"date":"2026-09-01T08:52:34","date_gmt":"2026-09-01T11:52:34","guid":{"rendered":"https:\/\/notipampa.com\/?p=19397"},"modified":"2026-09-01T08:52:34","modified_gmt":"2026-09-01T11:52:34","slug":"alvear-vecinos-reclaman-una-solucion-ante-una-situacion-sanitaria-que-segun-denuncian-afecta-a-todo-un-barrio","status":"publish","type":"post","link":"https:\/\/notipampa.com\/?p=19397","title":{"rendered":"Alvear: Vecinos reclaman una soluci\u00f3n ante una situaci\u00f3n sanitaria que, seg\u00fan denuncian, afecta a todo un barrio"},"content":{"rendered":"\n<p class=\"wp-block-paragraph\">Un grupo de vecinos de Intendente Alvear volvi\u00f3 a presentar un reclamo formal ante las autoridades municipales por la situaci\u00f3n sanitaria y ambiental que, seg\u00fan manifiestan, atraviesa el sector donde viven, principalmente debido a la falta de red cloacal.<\/p>\n\n\n\n<p class=\"wp-block-paragraph\">El reclamo fue presentado ante el <strong>Juzgado de Faltas, la Municipalidad de Intendente Alvear y el Concejo Deliberante<\/strong>, acompa\u00f1ado por fotograf\u00edas, antecedentes de reclamos anteriores, certificados m\u00e9dicos y documentaci\u00f3n que los vecinos consideran respaldatoria de la situaci\u00f3n denunciada.<\/p>\n\n\n\n<p class=\"wp-block-paragraph\">En la presentaci\u00f3n dirigida al Concejo Deliberante, fechada el <strong>27 de agosto<\/strong>, los vecinos solicitan que el cuerpo tome conocimiento de la problem\u00e1tica y promueva las acciones que est\u00e9n dentro de sus facultades para contribuir a encontrar una soluci\u00f3n.<\/p>\n\n\n\n<p class=\"wp-block-paragraph\">Uno de los principales puntos se\u00f1alados es la <strong>problem\u00e1tica cloacal<\/strong>. Los vecinos sostienen que, especialmente despu\u00e9s de las lluvias, los pozos rebalsan y las aguas servidas recorren las calles, llegando en algunos casos hasta el interior de viviendas.<\/p>\n\n\n\n<blockquote class=\"wp-block-quote is-layout-flow wp-block-quote-is-layout-flow\">\n<p class=\"wp-block-paragraph\">\u201cHace a\u00f1os que los vecinos realizan reclamos y presentan notas. A\u00f1o tras a\u00f1o, las respuestas se fueron postergando y las soluciones nunca llegaron\u201d, expresaron en una publicaci\u00f3n difundida en redes sociales.<\/p>\n<\/blockquote>\n\n\n\n<p class=\"wp-block-paragraph\">En el mismo sentido, remarcaron que en el sector viven <strong>adultos mayores, personas con discapacidad, beb\u00e9s, ni\u00f1os y vecinos con enfermedades cr\u00f3nicas<\/strong>, por lo que consideran que la situaci\u00f3n representa un riesgo sanitario que requiere una respuesta urgente.<\/p>\n\n\n\n<p class=\"wp-block-paragraph\">Los vecinos tambi\u00e9n se\u00f1alaron que la problem\u00e1tica <strong>\u201cno es nueva\u201d<\/strong> y que ya fue planteada en reiteradas oportunidades mediante notas, reclamos y solicitudes formales, sin que hasta el momento \u2014seg\u00fan manifiestan\u2014 se haya alcanzado una soluci\u00f3n definitiva.<\/p>\n\n\n\n<h3 class=\"wp-block-heading\">Pedido de intervenci\u00f3n<\/h3>\n\n\n\n<p class=\"wp-block-paragraph\">En la presentaci\u00f3n realizada ante el Juzgado de Faltas, los vecinos solicitan que se eval\u00fae la situaci\u00f3n denunciada y se adopten las medidas que correspondan para garantizar condiciones sanitarias adecuadas.<\/p>\n\n\n\n<p class=\"wp-block-paragraph\">Asimismo, piden que las \u00e1reas municipales competentes analicen <strong>soluciones concretas para la problem\u00e1tica cloacal<\/strong> y que se garantice la prestaci\u00f3n regular y efectiva de servicios p\u00fablicos considerados esenciales, como la recolecci\u00f3n de residuos, limpieza y mantenimiento del sector.<\/p>\n\n\n\n<p class=\"wp-block-paragraph\">\u201c<strong>No estamos haciendo un reclamo pol\u00edtico. Tampoco buscamos culpables ni estamos pidiendo favores. Solo pedimos que se garantice un derecho b\u00e1sico: poder vivir en un ambiente sano, seguro y digno<\/strong>\u201d, expresaron.<\/p>\n\n\n\n<p class=\"wp-block-paragraph\">Finalmente, los vecinos decidieron hacer p\u00fablico el reclamo para visibilizar la situaci\u00f3n y solicitar que las autoridades intervengan con la urgencia que, consideran, requiere el caso.<\/p>\n\n\n\n<p class=\"wp-block-paragraph\"><strong>\u201cLa salud de nuestras familias no puede seguir esperando\u201d,<\/strong> concluyeron.<\/p>\n\n\n\n<figure class=\"wp-block-gallery has-nested-images columns-default is-cropped wp-block-gallery-1 is-layout-flex wp-block-gallery-is-layout-flex\">\n<figure class=\"wp-block-image size-large\"><img fetchpriority=\"high\" decoding=\"async\" width=\"641\" height=\"1024\" data-id=\"19399\" src=\"https:\/\/notipampa.com\/wp-content\/uploads\/2026\/09\/WhatsApp-Image-2026-08-31-at-18.35.03-641x1024.jpeg\" alt=\"\" class=\"wp-image-19399\" srcset=\"https:\/\/notipampa.com\/wp-content\/uploads\/2026\/09\/WhatsApp-Image-2026-08-31-at-18.35.03-641x1024.jpeg 641w, https:\/\/notipampa.com\/wp-content\/uploads\/2026\/09\/WhatsApp-Image-2026-08-31-at-18.35.03-188x300.jpeg 188w, https:\/\/notipampa.com\/wp-content\/uploads\/2026\/09\/WhatsApp-Image-2026-08-31-at-18.35.03-768x1227.jpeg 768w, https:\/\/notipampa.com\/wp-content\/uploads\/2026\/09\/WhatsApp-Image-2026-08-31-at-18.35.03.jpeg 801w\" sizes=\"(max-width: 641px) 100vw, 641px\" \/><figcaption class=\"wp-element-caption\">Nota presentada por vecinos<\/figcaption><\/figure>\n\n\n\n<figure class=\"wp-block-image size-large\"><img decoding=\"async\" width=\"638\" height=\"1024\" data-id=\"19400\" src=\"https:\/\/notipampa.com\/wp-content\/uploads\/2026\/09\/WhatsApp-Image-2026-08-31-at-18.35.03-1-638x1024.jpeg\" alt=\"\" class=\"wp-image-19400\" srcset=\"https:\/\/notipampa.com\/wp-content\/uploads\/2026\/09\/WhatsApp-Image-2026-08-31-at-18.35.03-1-638x1024.jpeg 638w, https:\/\/notipampa.com\/wp-content\/uploads\/2026\/09\/WhatsApp-Image-2026-08-31-at-18.35.03-1-187x300.jpeg 187w, https:\/\/notipampa.com\/wp-content\/uploads\/2026\/09\/WhatsApp-Image-2026-08-31-at-18.35.03-1-767x1231.jpeg 767w, https:\/\/notipampa.com\/wp-content\/uploads\/2026\/09\/WhatsApp-Image-2026-08-31-at-18.35.03-1.jpeg 798w\" sizes=\"(max-width: 638px) 100vw, 638px\" \/><\/figure>\n<\/figure>\n\n\n\n<p class=\"wp-block-paragraph\"><\/p>\n","protected":false},"excerpt":{"rendered":"<p>Un grupo de vecinos de Intendente Alvear volvi\u00f3 a presentar un reclamo formal ante las autoridades municipales por la situaci\u00f3n<\/p>\n","protected":false},"author":1,"featured_media":19398,"comment_status":"open","ping_status":"open","sticky":false,"template":"","format":"standard","meta":{"colormag_page_container_layout":"default_layout","colormag_page_sidebar_layout":"default_layout","footnotes":""},"categories":[6,8],"tags":[],"class_list":["post-19397","post","type-post","status-publish","format-standard","has-post-thumbnail","hentry","category-locales","category-ultimas-noticias"],"_links":{"self":[{"href":"https:\/\/notipampa.com\/index.php?rest_route=\/wp\/v2\/posts\/19397","targetHints":{"allow":["GET"]}}],"collection":[{"href":"https:\/\/notipampa.com\/index.php?rest_route=\/wp\/v2\/posts"}],"about":[{"href":"https:\/\/notipampa.com\/index.php?rest_route=\/wp\/v2\/types\/post"}],"author":[{"embeddable":true,"href":"https:\/\/notipampa.com\/index.php?rest_route=\/wp\/v2\/users\/1"}],"replies":[{"embeddable":true,"href":"https:\/\/notipampa.com\/index.php?rest_route=%2Fwp%2Fv2%2Fcomments&post=19397"}],"version-history":[{"count":1,"href":"https:\/\/notipampa.com\/index.php?rest_route=\/wp\/v2\/posts\/19397\/revisions"}],"predecessor-version":[{"id":19401,"href":"https:\/\/notipampa.com\/index.php?rest_route=\/wp\/v2\/posts\/19397\/revisions\/19401"}],"wp:featuredmedia":[{"embeddable":true,"href":"https:\/\/notipampa.com\/index.php?rest_route=\/wp\/v2\/media\/19398"}],"wp:attachment":[{"href":"https:\/\/notipampa.com\/index.php?rest_route=%2Fwp%2Fv2%2Fmedia&parent=19397"}],"wp:term":[{"taxonomy":"category","embeddable":true,"href":"https:\/\/notipampa.com\/index.php?rest_route=%2Fwp%2Fv2%2Fcategories&post=19397"},{"taxonomy":"post_tag","embeddable":true,"href":"https:\/\/notipampa.com\/index.php?rest_route=%2Fwp%2Fv2%2Ftags&post=19397"}],"curies":[{"name":"wp","href":"https:\/\/api.w.org\/{rel}","templated":true}]}}