{"id":19394,"date":"2026-09-01T07:51:41","date_gmt":"2026-09-01T10:51:41","guid":{"rendered":"https:\/\/notipampa.com\/?p=19394"},"modified":"2026-09-01T07:51:41","modified_gmt":"2026-09-01T10:51:41","slug":"hiperconectados-pero-solos-como-la-epidemia-de-la-soledad-acompanada-afecta-la-salud-mental","status":"publish","type":"post","link":"https:\/\/notipampa.com\/?p=19394","title":{"rendered":"Hiperconectados pero solos: c\u00f3mo la epidemia de la \u201csoledad acompa\u00f1ada\u201d afecta la salud mental"},"content":{"rendered":"\n<p class=\"wp-block-paragraph\"><strong>En una sociedad saturada de contactos virtuales y est\u00edmulos constantes, existe una enorme compa\u00f1\u00eda superficial, pero escasea la conexi\u00f3n real, la comunicaci\u00f3n aut\u00e9ntica y eso lleva al aislamiento, que enferma el cuerpo y la mente<\/strong><\/p>\n\n\n\n<p class=\"wp-block-paragraph\">En una sociedad saturada de contactos virtuales y est\u00edmulos constantes, el concepto de&nbsp;<a rel=\"noopener\" href=\"https:\/\/www.infobae.com\/tag\/soledad\/\" target=\"_blank\">soledad&nbsp;<\/a>ha cobrado un nuevo significado: hay una enorme compa\u00f1\u00eda superficial, pero escasea la conexi\u00f3n real, la comunicaci\u00f3n aut\u00e9ntica. Ese d\u00e9ficit conduce al vac\u00edo de la&nbsp;<strong>soledad acompa\u00f1ada.<\/strong><\/p>\n\n\n\n<p class=\"wp-block-paragraph\"><strong>Este aislamiento contempor\u00e1neo enferma el cuerpo y la mente.<\/strong><\/p>\n\n\n\n<p class=\"wp-block-paragraph\">En columnas anteriores abordamos c\u00f3mo la era del clic constante ha secuestrado nuestros circuitos de&nbsp;<a rel=\"noopener\" href=\"https:\/\/www.infobae.com\/salud\/2026\/08\/18\/el-vinculo-entre-dopamina-y-adiccion-digital-como-el-cerebro-queda-atrapado-en-la-era-del-clic\/\" target=\"_blank\"><strong>recompensa<\/strong><\/a>: El v\u00ednculo entre dopamina y adicci\u00f3n digital: c\u00f3mo el cerebro queda atrapado en la era del clic. Tambi\u00e9n analizamos c\u00f3mo, al borde del agotamiento cr\u00f3nico, el cerebro suplica por&nbsp;<a rel=\"noopener\" href=\"https:\/\/www.infobae.com\/salud\/2026\/08\/25\/microdescansos-para-resetear-el-cerebro-por-que-son-clave-para-combatir-el-cansancio-cronico-en-la-era-digital\/\" target=\"_blank\">microdescansos<\/a>&nbsp;para resetearse.<\/p>\n\n\n\n<p class=\"wp-block-paragraph\">En ese intento desesperado por no perdernos de nada, por estar en todas partes, la soledad se vuelve malestar y dolor.&nbsp;<strong>Esta hiperconexi\u00f3n incesante gener\u00f3 una epidemia parad\u00f3jica de una nueva forma de sufrir: la soledad acompa\u00f1ada.<\/strong><\/p>\n\n\n\n<p class=\"wp-block-paragraph\">Si rastreamos la etimolog\u00eda de la palabra&nbsp;<strong>soledad<\/strong>, llegamos al lat\u00edn<em><strong>sol\u012dtas<\/strong><\/em>&nbsp;o&nbsp;<em><strong>solitatis<\/strong><\/em>, que, a su vez, deriva de&nbsp;<em><strong>solus<\/strong><\/em>. Originalmente,&nbsp;<em><strong>solus<\/strong><\/em>&nbsp;no ten\u00eda la carga negativa que le damos hoy; por el contrario, significaba&nbsp;<strong>entero<\/strong>,&nbsp;<strong>\u00fanico<\/strong>,&nbsp;<strong>sin otros<\/strong>; en esencia, encontrarse con&nbsp;<strong>uno mismo<\/strong>. Durante siglos, el&nbsp;<strong>solitario<\/strong>&nbsp;era aquel que se apartaba del ruido del mundo: el monje, el fil\u00f3sofo, el ermita\u00f1o, gozando de una&nbsp;<strong>carga conceptual positiva<\/strong>.<\/p>\n\n\n\n<h2 class=\"wp-block-heading\">\u00bfSabemos estar enteros cuando estamos a solas?<\/h2>\n\n\n\n<p class=\"wp-block-paragraph\"><img fetchpriority=\"high\" decoding=\"async\" alt=\"Un hombre de mediana edad con barba gris, vestido de azul y jeans, sentado en un sof\u00e1 gris, mirando su smartphone. Hay una taza, papel arrugado y libros en la mesa.\" height=\"768\" width=\"1408\" src=\"https:\/\/www.infobae.com\/resizer\/v2\/LUHNTKG255ECBFPGX7E6PPLDL4.png?auth=7a69cc16dc495892e91e131bd8bec969f90fa9eee64e285ff23ebb01e76b11b4&amp;smart=true&amp;width=350&amp;height=191&amp;quality=85\">La era digital transform\u00f3 la soledad en malestar y llev\u00f3 a llenar el silencio con notificaciones, chats grupales y scrolls infinitos. (Imagen Ilustrativa Infobae)<\/p>\n\n\n\n<p class=\"wp-block-paragraph\">Pero, en la era de la&nbsp;<strong>hiperconexi\u00f3n<\/strong>, el concepto es opuesto, y ya no queremos ni sabemos estar \u201centeros\u201d y a solas. Si bien la soledad aparece como&nbsp;<strong>aspiracional<\/strong>, en propagandas o turismo en la naturaleza, huimos del&nbsp;<strong>silencio<\/strong>&nbsp;llenando cada vac\u00edo con&nbsp;<strong>notificaciones<\/strong>,&nbsp;<strong>chats grupales<\/strong>&nbsp;y&nbsp;<strong>scrolls infinitos<\/strong>.<\/p>\n\n\n\n<p class=\"wp-block-paragraph\">En esa huida de la&nbsp;<strong>soledad reflexiva y constructiva<\/strong>, creamos un&nbsp;<strong>ox\u00edmoron existencial<\/strong>: la&nbsp;<strong>soledad acompa\u00f1ada<\/strong>. Este comportamiento parad\u00f3jico nos lleva a interactuar con cientos de personas al d\u00eda, pero sabiendo que&nbsp;<strong>nadie nos mira a los ojos o nos escucha<\/strong>&nbsp;sin la urgencia de la pr\u00f3xima&nbsp;<strong>notificaci\u00f3n<\/strong>. Esa mirada y escucha, que no nos ve ni comprende, nos deja en un estado de&nbsp;<strong>inanici\u00f3n de intimidad<\/strong>, y all\u00ed s\u00ed aparece el impacto de la real&nbsp;<strong>soledad<\/strong>.<\/p>\n\n\n\n<p class=\"wp-block-paragraph\">La&nbsp;<strong>soledad<\/strong>&nbsp;no es una falla ni un estado de \u00e1nimo melanc\u00f3lico, sino un&nbsp;<strong>mecanismo de supervivencia<\/strong>. As\u00ed como el&nbsp;<strong>dolor f\u00edsico<\/strong>&nbsp;nos advierte de un da\u00f1o tisular o de que algo nos lastima, el&nbsp;<strong>dolor social<\/strong>&nbsp;de la soledad evolucion\u00f3 como una&nbsp;<strong>alarma biol\u00f3gica<\/strong>&nbsp;para avisarle al hom\u00ednido que estaba aislado de la tribu y, por ende,&nbsp;<strong>en peligro de muerte frente a los depredadores.<\/strong><\/p>\n\n\n\n<p class=\"wp-block-paragraph\">La\u00a0<strong>neurobiolog\u00eda<\/strong>\u00a0nos demuestra que el cerebro humano procesa el\u00a0<strong>rechazo social<\/strong>\u00a0y el\u00a0<strong>aislamiento<\/strong>\u00a0activando las mismas\u00a0<strong>redes neuronales<\/strong>\u00a0que el dolor f\u00edsico; en concreto, la\u00a0<strong>corteza cingulada anterior dorsal<\/strong>. El cerebro no distingue entre una\u00a0<strong>herida f\u00edsica<\/strong>\u00a0y el\u00a0<strong>aislamiento agudo<\/strong>: estar verdaderamente solo duele en el cuerpo.<\/p>\n\n\n\n<p class=\"wp-block-paragraph\"><img decoding=\"async\" height=\"768\" width=\"1408\" src=\"https:\/\/www.infobae.com\/resizer\/v2\/ESQMQIOSW5FEJJJR6XZPW6TJNQ.png?auth=d0eb65795f64ead6db08b59a47d2dcd0b141cc3fa5b267198907fe0c823a3fff&amp;smart=true&amp;width=350&amp;height=191&amp;quality=85\" alt=\"Persona de espaldas en habitaci\u00f3n oscura usa celular. \u00cdconos de redes sociales como Facebook, Instagram, Twitter, chat y coraz\u00f3n se proyectan en las paredes.\">Los likes, mensajes y retuits activan la dopamina, pero no aportan la profundidad afectiva ni la oxitocina que sostienen los v\u00ednculos reales. (Imagen Ilustrativa Infobae)<\/p>\n\n\n\n<p class=\"wp-block-paragraph\">El problema es que, en la&nbsp;<strong>era digital<\/strong>, esa&nbsp;<strong>alarma adaptativa<\/strong>&nbsp;nunca se apaga. Al igual que la respuesta de&nbsp;<strong>estr\u00e9s adaptativa<\/strong>, la disfunci\u00f3n, la cronicidad y\/o intensidad del mecanismo adaptativo invierten su funci\u00f3n. Una respuesta est\u00e1 en la mutaci\u00f3n de nuestros&nbsp;<strong>v\u00ednculos<\/strong>, donde hemos confundido&nbsp;<strong>interacci\u00f3n<\/strong>&nbsp;con&nbsp;<strong>intimidad<\/strong>&nbsp;y nos hemos vuelto<a rel=\"noopener\" href=\"https:\/\/www.infobae.com\/salud\/2026\/08\/18\/el-vinculo-entre-dopamina-y-adiccion-digital-como-el-cerebro-queda-atrapado-en-la-era-del-clic\/\" target=\"_blank\">&nbsp;adictos a la&nbsp;<strong>fricci\u00f3n cero<\/strong><\/a>. Y soportar el \u201cinfierno de los otros\u201d no es sin fricci\u00f3n.<\/p>\n\n\n\n<p class=\"wp-block-paragraph\">Sustituimos la&nbsp;<strong>presencia<\/strong>, que requiere tiempo, esfuerzo y tolerancia, por&nbsp;<a href=\"https:\/\/www.infobae.com\/sociedad\/2026\/05\/16\/la-era-digital-y-el-declive-de-la-conexion-humana-consecuencias-de-la-presencia-tecnologica-en-la-vida-social\" target=\"_blank\" rel=\"noopener\">la&nbsp;<\/a><a href=\"https:\/\/www.infobae.com\/sociedad\/2026\/05\/16\/la-era-digital-y-el-declive-de-la-conexion-humana-consecuencias-de-la-presencia-tecnologica-en-la-vida-social\" target=\"_blank\" rel=\"noopener\"><strong>conectividad<\/strong><\/a>, que es inmediata, ef\u00edmera y descartable ante la frustraci\u00f3n. As\u00ed consumimos y acumulamos cantidad de&nbsp;<strong>comida chatarra emocional<\/strong>: un&nbsp;<strong>like<\/strong>, un&nbsp;<strong>mensaje reenviado<\/strong>, un&nbsp;<strong>comentario r\u00e1pido<\/strong>&nbsp;o un&nbsp;<strong>retuit<\/strong>.<\/p>\n\n\n\n<p class=\"wp-block-paragraph\">Estos estimulan nuestro&nbsp;<strong>circuito de dopamina<\/strong>, pero carecen de la&nbsp;<strong>profundidad afectiva<\/strong>, el&nbsp;<strong>contacto visual<\/strong>&nbsp;y la&nbsp;<strong>sincron\u00eda l\u00edmbica<\/strong>&nbsp;necesarias para anclarnos al otro, segregar&nbsp;<strong>oxitocina<\/strong>&nbsp;y&nbsp;<strong>apagar la se\u00f1al de alarma del cerebro<\/strong>. Son&nbsp;<strong>calor\u00edas vac\u00edas<\/strong>&nbsp;<strong>para nuestra psique:<\/strong>&nbsp;el individuo que se la pasa comiendo \u201cfast food\u201d, consumiendo interacciones constantemente, pero sigue \u201cdesnutrido\u201d afectivamente. Hay mucho, pero no hay&nbsp;<strong>nutrientes reales<\/strong>.<\/p>\n\n\n\n<p class=\"wp-block-paragraph\">Y aqu\u00ed aparece otro eslab\u00f3n de esta\u00a0<strong>etiolog\u00eda<\/strong>, que es el consecuente\u00a0<strong>cansancio cr\u00f3nico<\/strong>\u00a0del que ya habl\u00e1bamos, ya que sostener una\u00a0<strong>relaci\u00f3n humana<\/strong>\u00a0o\u00a0<strong>v\u00ednculo real<\/strong>\u00a0exige\u00a0<strong>energ\u00eda cognitiva<\/strong>\u00a0y\u00a0<strong>emocional<\/strong>: hay que escuchar, aceptar e interpretar silencios, miradas, lo que a veces llamamos \u201cponer el cuerpo\u201d.<\/p>\n\n\n\n<p class=\"wp-block-paragraph\"><img decoding=\"async\" height=\"1536\" width=\"2752\" src=\"https:\/\/www.infobae.com\/resizer\/v2\/Q4OHOJX6LRC77GF4HXLL3ZT6TQ.png?auth=0f4a000b7456f0520d526e263d99de41341d5755c8ac0bb414c2a6b6965af986&amp;smart=true&amp;width=350&amp;height=195&amp;quality=85\" alt=\"Joven en sof\u00e1 cubriendo su cara, rodeado de smartphone, laptop, tablet y TV encendidos. Una mesa con libro abierto, tocadiscos y c\u00e1mara anal\u00f3gica.\">El cansancio cr\u00f3nico y la atenci\u00f3n fragmentada reducen la empat\u00eda y dificultan estar presentes para los dem\u00e1s y para uno mismo. (Imagen Ilustrativa Infobae)<\/p>\n\n\n\n<p class=\"wp-block-paragraph\">Pero nuestro cerebro, entre el&nbsp;<strong>ruido digital<\/strong>&nbsp;y el&nbsp;<strong>agotamiento cr\u00f3nico<\/strong>, ya no tiene resto para ese nivel de entrega ni para la&nbsp;<strong>empat\u00eda<\/strong>, tantas veces declamada y reclamada. Entonces, al igual que el trabajo cognitivo, se baja de nivel y pasamos de ser&nbsp;<strong>actores activos<\/strong>&nbsp;a&nbsp;<strong>espectadores pasivos y fragmentados<\/strong>&nbsp;de la vida de los dem\u00e1s y, a\u00fan peor, incluso de la nuestra.<\/p>\n\n\n\n<p class=\"wp-block-paragraph\">Si bien estamos f\u00edsicamente, nuestra&nbsp;<strong>atenci\u00f3n<\/strong>&nbsp;est\u00e1 fragmentada en mil reclamos externos. Esto explica la g\u00e9nesis de la&nbsp;<strong>soledad moderna<\/strong>: esa&nbsp;<strong>fragmentaci\u00f3n<\/strong>, p\u00e9rdida de la atenci\u00f3n y cansancio nos llevan a la incapacidad de estar verdaderamente&nbsp;<strong>presentes<\/strong>&nbsp;para el otro, ya que no lo estamos para nosotros mismos.<\/p>\n\n\n\n<p class=\"wp-block-paragraph\">Esta&nbsp;<strong>desconexi\u00f3n<\/strong>&nbsp;y esta&nbsp;<strong>alarma evolutiva<\/strong>&nbsp;encendida de forma permanente no son gratuitas. Nuestro cuerpo asume que est\u00e1 a la intemperie y en una&nbsp;<strong>amenaza constante<\/strong>, lo que desregula el eje&nbsp;<strong>hipot\u00e1lamo-hipofisario-adrenal (HPA)<\/strong>, traduci\u00e9ndose en un aumento de la&nbsp;<strong>inflamaci\u00f3n sist\u00e9mica<\/strong>.<img loading=\"lazy\" decoding=\"async\" alt=\"Un hombre con auriculares y una mujer sentados en un bordillo de la calle en una ciudad. \u00c9l mira su tel\u00e9fono, ella mira al frente. Fondo borroso de gente y taxis.\" height=\"1024\" width=\"1536\" src=\"https:\/\/www.infobae.com\/resizer\/v2\/XA4RJZZ635EY5OV4L2AFJZNWAM.png?auth=f40bf9683e92a9938c219bc7dc2739a15a06225c9533223cb13c6520baa392a5&amp;smart=true&amp;width=350&amp;height=233&amp;quality=85\">El aislamiento percibido activa mecanismos de alarma, altera el estr\u00e9s, afecta la salud general y expone el l\u00edmite de una sociabilidad apoyada casi por completo en lo virtual (Imagen Ilustrativa Infobae)<\/p>\n\n\n\n<p class=\"wp-block-paragraph\">Al igual que vemos en todo proceso de alarma o supervivencia, se alteran todos los&nbsp;<strong>ritmos b\u00e1sicos<\/strong>, como dormir en alerta para protegerse de depredadores, ya que se est\u00e1 solo ante ellos. La persona se enferma f\u00edsicamente porque su biolog\u00eda asume que est\u00e1 sola, aunque rodeada de dispositivos y cientos de personas, en una situaci\u00f3n semejante.<\/p>\n\n\n\n<p class=\"wp-block-paragraph\">Un reciente&nbsp;<a rel=\"noopener\" href=\"https:\/\/www.nature.com\/articles\/s41467-026-74758-7\" target=\"_blank\">estudio&nbsp;<\/a>publicado en&nbsp;<strong>Nature<\/strong>&nbsp;en julio de 2026 demuestra que la&nbsp;<strong>percepci\u00f3n subjetiva de aislamiento<\/strong>&nbsp;o de no tener una&nbsp;<strong>red de contenci\u00f3n real<\/strong>&nbsp;empeora dr\u00e1sticamente la&nbsp;<strong>salud mental<\/strong>&nbsp;y general.<\/p>\n\n\n\n<p class=\"wp-block-paragraph\">El trabajo mostr\u00f3 que el cerebro, cuando percibe que sus v\u00ednculos carecen de&nbsp;<strong>profundidad emocional<\/strong>, reacciona como si estuviera bajo&nbsp;<strong>amenaza<\/strong>, independientemente de la cantidad de personas que lo rodeen.<img loading=\"lazy\" decoding=\"async\" alt=\"Un adolescente de 16-17 a\u00f1os con cabello oscuro y sudadera gris mira un celular con una interfaz de chat gen\u00e9rica en una habitaci\u00f3n oscura por la noche.\" height=\"768\" width=\"1408\" src=\"https:\/\/www.infobae.com\/resizer\/v2\/5K7YI5QN3ZD7RDXXEIY65XZTUY.png?auth=83c6a0d075f4e9a4f372dcab891e800b804b0b5cedd3ba843c01be98cd67c10d&amp;smart=true&amp;width=350&amp;height=191&amp;quality=85\">Un estudio publicado en Nature en 2026 vincul\u00f3 la percepci\u00f3n de aislamiento y la falta de una red de contenci\u00f3n real con un deterioro de la salud mental y general. (Imagen Ilustrativa Infobae)<\/p>\n\n\n\n<p class=\"wp-block-paragraph\">Cuando la soledad se vuelve nuestro&nbsp;<strong>estado basal<\/strong>, el dolor se vuelve invisible para el entorno, ya que el que padece esta \u201csoledad acompa\u00f1ada\u201d sigue funcionando: trabaja, cumple con sus ritos sociales, participa en redes y sonr\u00ede en las fotos, pero por dentro experimenta un&nbsp;<strong>vac\u00edo incomunicable<\/strong>. Ya no contamos lo que nos duele porque asumimos que hay que mostrar que se est\u00e1 muy bien, igual que los otros muestran en sus redes, y no hay nadie verdaderamente dispuesto a escuchar, menos a\u00fan nuestro&nbsp;<strong>malestar<\/strong>.<\/p>\n\n\n\n<p class=\"wp-block-paragraph\">Cuando alguien siente que su&nbsp;<strong>angustia<\/strong>, su&nbsp;<strong>dolor<\/strong>, son inaudibles para esa multitud hiperconectada que lo rodea, la&nbsp;<strong>comunicaci\u00f3n<\/strong>&nbsp;no existe. La soledad deja de ser un&nbsp;<strong>s\u00edntoma<\/strong>&nbsp;y se transforma en un&nbsp;<strong>callej\u00f3n sin salida<\/strong>, en desesperaci\u00f3n generada por la&nbsp;<strong>incomunicaci\u00f3n<\/strong>. Ese&nbsp;<strong>aislamiento existencial<\/strong>&nbsp;nos convence de que quiz\u00e1s a nadie le importa nuestra presencia o ausencia real, solo la virtual.<\/p>\n\n\n\n<p class=\"wp-block-paragraph\">Y, finalmente, se trata de&nbsp;<strong>aislamiento<\/strong>&nbsp;por la falta de&nbsp;<strong>comunicaci\u00f3n real<\/strong>. Si el puente hacia el otro es solo&nbsp;<strong>virtual<\/strong>, la multitud amplifica el&nbsp;<strong>vac\u00edo interior<\/strong>&nbsp;y se contempla el&nbsp;<strong>abismo<\/strong>. Tal como&nbsp;<strong>Eco<\/strong>, que resuena en el abismo de&nbsp;<strong>Narciso<\/strong>, los ecos de nuestros propios pensamientos nos impiden dejar de pensar.<\/p>\n\n\n\n<p class=\"wp-block-paragraph\"><br><\/p>\n","protected":false},"excerpt":{"rendered":"<p>En una sociedad saturada de contactos virtuales y est\u00edmulos constantes, existe una enorme compa\u00f1\u00eda superficial, pero escasea la conexi\u00f3n real,<\/p>\n","protected":false},"author":1,"featured_media":19395,"comment_status":"open","ping_status":"open","sticky":false,"template":"","format":"standard","meta":{"colormag_page_container_layout":"default_layout","colormag_page_sidebar_layout":"default_layout","footnotes":""},"categories":[53,8],"tags":[],"class_list":["post-19394","post","type-post","status-publish","format-standard","has-post-thumbnail","hentry","category-salud","category-ultimas-noticias"],"_links":{"self":[{"href":"https:\/\/notipampa.com\/index.php?rest_route=\/wp\/v2\/posts\/19394","targetHints":{"allow":["GET"]}}],"collection":[{"href":"https:\/\/notipampa.com\/index.php?rest_route=\/wp\/v2\/posts"}],"about":[{"href":"https:\/\/notipampa.com\/index.php?rest_route=\/wp\/v2\/types\/post"}],"author":[{"embeddable":true,"href":"https:\/\/notipampa.com\/index.php?rest_route=\/wp\/v2\/users\/1"}],"replies":[{"embeddable":true,"href":"https:\/\/notipampa.com\/index.php?rest_route=%2Fwp%2Fv2%2Fcomments&post=19394"}],"version-history":[{"count":1,"href":"https:\/\/notipampa.com\/index.php?rest_route=\/wp\/v2\/posts\/19394\/revisions"}],"predecessor-version":[{"id":19396,"href":"https:\/\/notipampa.com\/index.php?rest_route=\/wp\/v2\/posts\/19394\/revisions\/19396"}],"wp:featuredmedia":[{"embeddable":true,"href":"https:\/\/notipampa.com\/index.php?rest_route=\/wp\/v2\/media\/19395"}],"wp:attachment":[{"href":"https:\/\/notipampa.com\/index.php?rest_route=%2Fwp%2Fv2%2Fmedia&parent=19394"}],"wp:term":[{"taxonomy":"category","embeddable":true,"href":"https:\/\/notipampa.com\/index.php?rest_route=%2Fwp%2Fv2%2Fcategories&post=19394"},{"taxonomy":"post_tag","embeddable":true,"href":"https:\/\/notipampa.com\/index.php?rest_route=%2Fwp%2Fv2%2Ftags&post=19394"}],"curies":[{"name":"wp","href":"https:\/\/api.w.org\/{rel}","templated":true}]}}