{"id":19391,"date":"2026-09-01T07:37:37","date_gmt":"2026-09-01T10:37:37","guid":{"rendered":"https:\/\/notipampa.com\/?p=19391"},"modified":"2026-09-01T07:37:37","modified_gmt":"2026-09-01T10:37:37","slug":"fin-de-una-era-lionel-messi-anuncio-su-retiro-definitivo-de-la-seleccion-argentina","status":"publish","type":"post","link":"https:\/\/notipampa.com\/?p=19391","title":{"rendered":"Fin de una era: Lionel Messi anunci\u00f3 su retiro definitivo de la Selecci\u00f3n Argentina"},"content":{"rendered":"\n<p class=\"wp-block-paragraph\"><strong>Lionel Andr\u00e9s Messi<\/strong>&nbsp;ha oficializado su retiro de la Selecci\u00f3n Argentina de f\u00fatbol, poniendo punto final a una trayectoria inigualable que transform\u00f3 el deporte nacional. El capit\u00e1n, quien comunic\u00f3 su decisi\u00f3n a trav\u00e9s de una emotiva carta y un video, revel\u00f3 que la determinaci\u00f3n fue tomada el pasado 21 de julio, tras la final ante Espa\u00f1a, y ratificada tras el fallecimiento de su padre, Jorge, ocurrido el 8 de agosto.<\/p>\n\n\n\n<h3 class=\"wp-block-heading\">Un legado de dos d\u00e9cadas<\/h3>\n\n\n\n<p class=\"wp-block-paragraph\">Con&nbsp;<strong>207 partidos disputados, 125 goles y 68 asistencias<\/strong>, Messi se despide como el m\u00e1ximo referente hist\u00f3rico de la Albiceleste. Su camino comenz\u00f3 de manera accidentada el 17 de agosto de 2005, cuando fue expulsado a los 40 segundos de su debut ante Hungr\u00eda. Sin embargo, su carrera en juveniles ya promet\u00eda grandeza, liderando al equipo hacia el t\u00edtulo en el&nbsp;<strong>Mundial Sub 20 de 2005<\/strong>&nbsp;en Pa\u00edses Bajos, donde fue goleador y Bal\u00f3n de Oro.<\/p>\n\n\n\n<h3 class=\"wp-block-heading\">La era de las finales y la redenci\u00f3n<\/h3>\n\n\n\n<p class=\"wp-block-paragraph\">Tras a\u00f1os de frustraciones, incluyendo las finales perdidas en el Mundial 2014 y las Copas Am\u00e9rica 2015 y 2016 \u2014momento en el que anunci\u00f3 un retiro temporal\u2014, Messi regres\u00f3 para liderar una renovaci\u00f3n hist\u00f3rica. Bajo la direcci\u00f3n de&nbsp;<strong>Lionel Scaloni<\/strong>, el equipo alcanz\u00f3 la gloria en la&nbsp;<strong>Copa Am\u00e9rica 2021<\/strong>, la&nbsp;<strong>Finalissima 2022<\/strong>&nbsp;y, finalmente, la cumbre en el&nbsp;<strong>Mundial de Qatar 2022<\/strong>, donde Messi fue figura clave con 7 goles y 3 asistencias.<\/p>\n\n\n\n<h3 class=\"wp-block-heading\">El \u00faltimo cap\u00edtulo<\/h3>\n\n\n\n<p class=\"wp-block-paragraph\">Su participaci\u00f3n en el Mundial 2026 marc\u00f3 su sexta presencia en la cita m\u00e1xima, donde anot\u00f3 8 goles y alcanz\u00f3 la cifra de 21 tantos en Mundiales, consolid\u00e1ndose como el segundo m\u00e1ximo artillero hist\u00f3rico de la competencia. La final ante Espa\u00f1a, que termin\u00f3 en derrota por 1-0, marc\u00f3 el cierre de su ciclo internacional.<\/p>\n\n\n\n<p class=\"wp-block-paragraph\">En su mensaje de despedida, Messi expres\u00f3:&nbsp;<strong>\u201cMe vaci\u00e9, ya no tengo m\u00e1s para dar y aparte vienen chicos muy grandes atr\u00e1s que merecen estar\u201d<\/strong>. El capit\u00e1n, que continuar\u00e1 su carrera en el&nbsp;<strong>Inter Miami<\/strong>&nbsp;de la MLS hasta 2028, agradeci\u00f3 a su familia, compa\u00f1eros y entrenadores, cerrando su comunicado con un sentido: \u201cGracias Dios por hacerme argentino. \u00a1Vamos Argentina!\u201d<\/p>\n","protected":false},"excerpt":{"rendered":"<p>Lionel Andr\u00e9s Messi&nbsp;ha oficializado su retiro de la Selecci\u00f3n Argentina de f\u00fatbol, poniendo punto final a una trayectoria inigualable que<\/p>\n","protected":false},"author":1,"featured_media":19392,"comment_status":"open","ping_status":"open","sticky":false,"template":"","format":"standard","meta":{"colormag_page_container_layout":"default_layout","colormag_page_sidebar_layout":"default_layout","footnotes":""},"categories":[5,10,8],"tags":[],"class_list":["post-19391","post","type-post","status-publish","format-standard","has-post-thumbnail","hentry","category-nacionales","category-sports","category-ultimas-noticias"],"_links":{"self":[{"href":"https:\/\/notipampa.com\/index.php?rest_route=\/wp\/v2\/posts\/19391","targetHints":{"allow":["GET"]}}],"collection":[{"href":"https:\/\/notipampa.com\/index.php?rest_route=\/wp\/v2\/posts"}],"about":[{"href":"https:\/\/notipampa.com\/index.php?rest_route=\/wp\/v2\/types\/post"}],"author":[{"embeddable":true,"href":"https:\/\/notipampa.com\/index.php?rest_route=\/wp\/v2\/users\/1"}],"replies":[{"embeddable":true,"href":"https:\/\/notipampa.com\/index.php?rest_route=%2Fwp%2Fv2%2Fcomments&post=19391"}],"version-history":[{"count":1,"href":"https:\/\/notipampa.com\/index.php?rest_route=\/wp\/v2\/posts\/19391\/revisions"}],"predecessor-version":[{"id":19393,"href":"https:\/\/notipampa.com\/index.php?rest_route=\/wp\/v2\/posts\/19391\/revisions\/19393"}],"wp:featuredmedia":[{"embeddable":true,"href":"https:\/\/notipampa.com\/index.php?rest_route=\/wp\/v2\/media\/19392"}],"wp:attachment":[{"href":"https:\/\/notipampa.com\/index.php?rest_route=%2Fwp%2Fv2%2Fmedia&parent=19391"}],"wp:term":[{"taxonomy":"category","embeddable":true,"href":"https:\/\/notipampa.com\/index.php?rest_route=%2Fwp%2Fv2%2Fcategories&post=19391"},{"taxonomy":"post_tag","embeddable":true,"href":"https:\/\/notipampa.com\/index.php?rest_route=%2Fwp%2Fv2%2Ftags&post=19391"}],"curies":[{"name":"wp","href":"https:\/\/api.w.org\/{rel}","templated":true}]}}