{"id":19380,"date":"2026-08-31T07:36:26","date_gmt":"2026-08-31T10:36:26","guid":{"rendered":"https:\/\/notipampa.com\/?p=19380"},"modified":"2026-08-31T07:36:26","modified_gmt":"2026-08-31T10:36:26","slug":"alvear-se-concreto-la-primera-compactacion-de-vehiculos-retenidos-en-casi-una-decada","status":"publish","type":"post","link":"https:\/\/notipampa.com\/?p=19380","title":{"rendered":"Alvear: Se concret\u00f3 la primera compactaci\u00f3n de veh\u00edculos retenidos en casi una d\u00e9cada"},"content":{"rendered":"\n<p class=\"wp-block-paragraph\"><strong>La Municipalidad de Intendente Alvear concret\u00f3 este viernes la primera jornada de compactaci\u00f3n de veh\u00edculos y motoveh\u00edculos retenidos en el dep\u00f3sito municipal, un procedimiento que se lleva adelante luego de cumplir las instancias administrativas y judiciales correspondientes.<\/strong><\/p>\n\n\n\n<p class=\"wp-block-paragraph\">Durante la jornada se compactaron&nbsp;<strong>cerca de 200 motoveh\u00edculos y algunos autom\u00f3viles<\/strong>&nbsp;que permanec\u00edan retenidos por distintas irregularidades y cuyos propietarios, en determinados casos, hab\u00edan renunciado a su tenencia. La intendenta&nbsp;<strong>Agustina Garc\u00eda<\/strong>&nbsp;destac\u00f3 que se trata de un procedimiento que la Municipalidad ven\u00eda anunciando desde hace varios meses y se\u00f1al\u00f3 que es&nbsp;<strong>la primera vez que un cami\u00f3n compactador llega a Intendente Alvear<\/strong>&nbsp;para realizar este trabajo. La \u00faltima vez que se hab\u00eda enviado material para su disposici\u00f3n fue en&nbsp;<strong>2017<\/strong>, aproximadamente diez a\u00f1os atr\u00e1s.<\/p>\n\n\n\n<p class=\"wp-block-paragraph\">\u201cEstos son veh\u00edculos con irregularidades que fueron retenidos y secuestrados por el Juzgado de Faltas y cuyos due\u00f1os han renunciado a su tenencia\u201d, explic\u00f3 Garc\u00eda. En este sentido, remarc\u00f3 que la acumulaci\u00f3n de unidades en el dep\u00f3sito municipal no solo representa una problem\u00e1tica por el espacio que ocupan, sino que tambi\u00e9n puede convertirse en una situaci\u00f3n de contaminaci\u00f3n.<\/p>\n\n\n\n<p class=\"wp-block-paragraph\">La jefa comunal destac\u00f3 adem\u00e1s el trabajo realizado a partir de la aprobaci\u00f3n, el a\u00f1o pasado, de la ordenanza municipal que habilit\u00f3 el procedimiento. \u201cCreemos que es un gran paso desde el a\u00f1o pasado, que se aprob\u00f3 la ordenanza municipal por unanimidad\u201d, sostuvo, y agreg\u00f3 que la jornada representa el resultado de un proceso que se llev\u00f3 adelante respetando las instancias correspondientes.<\/p>\n\n\n\n<p class=\"wp-block-paragraph\">Por su parte, el juez de Faltas,&nbsp;<strong>Germ\u00e1n Chichizola<\/strong>, se\u00f1al\u00f3 que la compactaci\u00f3n constitu\u00eda uno de los objetivos planteados desde el Juzgado, con el acompa\u00f1amiento del Departamento Ejecutivo, la Polic\u00eda y el Concejo Deliberante.<\/p>\n\n\n\n<p class=\"wp-block-paragraph\">\u201cSe compactan casi 200 motos y algunos autos\u201d, precis\u00f3 Chichizola, quien adem\u00e1s inform\u00f3 que&nbsp;<strong>est\u00e1 previsto que dentro de aproximadamente dos meses la empresa regrese a la localidad<\/strong>&nbsp;con la m\u00e1quina compactadora para continuar con la disposici\u00f3n de m\u00e1s autom\u00f3viles.<\/p>\n\n\n\n<p class=\"wp-block-paragraph\">El juez tambi\u00e9n agreg\u00f3 que, luego de la publicaci\u00f3n de los edictos correspondientes, algunos propietarios se presentaron ante el Juzgado, completaron la documentaci\u00f3n requerida y, tras regularizar su situaci\u00f3n, pudieron recuperar sus motocicletas. En otros casos, los titulares&nbsp;<strong>renunciaron expresamente a la tenencia<\/strong>, por lo que esas unidades fueron incorporadas al procedimiento de compactaci\u00f3n.<\/p>\n\n\n\n<p class=\"wp-block-paragraph\">De esta manera, se logr\u00f3 avanzar sobre veh\u00edculos que permanec\u00edan retenidos y ocupaban espacio en el dep\u00f3sito municipal, adem\u00e1s de representar una potencial fuente de contaminaci\u00f3n. Para llevar adelante el procedimiento, la Municipalidad contrat\u00f3 a una empresa compactadora que posteriormente destina el material resultante a su disposici\u00f3n final. Seg\u00fan se inform\u00f3, se trata de una empresa de Tandil que actualmente se encuentra trabajando en distintos puntos de la provincia de La Pampa. El resultado del proceso de compactaci\u00f3n arroj\u00f3 un total de 18 toneladas de material.&nbsp;<\/p>\n\n\n\n<p class=\"wp-block-paragraph\">Desde la Municipalidad destacaron que la concreci\u00f3n de esta primera jornada representa un avance en el ordenamiento urbano y en el cumplimiento del procedimiento establecido por la normativa vigente, siempre garantizando que los titulares puedan regularizar su situaci\u00f3n.<\/p>\n\n\n\n<figure class=\"wp-block-image size-large\"><img fetchpriority=\"high\" decoding=\"async\" width=\"1024\" height=\"473\" src=\"https:\/\/notipampa.com\/wp-content\/uploads\/2026\/08\/20260828_135332-1024x473.jpg\" alt=\"\" class=\"wp-image-19382\" srcset=\"https:\/\/notipampa.com\/wp-content\/uploads\/2026\/08\/20260828_135332-1024x473.jpg 1024w, https:\/\/notipampa.com\/wp-content\/uploads\/2026\/08\/20260828_135332-300x139.jpg 300w, https:\/\/notipampa.com\/wp-content\/uploads\/2026\/08\/20260828_135332-767x354.jpg 767w, https:\/\/notipampa.com\/wp-content\/uploads\/2026\/08\/20260828_135332-1536x709.jpg 1536w, https:\/\/notipampa.com\/wp-content\/uploads\/2026\/08\/20260828_135332-2048x946.jpg 2048w\" sizes=\"(max-width: 1024px) 100vw, 1024px\" \/><\/figure>\n","protected":false},"excerpt":{"rendered":"<p>La Municipalidad de Intendente Alvear concret\u00f3 este viernes la primera jornada de compactaci\u00f3n de veh\u00edculos y motoveh\u00edculos retenidos en el<\/p>\n","protected":false},"author":1,"featured_media":19381,"comment_status":"open","ping_status":"open","sticky":false,"template":"","format":"standard","meta":{"colormag_page_container_layout":"default_layout","colormag_page_sidebar_layout":"default_layout","footnotes":""},"categories":[6,8],"tags":[],"class_list":["post-19380","post","type-post","status-publish","format-standard","has-post-thumbnail","hentry","category-locales","category-ultimas-noticias"],"_links":{"self":[{"href":"https:\/\/notipampa.com\/index.php?rest_route=\/wp\/v2\/posts\/19380","targetHints":{"allow":["GET"]}}],"collection":[{"href":"https:\/\/notipampa.com\/index.php?rest_route=\/wp\/v2\/posts"}],"about":[{"href":"https:\/\/notipampa.com\/index.php?rest_route=\/wp\/v2\/types\/post"}],"author":[{"embeddable":true,"href":"https:\/\/notipampa.com\/index.php?rest_route=\/wp\/v2\/users\/1"}],"replies":[{"embeddable":true,"href":"https:\/\/notipampa.com\/index.php?rest_route=%2Fwp%2Fv2%2Fcomments&post=19380"}],"version-history":[{"count":1,"href":"https:\/\/notipampa.com\/index.php?rest_route=\/wp\/v2\/posts\/19380\/revisions"}],"predecessor-version":[{"id":19383,"href":"https:\/\/notipampa.com\/index.php?rest_route=\/wp\/v2\/posts\/19380\/revisions\/19383"}],"wp:featuredmedia":[{"embeddable":true,"href":"https:\/\/notipampa.com\/index.php?rest_route=\/wp\/v2\/media\/19381"}],"wp:attachment":[{"href":"https:\/\/notipampa.com\/index.php?rest_route=%2Fwp%2Fv2%2Fmedia&parent=19380"}],"wp:term":[{"taxonomy":"category","embeddable":true,"href":"https:\/\/notipampa.com\/index.php?rest_route=%2Fwp%2Fv2%2Fcategories&post=19380"},{"taxonomy":"post_tag","embeddable":true,"href":"https:\/\/notipampa.com\/index.php?rest_route=%2Fwp%2Fv2%2Ftags&post=19380"}],"curies":[{"name":"wp","href":"https:\/\/api.w.org\/{rel}","templated":true}]}}