{"id":19374,"date":"2026-08-31T07:29:50","date_gmt":"2026-08-31T10:29:50","guid":{"rendered":"https:\/\/notipampa.com\/?p=19374"},"modified":"2026-08-31T07:29:50","modified_gmt":"2026-08-31T10:29:50","slug":"la-policia-de-la-pampa-celebro-140-anos-de-historia-compromiso-y-servicio","status":"publish","type":"post","link":"https:\/\/notipampa.com\/?p=19374","title":{"rendered":"La Polic\u00eda de La Pampa celebr\u00f3 140 a\u00f1os de historia, compromiso y servicio"},"content":{"rendered":"\n<p class=\"wp-block-paragraph\"><strong>La Polic\u00eda de La Pampa conmemor\u00f3 este domingo el 140\u00b0 aniversario de la creaci\u00f3n del servicio policial en el territorio provincial, con un acto central que reuni\u00f3 a autoridades, personal policial en actividad y retiro, representantes de fuerzas de seguridad, familiares, vecinas y vecinos. \u00a0<\/strong><\/p>\n\n\n\n<p class=\"wp-block-paragraph\">El acto se desarroll\u00f3 en la Avenida Belgrano, fuera del Instituto Superior Policial, encabezado por el ministro de Seguridad y Justicia, Horacio di N\u00e1poli, junto al jefe de Polic\u00eda, Dar\u00edo Cano, y el subjefe, Alfredo Sergio Calzada. Participaron, adem\u00e1s, autoridades provinciales, legislativas, municipales y judiciales, representantes de las fuerzas de Seguridad nacionales y delegaciones de las Polic\u00edas de R\u00edo Negro y San Luis.<\/p>\n\n\n\n<p class=\"wp-block-paragraph\"><strong>140 a\u00f1os de servicio y compromiso<\/strong><br>Durante su discurso, el jefe de Polic\u00eda pampeana destac\u00f3 el recorrido hist\u00f3rico de la instituci\u00f3n y el compromiso de quienes integran la fuerza. \u201cLa historia de la Polic\u00eda de La Pampa ha sido forjada por el car\u00e1cter, el sacrificio y la disciplina de quienes la hicieron grande\u201d, expres\u00f3.<br>Cano puso especialmente en valor la tarea cotidiana del personal policial. \u201cLa mujer y el hombre polic\u00edas son el primer escudo de la sociedad. Son los primeros en llegar ante la crisis y los \u00faltimos en retirarse\u201d, sostuvo, y remarc\u00f3 que la vocaci\u00f3n y la entereza son las herramientas que permiten enfrentar la adversidad y proteger a la comunidad.<br>En ese marco, el jefe policial realiz\u00f3 un balance de las acciones desarrolladas durante el \u00faltimo a\u00f1o para fortalecer las capacidades operativas de la instituci\u00f3n, con inversiones destinadas a movilidad, tecnolog\u00eda, equipamiento, infraestructura y protecci\u00f3n del personal.<br>Entre las incorporaciones que se efectuar\u00e1n en las pr\u00f3ximas semanadas se encuentran 31 nuevos patrulleros, equipamiento tecnol\u00f3gico para investigaci\u00f3n y videovigilancia, trailers destinados a la asistencia ante siniestros viales, chalecos antibalas, uniformes y equipos personales, nuevos recursos para los equipos de operaciones motorizadas y equipamiento para el Cuerpo de Bomberos. Tambi\u00e9n destac\u00f3 la incorporaci\u00f3n prevista de nuevos drones de uso industrial, con c\u00e1maras t\u00e9rmicas y herramientas de inteligencia artificial para tareas de reconocimiento, sujeto a las autorizaciones judiciales correspondientes.<br>\u201cUna fuerza de Seguridad moderna requiere, inexorablemente, de una log\u00edstica impecable y de herramientas adecuadas para el cumplimiento de su misi\u00f3n\u201d, afirm\u00f3 Cano, quien se\u00f1al\u00f3 que estas acciones son resultado del trabajo conjunto entre el Comando Jefatura, el Ministerio de Seguridad y Justicia y el Gobierno provincial.<\/p>\n\n\n\n<p class=\"wp-block-paragraph\"><strong>Capacitaci\u00f3n y profesionalizaci\u00f3n<\/strong><br>El jefe de Polic\u00eda tambi\u00e9n destac\u00f3 el crecimiento de las instancias de formaci\u00f3n. Se\u00f1al\u00f3 que durante el a\u00f1o se desarrollaron y se encuentran en ejecuci\u00f3n 56 capacitaciones especiales, con 1.148 cursantes, adem\u00e1s de la participaci\u00f3n de efectivos en capacitaciones junto a fuerzas nacionales y polic\u00edas de otras provincias.En el \u00e1mbito acad\u00e9mico, puso en valor el proceso iniciado con la Licenciatura en Seguridad P\u00fablica y Ciudadana de la Universidad Nacional de La Pampa, que comenz\u00f3 con m\u00e1s de 200 integrantes de la instituci\u00f3n y que actualmente transita su etapa final para gran parte de quienes cursan.&nbsp;\u201cEl conocimiento es el cimiento de nuestro profesionalismo\u201d, sostuvo Cano, al remarcar que la modernizaci\u00f3n de los recursos debe estar acompa\u00f1ada por la formaci\u00f3n permanente del personal.<\/p>\n\n\n\n<p class=\"wp-block-paragraph\"><strong>\u201cHay que enaltecer al polic\u00eda como persona\u201d<\/strong><br>A su turno, el ministro de Seguridad y Justicia, Horacio di N\u00e1poli, centr\u00f3 su mensaje en la dimensi\u00f3n humana de la funci\u00f3n policial y en la necesidad de acompa\u00f1ar el desarrollo profesional con valores, capacitaci\u00f3n y contenci\u00f3n.&nbsp;\u201cDesde el comienzo de la gesti\u00f3n, est\u00e1bamos convencidos con el se\u00f1or Gobernador que hab\u00eda que enaltecer al polic\u00eda persona, ser humano, por encima de ese uniforme que orgullosamente llevan todos los d\u00edas\u201d, afirm\u00f3.&nbsp;En ese sentido, destac\u00f3 que la dignidad, la honestidad y la moral son valores fundamentales para el ejercicio de la funci\u00f3n y valor\u00f3 el trabajo articulado entre el Ministerio y la Jefatura de Polic\u00eda para fortalecer la instituci\u00f3n.<br>Di N\u00e1poli tambi\u00e9n hizo referencia a las inversiones realizadas para fortalecer a la Polic\u00eda y se\u00f1al\u00f3 que \u201clas inversiones valen la pena, pero cuando van de la mano de una gran eficiencia por parte del personal\u201d. En esa l\u00ednea, vincul\u00f3 los recursos materiales y tecnol\u00f3gicos con la capacitaci\u00f3n y el profesionalismo de quienes los utilizan.&nbsp;El ministro remarc\u00f3 adem\u00e1s la importancia de generar mecanismos institucionales de escucha para el personal policial de las distintas jerarqu\u00edas. \u201cNo somos perfectos, necesitamos de todos ustedes para que nos digan justamente c\u00f3mo vamos en la gesti\u00f3n\u201d, sostuvo, y destac\u00f3 que la escucha debe estar acompa\u00f1ada por la responsabilidad de actuar en consecuencia.&nbsp;Finalmente, agradeci\u00f3 especialmente a las familias del personal policial por el acompa\u00f1amiento cotidiano y destac\u00f3 el compromiso de quienes cumplen funciones durante todo el a\u00f1o. \u201cA nuestra Polic\u00eda, gracias. Gracias por respetar nuestra seguridad, por ocuparse de ella, por acompa\u00f1arnos\u201d, expres\u00f3.<\/p>\n\n\n\n<p class=\"wp-block-paragraph\"><strong>Historia, presente y futuro<\/strong><br>Uno de los momentos especiales de la jornada fue la representaci\u00f3n hist\u00f3rica de los primeros polic\u00edas del territorio pampeano, protagonizada por efectivos retirados que vistieron uniformes de \u00e9poca y recrearon la presencia de aquellos hombres que, a caballo, desempe\u00f1aron las primeras tareas de seguridad hace 140 a\u00f1os.<br>Tambi\u00e9n se realiz\u00f3 un reconocimiento al suboficial principal Dar\u00edo Verde, quien culmin\u00f3 su trayectoria en la instituci\u00f3n luego de desempe\u00f1arse como precursor en el desarrollo y entrenamiento de canes para odorolog\u00eda forense. La distinci\u00f3n tuvo como protagonistas tambi\u00e9n a Mara y Milo, dos canes Malinois formados por Verde, con quienes comparti\u00f3 a\u00f1os de servicio y que ahora continuar\u00e1n junto a \u00e9l como parte de su familia.&nbsp;Como parte de la celebraci\u00f3n, se realiz\u00f3 el tradicional desfile, que permiti\u00f3 mostrar la diversidad y el despliegue territorial de la Polic\u00eda de La Pampa. A lo largo del recorrido estuvieron representadas distintas \u00e1reas, unidades y especialidades de la instituci\u00f3n, junto con la Banda Militar \u201cCapit\u00e1n Tocagni\u201d, las banderas y estandartes de las Unidades Regionales y las secciones de banderas del Instituto Superior Policial.<\/p>\n","protected":false},"excerpt":{"rendered":"<p>La Polic\u00eda de La Pampa conmemor\u00f3 este domingo el 140\u00b0 aniversario de la creaci\u00f3n del servicio policial en el territorio<\/p>\n","protected":false},"author":1,"featured_media":19375,"comment_status":"open","ping_status":"open","sticky":false,"template":"","format":"standard","meta":{"colormag_page_container_layout":"default_layout","colormag_page_sidebar_layout":"default_layout","footnotes":""},"categories":[4,8],"tags":[],"class_list":["post-19374","post","type-post","status-publish","format-standard","has-post-thumbnail","hentry","category-provincia","category-ultimas-noticias"],"_links":{"self":[{"href":"https:\/\/notipampa.com\/index.php?rest_route=\/wp\/v2\/posts\/19374","targetHints":{"allow":["GET"]}}],"collection":[{"href":"https:\/\/notipampa.com\/index.php?rest_route=\/wp\/v2\/posts"}],"about":[{"href":"https:\/\/notipampa.com\/index.php?rest_route=\/wp\/v2\/types\/post"}],"author":[{"embeddable":true,"href":"https:\/\/notipampa.com\/index.php?rest_route=\/wp\/v2\/users\/1"}],"replies":[{"embeddable":true,"href":"https:\/\/notipampa.com\/index.php?rest_route=%2Fwp%2Fv2%2Fcomments&post=19374"}],"version-history":[{"count":1,"href":"https:\/\/notipampa.com\/index.php?rest_route=\/wp\/v2\/posts\/19374\/revisions"}],"predecessor-version":[{"id":19376,"href":"https:\/\/notipampa.com\/index.php?rest_route=\/wp\/v2\/posts\/19374\/revisions\/19376"}],"wp:featuredmedia":[{"embeddable":true,"href":"https:\/\/notipampa.com\/index.php?rest_route=\/wp\/v2\/media\/19375"}],"wp:attachment":[{"href":"https:\/\/notipampa.com\/index.php?rest_route=%2Fwp%2Fv2%2Fmedia&parent=19374"}],"wp:term":[{"taxonomy":"category","embeddable":true,"href":"https:\/\/notipampa.com\/index.php?rest_route=%2Fwp%2Fv2%2Fcategories&post=19374"},{"taxonomy":"post_tag","embeddable":true,"href":"https:\/\/notipampa.com\/index.php?rest_route=%2Fwp%2Fv2%2Ftags&post=19374"}],"curies":[{"name":"wp","href":"https:\/\/api.w.org\/{rel}","templated":true}]}}