{"id":1930,"date":"2021-07-19T19:23:17","date_gmt":"2021-07-19T22:23:17","guid":{"rendered":"https:\/\/notipampa.com\/?p=1930"},"modified":"2021-07-19T19:23:18","modified_gmt":"2021-07-19T22:23:18","slug":"dos-pampeanos-imputados-por-amenaza-de-muerte-al-hijo-de-alberto-fernandez","status":"publish","type":"post","link":"https:\/\/notipampa.com\/?p=1930","title":{"rendered":"Dos pampeanos imputados por amenaza de muerte al hijo de Alberto Fern\u00e1ndez"},"content":{"rendered":"\n<p>Dos hermanos, residentes de la localidad de Eduardo Castex de 36 y 46 a\u00f1os, fueron acusados de haber amenazado de muerte y haber discriminado por medio de publicaciones en redes sociales a Estanislao Fern\u00e1ndez, el hijo del presidente de la Naci\u00f3n, Alberto Fern\u00e1ndez.<\/p>\n\n\n\n<p>As\u00ed lo informaron al diario La Naci\u00f3n calificadas fuentes con acceso al expediente penal. Los sospechosos, de 36 y 46 a\u00f1os, fueron imputados por los delitos de amenazas y tenencia de armas y acusados de haber violado la Ley de Discriminaci\u00f3n.<\/p>\n\n\n\n<p>La investigaci\u00f3n, a cargo del Juzgado Federal N\u00b0 12, subrogado por el juez federal Sebasti\u00e1n Casanello, se inici\u00f3 el martes pasado, tras la denuncia de la v\u00edctima.<\/p>\n\n\n\n<p>Seg\u00fan informaron los voceros consultados, en la denuncia se aportaron capturas de las amenazas de muerte y de violencia de g\u00e9nero sufridos por Estanislao Fern\u00e1ndez.<\/p>\n\n\n\n<p>Las amenazas habr\u00edan sido hechas por medio de perfiles de Instagram y Facebook, YouTube y correos electr\u00f3nicos.<\/p>\n\n\n\n<p>\u201cLo primero que se hizo fue pedir informaci\u00f3n de car\u00e1cter urgente a las empresas propietarias de las plataformas digitales y se determin\u00f3 que las publicaciones amenazantes y discriminatorias hab\u00eda sido hechas desde la localidad de Castex, en La Pampa\u201d, explicaron las fuentes consultadas al diario porte\u00f1o.<\/p>\n\n\n\n<p><strong>El paso siguiente fue la identificaci\u00f3n, a partir de \u201ctareas investigativas en fuentes abiertas\u201d de los supuestos autores de las publicaciones.<\/strong><\/p>\n\n\n\n<p>Con el avance de la investigaci\u00f3n y las pruebas reunidas, el juez Casanello orden\u00f3 un allanamiento en el domicilio donde, seg\u00fan la direcci\u00f3n de IP, se hab\u00edan hecho las amenazas.<\/p>\n\n\n\n<p><strong>En el operativo, los detectives de la PFA secuestraron dos tel\u00e9fonos celulares, una notebook y un rev\u00f3lver calibre 32 y, por orden judicial, quedaron detenidos los dos sospechosos, cuya identidad se mantiene en reserva.<\/strong><\/p>\n\n\n\n<p>Ayer, v\u00eda Zoom, los dos hermanos fueron indagados. Seg\u00fan fuentes de la causa, \u201cel imputado de 36 a\u00f1os reconoci\u00f3 los hechos y se hizo responsable\u201d, explicaron fuentes judiciales.<\/p>\n\n\n\n<p>Despu\u00e9s de la audiencia, el juez Casanello dispuso la prisi\u00f3n domiciliaria para el sospechoso que se hizo cargo de las amenazas y hechos discriminatorios. En cambio, su hermano fue excarcelado, pero ser\u00e1 monitoreado con una tobillera electr\u00f3nica.<\/p>\n\n\n\n<p>\u201cLas amenazas y actos discriminatorios por los que quedaron imputados fueron los hechos registrados en la plataforma Instagram y en los correos electr\u00f3nicos\u201d, afirmaron las fuentes consultadas.<\/p>\n","protected":false},"excerpt":{"rendered":"<p>Dos hermanos, residentes de la localidad de Eduardo Castex de 36 y 46 a\u00f1os, fueron acusados de haber amenazado de<\/p>\n","protected":false},"author":1,"featured_media":1931,"comment_status":"open","ping_status":"open","sticky":false,"template":"","format":"standard","meta":{"colormag_page_container_layout":"default_layout","colormag_page_sidebar_layout":"default_layout","footnotes":""},"categories":[4,8],"tags":[],"class_list":["post-1930","post","type-post","status-publish","format-standard","has-post-thumbnail","hentry","category-provincia","category-ultimas-noticias"],"_links":{"self":[{"href":"https:\/\/notipampa.com\/index.php?rest_route=\/wp\/v2\/posts\/1930","targetHints":{"allow":["GET"]}}],"collection":[{"href":"https:\/\/notipampa.com\/index.php?rest_route=\/wp\/v2\/posts"}],"about":[{"href":"https:\/\/notipampa.com\/index.php?rest_route=\/wp\/v2\/types\/post"}],"author":[{"embeddable":true,"href":"https:\/\/notipampa.com\/index.php?rest_route=\/wp\/v2\/users\/1"}],"replies":[{"embeddable":true,"href":"https:\/\/notipampa.com\/index.php?rest_route=%2Fwp%2Fv2%2Fcomments&post=1930"}],"version-history":[{"count":1,"href":"https:\/\/notipampa.com\/index.php?rest_route=\/wp\/v2\/posts\/1930\/revisions"}],"predecessor-version":[{"id":1932,"href":"https:\/\/notipampa.com\/index.php?rest_route=\/wp\/v2\/posts\/1930\/revisions\/1932"}],"wp:featuredmedia":[{"embeddable":true,"href":"https:\/\/notipampa.com\/index.php?rest_route=\/wp\/v2\/media\/1931"}],"wp:attachment":[{"href":"https:\/\/notipampa.com\/index.php?rest_route=%2Fwp%2Fv2%2Fmedia&parent=1930"}],"wp:term":[{"taxonomy":"category","embeddable":true,"href":"https:\/\/notipampa.com\/index.php?rest_route=%2Fwp%2Fv2%2Fcategories&post=1930"},{"taxonomy":"post_tag","embeddable":true,"href":"https:\/\/notipampa.com\/index.php?rest_route=%2Fwp%2Fv2%2Ftags&post=1930"}],"curies":[{"name":"wp","href":"https:\/\/api.w.org\/{rel}","templated":true}]}}