{"id":1926,"date":"2021-07-18T10:06:12","date_gmt":"2021-07-18T13:06:12","guid":{"rendered":"https:\/\/notipampa.com\/?p=1926"},"modified":"2021-07-18T10:06:13","modified_gmt":"2021-07-18T13:06:13","slug":"alvear-alejandro-bidegain-realizo-masterclass-de-saxofon","status":"publish","type":"post","link":"https:\/\/notipampa.com\/?p=1926","title":{"rendered":"Alvear: Alejandro Bidegain realiz\u00f3 Masterclass de saxof\u00f3n"},"content":{"rendered":"\n<p>El municipio de Intendente Alvear, mediante su Secretar\u00eda de Cultura organiz\u00f3 Masterclass de saxof\u00f3n para principiantes e intermedios entre los que se encuentran alumnos y alumnas de la Banda Sinf\u00f3nica local &#8220;Maestro Ricardo Vidale&#8221; bajo la direcci\u00f3n de Leonardo Gonz\u00e1lez.<\/p>\n\n\n\n<p>Bidegain inici\u00f3 su etapa de saxofonista en la Banda local desde ni\u00f1o y estudi\u00f3 en la Ciudad de Buenos Aires donde es un destacado saxofonista con actuaciones no solo nacionales sino internacionales.<\/p>\n\n\n\n<p>Los participantes recibieron un certificado de asistencia y tambi\u00e9n el entusiasmo de haber aprendido teor\u00edas y pr\u00e1cticas que har\u00e1n crecer su calidad interpretativa. <\/p>\n","protected":false},"excerpt":{"rendered":"<p>El municipio de Intendente Alvear, mediante su Secretar\u00eda de Cultura organiz\u00f3 Masterclass de saxof\u00f3n para principiantes e intermedios entre los<\/p>\n","protected":false},"author":1,"featured_media":1927,"comment_status":"open","ping_status":"open","sticky":false,"template":"","format":"standard","meta":{"colormag_page_container_layout":"default_layout","colormag_page_sidebar_layout":"default_layout","footnotes":""},"categories":[6,8],"tags":[],"class_list":["post-1926","post","type-post","status-publish","format-standard","has-post-thumbnail","hentry","category-locales","category-ultimas-noticias"],"_links":{"self":[{"href":"https:\/\/notipampa.com\/index.php?rest_route=\/wp\/v2\/posts\/1926","targetHints":{"allow":["GET"]}}],"collection":[{"href":"https:\/\/notipampa.com\/index.php?rest_route=\/wp\/v2\/posts"}],"about":[{"href":"https:\/\/notipampa.com\/index.php?rest_route=\/wp\/v2\/types\/post"}],"author":[{"embeddable":true,"href":"https:\/\/notipampa.com\/index.php?rest_route=\/wp\/v2\/users\/1"}],"replies":[{"embeddable":true,"href":"https:\/\/notipampa.com\/index.php?rest_route=%2Fwp%2Fv2%2Fcomments&post=1926"}],"version-history":[{"count":1,"href":"https:\/\/notipampa.com\/index.php?rest_route=\/wp\/v2\/posts\/1926\/revisions"}],"predecessor-version":[{"id":1928,"href":"https:\/\/notipampa.com\/index.php?rest_route=\/wp\/v2\/posts\/1926\/revisions\/1928"}],"wp:featuredmedia":[{"embeddable":true,"href":"https:\/\/notipampa.com\/index.php?rest_route=\/wp\/v2\/media\/1927"}],"wp:attachment":[{"href":"https:\/\/notipampa.com\/index.php?rest_route=%2Fwp%2Fv2%2Fmedia&parent=1926"}],"wp:term":[{"taxonomy":"category","embeddable":true,"href":"https:\/\/notipampa.com\/index.php?rest_route=%2Fwp%2Fv2%2Fcategories&post=1926"},{"taxonomy":"post_tag","embeddable":true,"href":"https:\/\/notipampa.com\/index.php?rest_route=%2Fwp%2Fv2%2Ftags&post=1926"}],"curies":[{"name":"wp","href":"https:\/\/api.w.org\/{rel}","templated":true}]}}