{"id":18657,"date":"2026-04-30T07:41:36","date_gmt":"2026-04-30T10:41:36","guid":{"rendered":"https:\/\/notipampa.com\/?p=18657"},"modified":"2026-04-30T07:41:37","modified_gmt":"2026-04-30T10:41:37","slug":"agenda-cultural-la-pampa-en-la-feria-del-libro-fiestas-populares-y-nueva-muestra-de-arte","status":"publish","type":"post","link":"https:\/\/notipampa.com\/?p=18657","title":{"rendered":"Agenda Cultural: La Pampa en la Feria del Libro, fiestas populares y nueva muestra de arte"},"content":{"rendered":"\n<p><strong>La Secretar\u00eda de Cultura del Gobierno de La Pampa presenta diversidad de actividades, entre las que se destacan presentaciones literarias en la Feria del Libro; el inicio de una muestra multimedia en el MPArtes; capacitaciones y grabados en el Centro Artes; m\u00e1s fiestas populares en el interior provincial.<\/strong><\/p>\n\n\n\n<p><strong>Fiestas populares<br>General Acha<br>S\u00e1bado 2 y domingo 3<br>53\u00b0 Fiesta Provincial del Ternero, la Yerra y el Pial<\/strong><br>S\u00e1bado 2<br>21:30hs.:&nbsp;Pe\u00f1a y baile con la participaci\u00f3n&nbsp;de los payadores Tato Vaquero y Facundo Quiroga. Actuaci\u00f3n de Los L\u00f3pez, Abigail Correa, Joaqu\u00edn Chiavarino. En el cierre, baile con DJ Ricky Molina. Lugar: Centro Rinc\u00f3n Vasco.<br>Organiza: Centro Rinc\u00f3n Vasco.<\/p>\n\n\n\n<p><strong>Ciudad Aut\u00f3noma de Buenos Aires<br>Letras<br>La Pampa la 50\u00aa Feria Internacional del Libro<\/strong><br>Predio Rural de Palermo (CABA) | Hasta el 11 de mayo<br>La participaci\u00f3n pampeana se realiza junto a provincias que integran el&nbsp;Ente Cultural Patagonia&nbsp;(Neuqu\u00e9n, R\u00edo Negro, Santa Cruz y Tierra del Fuego), contando con el apoyo del Consejo Federal de Inversiones (CFI).<br>El espacio se ubica en el lote&nbsp;3137-3238 del Pabell\u00f3n Ocre, donde se exhiben cerca de 300 t\u00edtulos de autores provinciales pertenecientes a las editoriales La Pampa Edita, Amerindia, 7 Sellos Editorial Cooperativa, Voces (de la CPE) y la EdUNLpam, adem\u00e1s de obras autopublicadas.<\/p>\n\n\n\n<p><strong>D\u00eda de La Pampa&nbsp;<br>S\u00e1bado 9 de mayo&nbsp;|&nbsp;14:30 hs&nbsp;| Sala Horacio Gonz\u00e1lez del Pabell\u00f3n Ocre<br>\u201cBibliotecas Populares: donde la comunidad lee y el futuro se escribe\u201d<\/strong><br>La ministra de Educaci\u00f3n, Marcela&nbsp;Feuerschvenger&nbsp;junto al secretario de Cultura, Pablo Lucero \u00c1lvarez&nbsp;del Gobierno de La Pampa,&nbsp;compartir\u00e1n&nbsp;un panel de di\u00e1logo con las bibliotecarias Diana Sales, presidenta de la Comisi\u00f3n Directiva de la BP \u201cEdgar Morisoli\u201d (Santa Rosa); Marcos Mareque, bibliotecario de la BP \u201cModesto Caretto\u201d (La Maruja); Silvia G\u00f3mez, presidenta de la Comisi\u00f3n Directiva de la BP \u201cDomingo Faustino Sarmiento\u201d (Maisonnave); Mar\u00eda Isabel Blanco, bibliotecaria de la BP \u201cWalter Cazenave\u201d (Cuchillo C\u00f3) y Lorena Scholl, bibliotecaria de la BP \u201cJos\u00e9 Barbero\u201d (Col. Santa Teresa).<\/p>\n\n\n\n<p><strong>Agenda literaria<\/strong><br>A bloques dedicados a la historia institucional de la Provincia, la producci\u00f3n cient\u00edfica y la defensa de los recursos h\u00eddricos, se suman obras de diversos g\u00e9neros: desde el homenaje a la vida de Alberto Cortez y las investigaciones sobre el bosque de cald\u00e9n, hasta las cr\u00f3nicas ranquelinas y antolog\u00edas po\u00e9ticas que reflejan las particularidades de nuestro territorio.<\/p>\n\n\n\n<p><strong>El cronograma de actividades en el auditorio del stand contin\u00faa los d\u00edas:<\/strong><br>S\u00e1bado 2 de mayo:<br>16 hs: Guillermina Pico presenta su libro \u201cEl ritmo adecuado\u201d.&nbsp;<br>17 hs: Gerardo Salonia presenta el libro \u201cCaldenal, un bosque ignorado\u201d.<\/p>\n\n\n\n<p>Domingo 3 de mayo:<br>16 hs: Presentaci\u00f3n del libro \u201cAlberto Cortez. La vida\u201d, de Laura Etcheverry, editado por 7Sellos Editorial Cooperativa.&nbsp;<\/p>\n\n\n\n<p>Lunes 4 de mayo:<br>15 hs: Espect\u00e1culo de narraci\u00f3n oral: \u201cCuento que te cuento. Te cuento La Pampa\u201d, a cargo de Marisel Seltzer.<\/p>\n\n\n\n<p>Martes 5 de mayo:<br>15 hs: Presentaci\u00f3n del libro \u201cLa emergencia de los derechos culturales : por una nueva gram\u00e1tica para los derechos humanos\u201d, de Luc\u00eda Colombato.&nbsp;<\/p>\n\n\n\n<p>Viernes 8 de mayo:<br>16 hs: Presentaci\u00f3n del libro \u201cGesti\u00f3n con horizonte com\u00fan. Convivencia, liderazgo y mediaci\u00f3n en las escuelas que aprenden\u201d, de Claudia Santiago.<br>19 hs: Presentaci\u00f3n del libro \u201cEl pozo\u201d, a cargo de su autora Patricia Lobos y del equipo Ediciones Piloto de Tormenta.<\/p>\n\n\n\n<p>S\u00e1bado 9 de mayo:<br>14:30 horas: D\u00eda de La Pampa.&nbsp;\u201cBibliotecas Populares: donde la comunidad lee y el futuro se escribe\u201d.&nbsp;Sala Horacio Gonz\u00e1lez del Pabell\u00f3n Ocre.<br>17 hs: Presentaci\u00f3n del libro \u201cLos valles pampeanos. Mitos y realidades para una geograf\u00eda \u00fanica\u201d, a cargo de Betty Dillon.&nbsp;<br>18 hs: Presentaci\u00f3n del libro \u201cSeremos r\u00edo\u201d de Ana Mar\u00eda Zorzi, con versos de Ariel Hugo V\u00e1zquez.<br>20 hs: Presentaci\u00f3n del libro \u201cLa Cruz del Sur\u201d de Miguel Iribarne, por la editorial Voces de la Cooperativa Popular de Electricidad de Santa Rosa.&nbsp;<\/p>\n\n\n\n<p>Domingo 10 de mayo:<br>15 hs: Presentaci\u00f3n del libro \u201cEpecu\u00e9n: en la memoria de las ruinas\u201d de Patricia Bonjour.&nbsp;&nbsp;<br>16 hs: Presentaci\u00f3n del libro \u201cCr\u00f3nicas Ranquelinas\u201d de Jos\u00e9 Depetris y Walter Cazenave.&nbsp;<br>17 hs: Presentaci\u00f3n del libro \u201cRostros de la Tierra\u201d de Jos\u00e9 Depetris y Pedro Vigne.<br><br>Lunes 11 de mayo:<br>19 hs: Presentaci\u00f3n del libro \u201cLlorar en seco\u201d de Ver\u00f3 Mac Lennan.<\/p>\n\n\n\n<p><strong>Santa Rosa<br>Espacios culturales<\/strong><br>Muestras y actividades en el MPArtes, MPHN, Casa Museo Olga Orozco y la Sala \u201cMarta Arangoa\u201d del Centro de Artes.<\/p>\n\n\n\n<p><strong>Centro de Artes | Leguizam\u00f3n 1125<br>Sala \u201cAldo Umazano\u201d<br>Jazz contempor\u00e1neo<br>Martes 5 y Jueves 7 | 19:00 a 21:00 hs<\/strong><br>Clases de&nbsp;Jazz L\u00edrico Contempor\u00e1neo&nbsp;a cargo del docente y bailar\u00edn Flavio Zu\u00f1ega.&nbsp;La propuesta est\u00e1 orientada a bailarines y p\u00fablico interesado en explorar un lenguaje corporal expresivo, combinando herramientas t\u00e9cnicas del jazz y la danza contempor\u00e1nea.<br>Arancelado. Cupos limitados.<br>Reservas e inscripciones por WhatsApp: 11 5990 4898<br>Instagram: @Flavio_Zunega | @Clases_fzunega<\/p>\n\n\n\n<p><strong>Cuerpo en escena<br>Viernes 8 y 15 de mayo | de 19:30 a 21:30 hs.<br>Contin\u00faa &#8220;Cuerpo Resonante&#8221;: Laboratorio de voz, cuerpo y escena<\/strong>.&nbsp;Un espacio de experimentaci\u00f3n para integrar la voz, el movimiento y la emoci\u00f3n. Se trabajar\u00e1 sobre t\u00e9cnica vocal e interpretaci\u00f3n para construir una muestra colectiva.&nbsp;Dictado por&nbsp;Xavi Meringer (Actor) y Rebe Gauna (Canto). No requiere experiencia previa. Llevar una canci\u00f3n para trabajar.<br>Inscripciones: (2954) 646576 \/ (11) 50448750.<\/p>\n\n\n\n<p><strong>Sala \u201cMarta Arangoa\u201d<br>Muestra de grabados&nbsp;&#8220;No hay mal que dure cien tacos&#8221;, del artista&nbsp;Leonardo Jos\u00e9&nbsp;Dami\u00e1n Otamendi Cazenave.<\/strong><br>A trav\u00e9s de una est\u00e9tica donde la gr\u00e1fica, el simbolismo y la ilustraci\u00f3n convergen, las piezas entablan un di\u00e1logo que narra y recrea situaciones de la vida cotidiana. Con entrada&nbsp;libre y&nbsp;gratuita, puede visitarse de lunes a viernes de 8:00 a 12:30 y los martes y jueves de 15 a 18.<br>Recorridos guiados:&nbsp;las&nbsp;instituciones o grupos interesados en realizar visitas acompa\u00f1adas pueden coordinar con la Direcci\u00f3n Provincial de Art\u00edstica llamando al&nbsp;02954 70 3345 (Interno 4792)&nbsp;o escribiendo a&nbsp;<a href=\"mailto:direcciondeartistica@gmail.com\" target=\"_blank\" rel=\"noreferrer noopener\">direcciondeartistica@gmail.com<\/a><\/p>\n\n\n\n<p><strong>Museos<br>Museo Provincial de Artes (MPArtes)<br>Inauguraci\u00f3n en La Pieza Rosa<br>S\u00e1bado 2 de mayo | 20:00 hs.<\/strong><br><strong>\u201cLos fervores recibidos\u201d &nbsp;del artista audiovisual&nbsp;Gabriel Gonz\u00e1lez Carre\u00f1o.<\/strong><br>La apertura contar\u00e1 con el aporte musical de la banda&nbsp;Salitre Club.&nbsp;Bajo la curadur\u00eda de Lis Cofr\u00e9 y Lihu\u00e9 Pumilla, se trata de una instalaci\u00f3n multimedia que utiliza dispositivos de proyecci\u00f3n anal\u00f3gica sincronizados para intervenir el espacio. La obra rompe con la contemplaci\u00f3n pasiva ya que mediante sensores de movimiento, la presencia del p\u00fablico activa o altera el ritmo de los&nbsp;loops&nbsp;cinematogr\u00e1ficos, creando un flujo constante de repetici\u00f3n y desgaste.<\/p>\n\n\n\n<p><strong>Contin\u00faan &#8220;Bajo la superficie&#8221; de Laura Arpigiani, &#8220;El and\u00e9n y los otros&#8221; de Susana Machado y &#8220;Desnudar el camino&#8221; de Mar\u00eda Jos\u00e9 Perez<\/strong>.&nbsp;<br>Tres propuestas visuales que, desde distintos lenguajes y \u00e9pocas, dialogan sobre la identidad, el territorio y la subjetividad; proponiendo un encuentro con la introspecci\u00f3n, la memoria hist\u00f3rica de Santa Rosa y la identidad del paisaje pampeano.<br>Clausura:&nbsp;17 de mayo 2026.<br>D\u00edas y horarios del MPArtes: Lunes a viernes de 8 a 13 y de14 a 19 hs. S\u00e1bados y domingos de 18 a 20 hs.&nbsp;Feriados cerrado. Acceso libre y gratuito.<\/p>\n\n\n\n<p><strong>Museo Provincial de Historia Natural (MPHN) | Quintana 116<br>Exposici\u00f3n permanente<br>&#8220;Naturaleza y Cultura&#8221;.<\/strong>&nbsp;Resultado de un proceso de trabajo sobre la conformaci\u00f3n de las colecciones, los ejes tem\u00e1ticos y la trama humana. Sostenida en una novedosa estrategia museogr\u00e1fica, combina dise\u00f1o y comunicaci\u00f3n visual integral con diferentes objetos y espec\u00edmenes de las colecciones, relatando el v\u00ednculo de los grupos humanos con la naturaleza.<br>D\u00edas y horarios del MPHN: Lunes a viernes de 8 a 13 y de 14 a 19. S\u00e1bados y domingos de 18 a 20. Feriados cerrado.&nbsp;Acceso libre y gratuito.<\/p>\n\n\n\n<p><strong>Toay<br>Casa Museo Olga Orozco | Av. Regimiento 13 de Caballer\u00eda 1102<br>Recorridos autoguiados<\/strong><br>La Casa Museo Olga Orozco propone diariamente un recorrido autoguiado por sus salas. Dispone de una Sala Educativa abierta a todo p\u00fablico para jugar, leer e interactuar con el patrimonio del Museo.<br>Tambi\u00e9n se encuentra la muestra inclusiva \u201cPoes\u00eda Accesible\u201d, que comprende poes\u00edas y obras literarias de Olga Orozco en braille. Esta propuesta museogr\u00e1fica suma contenido accesible&nbsp;para personas con discapacidad visual, discapacidad auditiva y discapacidad intelectual.<br>D\u00edas y horarios: Lunes a viernes de 9 a 17. S\u00e1bados y domingos de 17 a 20. Feriados cerrado.&nbsp;Acceso libre y gratuito.<br>Tel\u00e9fono 02954 83 5880 &#8211; Redes sociales: IG: @cmolgaorozco.<br>Invitan: Secretar\u00eda de Cultura Gobierno de La Pampa y Municipalidad de Toay.<\/p>\n","protected":false},"excerpt":{"rendered":"<p>La Secretar\u00eda de Cultura del Gobierno de La Pampa presenta diversidad de actividades, entre las que se destacan presentaciones literarias<\/p>\n","protected":false},"author":1,"featured_media":18658,"comment_status":"open","ping_status":"open","sticky":false,"template":"","format":"standard","meta":{"colormag_page_container_layout":"default_layout","colormag_page_sidebar_layout":"default_layout","footnotes":""},"categories":[3,4,8],"tags":[],"class_list":["post-18657","post","type-post","status-publish","format-standard","has-post-thumbnail","hentry","category-entretenimiento","category-provincia","category-ultimas-noticias"],"_links":{"self":[{"href":"https:\/\/notipampa.com\/index.php?rest_route=\/wp\/v2\/posts\/18657","targetHints":{"allow":["GET"]}}],"collection":[{"href":"https:\/\/notipampa.com\/index.php?rest_route=\/wp\/v2\/posts"}],"about":[{"href":"https:\/\/notipampa.com\/index.php?rest_route=\/wp\/v2\/types\/post"}],"author":[{"embeddable":true,"href":"https:\/\/notipampa.com\/index.php?rest_route=\/wp\/v2\/users\/1"}],"replies":[{"embeddable":true,"href":"https:\/\/notipampa.com\/index.php?rest_route=%2Fwp%2Fv2%2Fcomments&post=18657"}],"version-history":[{"count":1,"href":"https:\/\/notipampa.com\/index.php?rest_route=\/wp\/v2\/posts\/18657\/revisions"}],"predecessor-version":[{"id":18659,"href":"https:\/\/notipampa.com\/index.php?rest_route=\/wp\/v2\/posts\/18657\/revisions\/18659"}],"wp:featuredmedia":[{"embeddable":true,"href":"https:\/\/notipampa.com\/index.php?rest_route=\/wp\/v2\/media\/18658"}],"wp:attachment":[{"href":"https:\/\/notipampa.com\/index.php?rest_route=%2Fwp%2Fv2%2Fmedia&parent=18657"}],"wp:term":[{"taxonomy":"category","embeddable":true,"href":"https:\/\/notipampa.com\/index.php?rest_route=%2Fwp%2Fv2%2Fcategories&post=18657"},{"taxonomy":"post_tag","embeddable":true,"href":"https:\/\/notipampa.com\/index.php?rest_route=%2Fwp%2Fv2%2Ftags&post=18657"}],"curies":[{"name":"wp","href":"https:\/\/api.w.org\/{rel}","templated":true}]}}