{"id":18654,"date":"2026-04-30T07:38:25","date_gmt":"2026-04-30T10:38:25","guid":{"rendered":"https:\/\/notipampa.com\/?p=18654"},"modified":"2026-04-30T07:38:26","modified_gmt":"2026-04-30T10:38:26","slug":"la-pampa-desmiente-a-nacion-presento-tres-pedidos-de-atn-y-nunca-recibio-respuesta","status":"publish","type":"post","link":"https:\/\/notipampa.com\/?p=18654","title":{"rendered":"La Pampa desmiente a Naci\u00f3n: present\u00f3 tres pedidos de ATN y nunca recibi\u00f3 respuesta"},"content":{"rendered":"\n<p><strong>El Gobierno de La Pampa desmiente las afirmaciones realizadas este mi\u00e9rcoles por el jefe de Gabinete, Manuel Adorni, quien asegur\u00f3 en el Congreso que no existen registros de solicitudes de Aportes del Tesoro Nacional (ATN) efectuadas por la Provincia.\u00a0 Se cursaron tres notas y ninguna tuvo respuesta. \u00a0<\/strong><\/p>\n\n\n\n<p>La declaraci\u00f3n del funcionario nacional genera sorpresa, ya que La Pampa present\u00f3 en reiteradas oportunidades pedidos formales de asistencia financiera, todos debidamente cursados por las v\u00edas institucionales correspondientes y sin obtener hasta el momento ning\u00fan tipo de respuesta por parte del Estado nacional.<br>Durante su exposici\u00f3n legislativa, Adorni sostuvo que la Direcci\u00f3n de Asistencia y Pol\u00edtica Demogr\u00e1fica no registra notas pendientes de tramitaci\u00f3n.<\/p>\n\n\n\n<p><strong>Las notas enviadas<\/strong><br>Sin embargo, la documentaci\u00f3n oficial remitida por la Provincia contradice de manera categ\u00f3rica esas expresiones.<\/p>\n\n\n\n<p>La Pampa elev\u00f3 la Nota NO-2025-00151237-GLP-GPLP, de fecha 23 de mayo de 2025; la Nota SG N\u00b0 40\/2025, del 1 de octubre de 2025; y una tercera nota dirigida al Ministerio del Interior, fechada el 19 de febrero de 2026.<\/p>\n\n\n\n<p>Los pedidos estuvieron vinculados a situaciones de extrema gravedad: el fuerte desequilibrio financiero provocado por decisiones fiscales del Gobierno nacional que redujeron de manera sustancial los recursos coparticipables de las provincias; el incumplimiento en la asistencia para cubrir los d\u00e9ficits previsionales de las cajas jubilatorias no transferidas; y la necesidad urgente de acompa\u00f1amiento econ\u00f3mico tras el temporal del 18 de febrero de 2026 que ocasion\u00f3 importantes da\u00f1os en Santa Rosa y Toay.<\/p>\n\n\n\n<p>Ninguna de las tres notas recibi\u00f3 contestaci\u00f3n formal, ni siquiera una negativa, lo que evidencia no solo la falta de asistencia, sino tambi\u00e9n la ausencia total de respuesta institucional ante reclamos leg\u00edtimos.<\/p>\n\n\n\n<p>Resulta inadmisible que, mientras se profundiza el ajuste sobre las provincias y se retacean recursos que les corresponden por ley, desde Naci\u00f3n se niegue la existencia de pedidos documentados y formalmente presentados.<\/p>\n\n\n\n<p>La Pampa ratifica que seguir\u00e1 defendiendo los intereses de sus habitantes y reclamando, por las v\u00edas institucionales que corresponden, los recursos que el Gobierno nacional contin\u00faa demorando o negando.<\/p>\n","protected":false},"excerpt":{"rendered":"<p>El Gobierno de La Pampa desmiente las afirmaciones realizadas este mi\u00e9rcoles por el jefe de Gabinete, Manuel Adorni, quien asegur\u00f3<\/p>\n","protected":false},"author":1,"featured_media":18655,"comment_status":"open","ping_status":"open","sticky":false,"template":"","format":"standard","meta":{"colormag_page_container_layout":"default_layout","colormag_page_sidebar_layout":"default_layout","footnotes":""},"categories":[4,7,8],"tags":[],"class_list":["post-18654","post","type-post","status-publish","format-standard","has-post-thumbnail","hentry","category-provincia","category-politica","category-ultimas-noticias"],"_links":{"self":[{"href":"https:\/\/notipampa.com\/index.php?rest_route=\/wp\/v2\/posts\/18654","targetHints":{"allow":["GET"]}}],"collection":[{"href":"https:\/\/notipampa.com\/index.php?rest_route=\/wp\/v2\/posts"}],"about":[{"href":"https:\/\/notipampa.com\/index.php?rest_route=\/wp\/v2\/types\/post"}],"author":[{"embeddable":true,"href":"https:\/\/notipampa.com\/index.php?rest_route=\/wp\/v2\/users\/1"}],"replies":[{"embeddable":true,"href":"https:\/\/notipampa.com\/index.php?rest_route=%2Fwp%2Fv2%2Fcomments&post=18654"}],"version-history":[{"count":1,"href":"https:\/\/notipampa.com\/index.php?rest_route=\/wp\/v2\/posts\/18654\/revisions"}],"predecessor-version":[{"id":18656,"href":"https:\/\/notipampa.com\/index.php?rest_route=\/wp\/v2\/posts\/18654\/revisions\/18656"}],"wp:featuredmedia":[{"embeddable":true,"href":"https:\/\/notipampa.com\/index.php?rest_route=\/wp\/v2\/media\/18655"}],"wp:attachment":[{"href":"https:\/\/notipampa.com\/index.php?rest_route=%2Fwp%2Fv2%2Fmedia&parent=18654"}],"wp:term":[{"taxonomy":"category","embeddable":true,"href":"https:\/\/notipampa.com\/index.php?rest_route=%2Fwp%2Fv2%2Fcategories&post=18654"},{"taxonomy":"post_tag","embeddable":true,"href":"https:\/\/notipampa.com\/index.php?rest_route=%2Fwp%2Fv2%2Ftags&post=18654"}],"curies":[{"name":"wp","href":"https:\/\/api.w.org\/{rel}","templated":true}]}}