{"id":18651,"date":"2026-04-30T07:35:47","date_gmt":"2026-04-30T10:35:47","guid":{"rendered":"https:\/\/notipampa.com\/?p=18651"},"modified":"2026-04-30T07:35:48","modified_gmt":"2026-04-30T10:35:48","slug":"tension-en-la-municipalidad-de-general-pico-un-joven-se-subio-a-la-cornisa-para-reclamar-trabajo","status":"publish","type":"post","link":"https:\/\/notipampa.com\/?p=18651","title":{"rendered":"Tensi\u00f3n en la Municipalidad de General Pico: un joven se subi\u00f3 a la cornisa para reclamar trabajo"},"content":{"rendered":"\n<p><strong>Durante la jornada de ayer se vivieron momentos de tensi\u00f3n en el edificio de la Municipalidad de General Pico cuando un muchacho se subi\u00f3 a la cornisa del recinto con el firme objetivo de reclamar una fuente de trabajo.<\/strong><\/p>\n\n\n\n<p>El hecho gener\u00f3 asombro y preocupaci\u00f3n entre los transe\u00fantes y el personal que se encontraba en el centro de la ciudad. De acuerdo a la informaci\u00f3n brindada en el lugar, el individuo se ubic\u00f3 en uno de los balcones superiores del palacio municipal, neg\u00e1ndose a descender hasta obtener una respuesta a su pedido laboral.<\/p>\n\n\n\n<h2 class=\"wp-block-heading\">Intervenci\u00f3n policial y mediaci\u00f3n<\/h2>\n\n\n\n<p>Ante la delicada situaci\u00f3n, r\u00e1pidamente tomaron intervenci\u00f3n efectivos de la Polic\u00eda de La Pampa. A pesar de la tensi\u00f3n que supone este tipo de reclamos, el escenario se mantuvo en calma. No se registr\u00f3 la intervenci\u00f3n directa de funcionarios municipales dialogando en las alturas; el acercamiento inicial fue realizado por personas de civil y autoridades policiales.<\/p>\n\n\n\n<p>Espec\u00edficamente, el jefe de la Comisar\u00eda Primera fue quien subi\u00f3 hasta el sector donde se encontraba el manifestante para entablar un di\u00e1logo directo y contenerlo. Mientras tanto, en la parte inferior del edificio y de manera preventiva, aguardaba personal de un grupo especial de la fuerza provincial, manteni\u00e9ndose a una distancia prudencial para garantizar la seguridad sin alterar la tranquilidad del operativo.<\/p>\n\n\n\n<h2 class=\"wp-block-heading\">Resoluci\u00f3n pac\u00edfica del conflicto<\/h2>\n\n\n\n<p>Afortunadamente, las tratativas llegaron a buen puerto. Tras unos minutos de charla, la autoridad policial logr\u00f3 convencer al joven para que depusiera su actitud y accediera a bajar hacia un lugar seguro.<\/p>\n\n\n\n<p>El operativo concluy\u00f3 sin mayores sobresaltos y el muchacho fue retirado del balc\u00f3n por los efectivos, d\u00e1ndose por terminada la situaci\u00f3n que alter\u00f3 el ritmo habitual en el centro de General Pico.<\/p>\n\n\n\n<figure class=\"wp-block-image\"><img decoding=\"async\" src=\"https:\/\/www.infopico.com\/wp-content\/uploads\/2026\/04\/file_1273063108337182-720x1280.jpeg\" alt=\"\" class=\"wp-image-372907\"\/><\/figure>\n\n\n\n<p>Fuente: Infopico<\/p>\n","protected":false},"excerpt":{"rendered":"<p>Durante la jornada de ayer se vivieron momentos de tensi\u00f3n en el edificio de la Municipalidad de General Pico cuando<\/p>\n","protected":false},"author":1,"featured_media":18652,"comment_status":"open","ping_status":"open","sticky":false,"template":"","format":"standard","meta":{"colormag_page_container_layout":"default_layout","colormag_page_sidebar_layout":"default_layout","footnotes":""},"categories":[8,4],"tags":[],"class_list":["post-18651","post","type-post","status-publish","format-standard","has-post-thumbnail","hentry","category-ultimas-noticias","category-provincia"],"_links":{"self":[{"href":"https:\/\/notipampa.com\/index.php?rest_route=\/wp\/v2\/posts\/18651","targetHints":{"allow":["GET"]}}],"collection":[{"href":"https:\/\/notipampa.com\/index.php?rest_route=\/wp\/v2\/posts"}],"about":[{"href":"https:\/\/notipampa.com\/index.php?rest_route=\/wp\/v2\/types\/post"}],"author":[{"embeddable":true,"href":"https:\/\/notipampa.com\/index.php?rest_route=\/wp\/v2\/users\/1"}],"replies":[{"embeddable":true,"href":"https:\/\/notipampa.com\/index.php?rest_route=%2Fwp%2Fv2%2Fcomments&post=18651"}],"version-history":[{"count":1,"href":"https:\/\/notipampa.com\/index.php?rest_route=\/wp\/v2\/posts\/18651\/revisions"}],"predecessor-version":[{"id":18653,"href":"https:\/\/notipampa.com\/index.php?rest_route=\/wp\/v2\/posts\/18651\/revisions\/18653"}],"wp:featuredmedia":[{"embeddable":true,"href":"https:\/\/notipampa.com\/index.php?rest_route=\/wp\/v2\/media\/18652"}],"wp:attachment":[{"href":"https:\/\/notipampa.com\/index.php?rest_route=%2Fwp%2Fv2%2Fmedia&parent=18651"}],"wp:term":[{"taxonomy":"category","embeddable":true,"href":"https:\/\/notipampa.com\/index.php?rest_route=%2Fwp%2Fv2%2Fcategories&post=18651"},{"taxonomy":"post_tag","embeddable":true,"href":"https:\/\/notipampa.com\/index.php?rest_route=%2Fwp%2Fv2%2Ftags&post=18651"}],"curies":[{"name":"wp","href":"https:\/\/api.w.org\/{rel}","templated":true}]}}