{"id":18645,"date":"2026-04-29T07:38:32","date_gmt":"2026-04-29T10:38:32","guid":{"rendered":"https:\/\/notipampa.com\/?p=18645"},"modified":"2026-04-29T07:38:33","modified_gmt":"2026-04-29T10:38:33","slug":"pico-un-hombre-fue-apunalado-por-su-pareja-en-el-barrio-ranqueles-y-se-nego-a-denunciarla","status":"publish","type":"post","link":"https:\/\/notipampa.com\/?p=18645","title":{"rendered":"Pico: Un hombre fue apu\u00f1alado por su pareja en el barrio Ranqueles y se neg\u00f3 a denunciarla"},"content":{"rendered":"\n<p><strong>En horas de la medianoche del lunes pasado, personal policial debi\u00f3 intervenir en un violento episodio ocurrido en el barrio Ranqueles de General Pico. Un hombre result\u00f3 herido con un arma blanca en la espalda tras una discusi\u00f3n con su pareja, una joven de 18 a\u00f1os. El hecho tuvo lugar en la calle 31, entre 40 y 42, hacia donde acudieron las autoridades tras recibir el alerta.<\/strong><\/p>\n\n\n\n<p>En di\u00e1logo con infopico.com, el comisario Cristian Avila, responsable de la Comisar\u00eda Segunda, brind\u00f3 detalles sobre el procedimiento. \u201cFuimos solicitados por una presencia en el barrio Ranqueles, donde un masculino hab\u00eda sido apu\u00f1alado. Al constituirnos en el lugar, corroboramos que ten\u00eda una herida punzocortante en la zona izquierda de la espalda\u201d, explic\u00f3 el funcionario policial.<\/p>\n\n\n\n<p>Ante esta situaci\u00f3n, se convoc\u00f3 de inmediato al Servicio de Emergencias M\u00e9dicas (SEM), que asisti\u00f3 y traslad\u00f3 a la v\u00edctima al centro de salud local. A pesar del ataque, el hombre se encontraba consciente en todo momento y relat\u00f3 a los efectivos que la herida fue producto de un altercado con su pareja, quien le asest\u00f3 un puntazo con un elemento cortante.<\/p>\n\n\n\n<h2 class=\"wp-block-heading\">Negativa a denunciar e investigaci\u00f3n de oficio<\/h2>\n\n\n\n<p>Un aspecto llamativo del caso es la postura adoptada por la v\u00edctima. Seg\u00fan indic\u00f3 el comisario Avila, el hombre no quiso dar a conocer los motivos de la disputa y se neg\u00f3 rotundamente a radicar una denuncia penal contra la joven agresora.<\/p>\n\n\n\n<p>Afortunadamente, el estado de salud del damnificado es favorable. \u201cPor el momento \u00e9l se encuentra estable, en observaci\u00f3n y va a recuperar el alta m\u00e9dica en el d\u00eda. Dado que las lesiones son de car\u00e1cter leve, afortunadamente no le toc\u00f3 ning\u00fan \u00f3rgano y va recuper\u00e1ndose favorablemente\u201d, detall\u00f3 Avila.<\/p>\n\n\n\n<p>Pese a la falta de instancia penal por parte del herido, la polic\u00eda inici\u00f3 una investigaci\u00f3n de oficio. En la causa interviene el fiscal Guillermo Komarowski, quien orden\u00f3 las primeras diligencias en la escena. All\u00ed trabaj\u00f3 personal de la Agencia de Investigaci\u00f3n Cient\u00edfica (AIC) en la recolecci\u00f3n de diversas pruebas.<\/p>\n\n\n\n<p>En cuanto a la joven de 18 a\u00f1os, las autoridades confirmaron que no se encuentra en su domicilio por estas horas, por lo que est\u00e1 siendo buscada por los efectivos policiales para ser notificada formalmente de la causa en su contra.<\/p>\n\n\n\n<p>Fuente: Infopico<\/p>\n","protected":false},"excerpt":{"rendered":"<p>En horas de la medianoche del lunes pasado, personal policial debi\u00f3 intervenir en un violento episodio ocurrido en el barrio<\/p>\n","protected":false},"author":1,"featured_media":18646,"comment_status":"open","ping_status":"open","sticky":false,"template":"","format":"standard","meta":{"colormag_page_container_layout":"default_layout","colormag_page_sidebar_layout":"default_layout","footnotes":""},"categories":[56,4,8],"tags":[],"class_list":["post-18645","post","type-post","status-publish","format-standard","has-post-thumbnail","hentry","category-policiales","category-provincia","category-ultimas-noticias"],"_links":{"self":[{"href":"https:\/\/notipampa.com\/index.php?rest_route=\/wp\/v2\/posts\/18645","targetHints":{"allow":["GET"]}}],"collection":[{"href":"https:\/\/notipampa.com\/index.php?rest_route=\/wp\/v2\/posts"}],"about":[{"href":"https:\/\/notipampa.com\/index.php?rest_route=\/wp\/v2\/types\/post"}],"author":[{"embeddable":true,"href":"https:\/\/notipampa.com\/index.php?rest_route=\/wp\/v2\/users\/1"}],"replies":[{"embeddable":true,"href":"https:\/\/notipampa.com\/index.php?rest_route=%2Fwp%2Fv2%2Fcomments&post=18645"}],"version-history":[{"count":1,"href":"https:\/\/notipampa.com\/index.php?rest_route=\/wp\/v2\/posts\/18645\/revisions"}],"predecessor-version":[{"id":18647,"href":"https:\/\/notipampa.com\/index.php?rest_route=\/wp\/v2\/posts\/18645\/revisions\/18647"}],"wp:featuredmedia":[{"embeddable":true,"href":"https:\/\/notipampa.com\/index.php?rest_route=\/wp\/v2\/media\/18646"}],"wp:attachment":[{"href":"https:\/\/notipampa.com\/index.php?rest_route=%2Fwp%2Fv2%2Fmedia&parent=18645"}],"wp:term":[{"taxonomy":"category","embeddable":true,"href":"https:\/\/notipampa.com\/index.php?rest_route=%2Fwp%2Fv2%2Fcategories&post=18645"},{"taxonomy":"post_tag","embeddable":true,"href":"https:\/\/notipampa.com\/index.php?rest_route=%2Fwp%2Fv2%2Ftags&post=18645"}],"curies":[{"name":"wp","href":"https:\/\/api.w.org\/{rel}","templated":true}]}}