{"id":18639,"date":"2026-04-29T07:32:39","date_gmt":"2026-04-29T10:32:39","guid":{"rendered":"https:\/\/notipampa.com\/?p=18639"},"modified":"2026-04-29T07:32:40","modified_gmt":"2026-04-29T10:32:40","slug":"anunciaron-jornada-estrategica-sobre-manejo-hidrico-ante-el-escenario-de-el-nino","status":"publish","type":"post","link":"https:\/\/notipampa.com\/?p=18639","title":{"rendered":"Anunciaron jornada estrat\u00e9gica sobre manejo h\u00eddrico ante el escenario de &#8220;El Ni\u00f1o&#8221;"},"content":{"rendered":"\n<p><strong>Bajo el t\u00edtulo \u201cDecisiones de manejo ante un posible escenario de Ni\u00f1o\u201d, se brindar\u00e1n herramientas t\u00e9cnicas para productores y asesores en Quem\u00fa Quem\u00fa. \u00a0<\/strong><\/p>\n\n\n\n<p>En el marco de un ciclo productivo marcado por la transici\u00f3n clim\u00e1tica, el Ministerio de la Producci\u00f3n de La Pampa, a trav\u00e9s de la Direcci\u00f3n de Agricultura, invit\u00f3 a la jornada t\u00e9cnica que se llevar\u00e1 a cabo el pr\u00f3ximo 5 de mayo a las 18:30, en la localidad de Quem\u00fa Quem\u00fa.&nbsp;El encuentro de car\u00e1cter abierto y gratuito, tiene como objetivo central analizar la situaci\u00f3n actual del agua en los sistemas productivos provinciales. Ante los pron\u00f3sticos que indican la llegada de un evento climatol\u00f3gico &#8220;Ni\u00f1o&#8221;, la jornada se presenta como un espacio clave para que productores y asesores t\u00e9cnicos puedan anticipar decisiones y mitigar riesgos.<br>La jornada contar\u00e1 con la disertaci\u00f3n de referentes de destacada trayectoria acad\u00e9mica y territorial:<br>\u2022 Visi\u00f3n de los cultivos de cobertura: a cargo de Cristian \u00c1lvarez (INTA), quien profundizar\u00e1 en c\u00f3mo estas pr\u00e1cticas funcionan como herramientas de regulaci\u00f3n h\u00eddrica.<br>\u2022 Importancia y manejo en cultivos de invierno: una presentaci\u00f3n conjunta de Diego Hern\u00e1n Rotili y Mart\u00edn D\u00edaz Zorita (Facultad de Agronom\u00eda &#8211; UNLPam), enfocada en la optimizaci\u00f3n de rendimientos mediante tecnolog\u00eda de procesos.<br>Desde la organizaci\u00f3n se destac\u00f3 que uno de los ejes principales ser\u00e1 el abordaje de la problem\u00e1tica del agua a diferentes escalas: desde la situaci\u00f3n puntual a nivel de lote y predio, hasta el comportamiento h\u00eddrico en las microrregiones. Se har\u00e1 especial \u00e9nfasis en c\u00f3mo la tecnolog\u00eda de procesos y el manejo preventivo pueden transformar un escenario clim\u00e1tico desafiante en una oportunidad productiva.<br>Esta iniciativa cuenta con el apoyo del INTA, la Facultad de Agronom\u00eda de la UNLPam, el Colegio de Ingenieros Agr\u00f3nomos de La Pampa (CIALP), CREA, la Sociedad Rural de Quem\u00fa Quem\u00fa y la Municipalidad de Quem\u00fa Quem\u00fa, reforzando el compromiso interinstitucional por el desarrollo del sector agropecuario pampeano.<br>La actividad est\u00e1 prevista para el 5 de mayo desde las 18:30, en el sal\u00f3n de usos m\u00faltiples del Grupo Quem\u00fa S.A. (Laprida 415, Quem\u00fa Quem\u00fa). Enlace de inscripci\u00f3n: https:\/\/forms.gle\/tXixkZozRj2eybTQA<br><br><strong>Para mayor informaci\u00f3n<\/strong>&nbsp;comunicarse con la Direcci\u00f3n de Agricultura: 2954 452730 \/ 390223.<\/p>\n","protected":false},"excerpt":{"rendered":"<p>Bajo el t\u00edtulo \u201cDecisiones de manejo ante un posible escenario de Ni\u00f1o\u201d, se brindar\u00e1n herramientas t\u00e9cnicas para productores y asesores<\/p>\n","protected":false},"author":1,"featured_media":18640,"comment_status":"open","ping_status":"open","sticky":false,"template":"","format":"standard","meta":{"colormag_page_container_layout":"default_layout","colormag_page_sidebar_layout":"default_layout","footnotes":""},"categories":[4,8],"tags":[],"class_list":["post-18639","post","type-post","status-publish","format-standard","has-post-thumbnail","hentry","category-provincia","category-ultimas-noticias"],"_links":{"self":[{"href":"https:\/\/notipampa.com\/index.php?rest_route=\/wp\/v2\/posts\/18639","targetHints":{"allow":["GET"]}}],"collection":[{"href":"https:\/\/notipampa.com\/index.php?rest_route=\/wp\/v2\/posts"}],"about":[{"href":"https:\/\/notipampa.com\/index.php?rest_route=\/wp\/v2\/types\/post"}],"author":[{"embeddable":true,"href":"https:\/\/notipampa.com\/index.php?rest_route=\/wp\/v2\/users\/1"}],"replies":[{"embeddable":true,"href":"https:\/\/notipampa.com\/index.php?rest_route=%2Fwp%2Fv2%2Fcomments&post=18639"}],"version-history":[{"count":1,"href":"https:\/\/notipampa.com\/index.php?rest_route=\/wp\/v2\/posts\/18639\/revisions"}],"predecessor-version":[{"id":18641,"href":"https:\/\/notipampa.com\/index.php?rest_route=\/wp\/v2\/posts\/18639\/revisions\/18641"}],"wp:featuredmedia":[{"embeddable":true,"href":"https:\/\/notipampa.com\/index.php?rest_route=\/wp\/v2\/media\/18640"}],"wp:attachment":[{"href":"https:\/\/notipampa.com\/index.php?rest_route=%2Fwp%2Fv2%2Fmedia&parent=18639"}],"wp:term":[{"taxonomy":"category","embeddable":true,"href":"https:\/\/notipampa.com\/index.php?rest_route=%2Fwp%2Fv2%2Fcategories&post=18639"},{"taxonomy":"post_tag","embeddable":true,"href":"https:\/\/notipampa.com\/index.php?rest_route=%2Fwp%2Fv2%2Ftags&post=18639"}],"curies":[{"name":"wp","href":"https:\/\/api.w.org\/{rel}","templated":true}]}}