{"id":18636,"date":"2026-04-29T07:22:13","date_gmt":"2026-04-29T10:22:13","guid":{"rendered":"https:\/\/notipampa.com\/?p=18636"},"modified":"2026-04-29T07:22:14","modified_gmt":"2026-04-29T10:22:14","slug":"estatales-la-pampa-el-sueldo-minimo-de-bolsillo-aumenta-un-2045-en-2026-y-llega-en-abril-a-1-200-000","status":"publish","type":"post","link":"https:\/\/notipampa.com\/?p=18636","title":{"rendered":"Estatales La Pampa: el sueldo m\u00ednimo de bolsillo aumenta un 20,45% en 2026 y llega en abril a $1.200.000"},"content":{"rendered":"\n<p><strong>El Poder Ejecutivo Provincial comunic\u00f3 que el d\u00eda jueves 30 del corriente, a las 0 horas, estar\u00e1n depositados los haberes correspondientes al mes de abril. Para agentes con familia tipo a cargo, dicho m\u00ednimo garantizado llega a $ 1.520.000. Con los incrementos otorgados, los trabajadores y trabajadoras de la administraci\u00f3n p\u00fablica, m\u00e1s all\u00e1 de la categor\u00eda en la que revistan, contin\u00faan percibiendo salarios por encima de la l\u00ednea de pobreza que define el INDEC. \u00a0<\/strong><\/p>\n\n\n\n<p>Adicionalmente, los aumentos salariales generales, en lo que va del 2026, alcanzan a un 14.05 % mientras que la inflaci\u00f3n INDEC es del 9.5 %, con lo cual refleja una recuperaci\u00f3n real de los salarios.<br>Con la liquidaci\u00f3n de este mes se garantiza un ingreso m\u00ednimo de $ 1.200.000 y, en el caso de un asalariado con familia tipo a cargo, el ingreso m\u00ednimo garantizado es de $&nbsp; 1.520.021.<br>Es de destacar que, a pesar de las dificultades y de la estrechez financiera ocasionada por la grave ca\u00edda de la actividad econ\u00f3mica, se contin\u00faa con el proceso de recuperaci\u00f3n real del salario siempre respetando el equilibrio en las cuentas fiscales y la fortaleza financiera que han caracterizado hist\u00f3ricamente a nuestra provincia.<\/p>\n\n\n\n<p><strong>Jubilados<\/strong><br>Asimismo,&nbsp; se inform\u00f3 que dicho aumento general es extensible a los Jubilados y Pensionados Provinciales del Instituto de Seguridad Social de La Pampa, que lo ver\u00e1n reflejado en los haberes del mes de mayo de modo retroactivo.<\/p>\n","protected":false},"excerpt":{"rendered":"<p>El Poder Ejecutivo Provincial comunic\u00f3 que el d\u00eda jueves 30 del corriente, a las 0 horas, estar\u00e1n depositados los haberes<\/p>\n","protected":false},"author":1,"featured_media":18637,"comment_status":"open","ping_status":"open","sticky":false,"template":"","format":"standard","meta":{"colormag_page_container_layout":"default_layout","colormag_page_sidebar_layout":"default_layout","footnotes":""},"categories":[4,8],"tags":[],"class_list":["post-18636","post","type-post","status-publish","format-standard","has-post-thumbnail","hentry","category-provincia","category-ultimas-noticias"],"_links":{"self":[{"href":"https:\/\/notipampa.com\/index.php?rest_route=\/wp\/v2\/posts\/18636","targetHints":{"allow":["GET"]}}],"collection":[{"href":"https:\/\/notipampa.com\/index.php?rest_route=\/wp\/v2\/posts"}],"about":[{"href":"https:\/\/notipampa.com\/index.php?rest_route=\/wp\/v2\/types\/post"}],"author":[{"embeddable":true,"href":"https:\/\/notipampa.com\/index.php?rest_route=\/wp\/v2\/users\/1"}],"replies":[{"embeddable":true,"href":"https:\/\/notipampa.com\/index.php?rest_route=%2Fwp%2Fv2%2Fcomments&post=18636"}],"version-history":[{"count":1,"href":"https:\/\/notipampa.com\/index.php?rest_route=\/wp\/v2\/posts\/18636\/revisions"}],"predecessor-version":[{"id":18638,"href":"https:\/\/notipampa.com\/index.php?rest_route=\/wp\/v2\/posts\/18636\/revisions\/18638"}],"wp:featuredmedia":[{"embeddable":true,"href":"https:\/\/notipampa.com\/index.php?rest_route=\/wp\/v2\/media\/18637"}],"wp:attachment":[{"href":"https:\/\/notipampa.com\/index.php?rest_route=%2Fwp%2Fv2%2Fmedia&parent=18636"}],"wp:term":[{"taxonomy":"category","embeddable":true,"href":"https:\/\/notipampa.com\/index.php?rest_route=%2Fwp%2Fv2%2Fcategories&post=18636"},{"taxonomy":"post_tag","embeddable":true,"href":"https:\/\/notipampa.com\/index.php?rest_route=%2Fwp%2Fv2%2Ftags&post=18636"}],"curies":[{"name":"wp","href":"https:\/\/api.w.org\/{rel}","templated":true}]}}