{"id":18621,"date":"2026-04-28T07:38:09","date_gmt":"2026-04-28T10:38:09","guid":{"rendered":"https:\/\/notipampa.com\/?p=18621"},"modified":"2026-04-28T07:38:10","modified_gmt":"2026-04-28T10:38:10","slug":"es-con-voz-el-streaming-de-educacion-pensado-para-las-juventudes","status":"publish","type":"post","link":"https:\/\/notipampa.com\/?p=18621","title":{"rendered":"\u201cEs Con Voz\u201d: el streaming de Educaci\u00f3n pensado para las juventudes"},"content":{"rendered":"\n<p><strong>Este mi\u00e9rcoles a las 19, se transmitir\u00e1 el primer episodio \u201cHablar sin vueltas\u201d, por https:\/\/www.youtube.com\/@educa-me . Estar\u00e1 dedicado a la inteligencia artificial y su impacto en la vida cotidiana de los y las j\u00f3venes.\u00a0<\/strong><\/p>\n\n\n\n<p>\u201cEs Con Voz\u201d forma parte de una propuesta interministerial que brinda respuestas a demandas e inquietudes de j\u00f3venes de la Provincia, en relaci\u00f3n al acceso a la informaci\u00f3n vinculada a sus derechos, las pol\u00edticas del cuidado y la educaci\u00f3n sexual integral. Se trata de una iniciativa del Ministerio de Educaci\u00f3n, en conjunto con los Ministerios de Salud y Desarrollo Social y Derechos Humanos.&nbsp;<\/p>\n\n\n\n<p>A trav\u00e9s de su cuenta en Instagram, https:\/\/www.instagram.com\/p\/DXh2zAaCZ6i\/ , lanzaron una convocatoria destinada a j\u00f3venes de entre 15 y 18 a\u00f1os, interesados en formar parte del grupo a trav\u00e9s de dos roles: co-conductor\/a y noteros\/as. El objetivo es sumar las voces de las y los j\u00f3venes del territorio, atendiendo a sus intereses, inquietudes y necesidades.<\/p>\n\n\n\n<p>Desde el Ministerio, invitaron a la comunidad a suscribirse al canal, activar las notificaciones y participar activamente en cada transmisi\u00f3n en vivo. Todos los mi\u00e9rcoles a las 19 en semanas alternadas, el Ministerio de Educaci\u00f3n de La Pampa ofrecer\u00e1 dos programas a trav\u00e9s del canal https:\/\/www.youtube.com\/@educa-me : \u201cenREDados\u201d y \u201cEs Con Voz\u201d.<\/p>\n","protected":false},"excerpt":{"rendered":"<p>Este mi\u00e9rcoles a las 19, se transmitir\u00e1 el primer episodio \u201cHablar sin vueltas\u201d, por https:\/\/www.youtube.com\/@educa-me . Estar\u00e1 dedicado a la<\/p>\n","protected":false},"author":1,"featured_media":18622,"comment_status":"open","ping_status":"open","sticky":false,"template":"","format":"standard","meta":{"colormag_page_container_layout":"default_layout","colormag_page_sidebar_layout":"default_layout","footnotes":""},"categories":[8,4],"tags":[],"class_list":["post-18621","post","type-post","status-publish","format-standard","has-post-thumbnail","hentry","category-ultimas-noticias","category-provincia"],"_links":{"self":[{"href":"https:\/\/notipampa.com\/index.php?rest_route=\/wp\/v2\/posts\/18621","targetHints":{"allow":["GET"]}}],"collection":[{"href":"https:\/\/notipampa.com\/index.php?rest_route=\/wp\/v2\/posts"}],"about":[{"href":"https:\/\/notipampa.com\/index.php?rest_route=\/wp\/v2\/types\/post"}],"author":[{"embeddable":true,"href":"https:\/\/notipampa.com\/index.php?rest_route=\/wp\/v2\/users\/1"}],"replies":[{"embeddable":true,"href":"https:\/\/notipampa.com\/index.php?rest_route=%2Fwp%2Fv2%2Fcomments&post=18621"}],"version-history":[{"count":1,"href":"https:\/\/notipampa.com\/index.php?rest_route=\/wp\/v2\/posts\/18621\/revisions"}],"predecessor-version":[{"id":18623,"href":"https:\/\/notipampa.com\/index.php?rest_route=\/wp\/v2\/posts\/18621\/revisions\/18623"}],"wp:featuredmedia":[{"embeddable":true,"href":"https:\/\/notipampa.com\/index.php?rest_route=\/wp\/v2\/media\/18622"}],"wp:attachment":[{"href":"https:\/\/notipampa.com\/index.php?rest_route=%2Fwp%2Fv2%2Fmedia&parent=18621"}],"wp:term":[{"taxonomy":"category","embeddable":true,"href":"https:\/\/notipampa.com\/index.php?rest_route=%2Fwp%2Fv2%2Fcategories&post=18621"},{"taxonomy":"post_tag","embeddable":true,"href":"https:\/\/notipampa.com\/index.php?rest_route=%2Fwp%2Fv2%2Ftags&post=18621"}],"curies":[{"name":"wp","href":"https:\/\/api.w.org\/{rel}","templated":true}]}}