{"id":18325,"date":"2026-03-08T13:27:46","date_gmt":"2026-03-08T16:27:46","guid":{"rendered":"https:\/\/notipampa.com\/?p=18325"},"modified":"2026-03-08T13:27:48","modified_gmt":"2026-03-08T16:27:48","slug":"tragedia-en-la-ruta-1-murio-un-vecino-de-intendente-alvear-y-su-pareja-continua-en-estado-muy-grave","status":"publish","type":"post","link":"https:\/\/notipampa.com\/?p=18325","title":{"rendered":"Tragedia en la Ruta 1: muri\u00f3 un vecino de Intendente Alvear y su pareja contin\u00faa en estado muy grave"},"content":{"rendered":"\n<p>Un tr\u00e1gico siniestro vial ocurrido este domingo en la <strong>Ruta Provincial 1<\/strong>, en cercan\u00edas de Trebolares, dej\u00f3 como saldo un hombre fallecido y una mujer en estado cr\u00edtico. La pareja viajaba en un autom\u00f3vil <strong>Volkswagen Suran<\/strong> desde <strong>Intendente Alvear<\/strong>.<\/p>\n\n\n\n<p>La v\u00edctima fatal fue identificada como <strong>Jos\u00e9 Alberto Miranda, de 56 a\u00f1os<\/strong>, quien conduc\u00eda el veh\u00edculo al momento del choque frontal contra una <strong>camioneta Ford F-100<\/strong>. El impacto ocurri\u00f3 a pocos kil\u00f3metros de la curva de Trebolares, en el tramo que conecta General Pico con el norte provincial.<\/p>\n\n\n\n<p>Como consecuencia del violento siniestro, Miranda falleci\u00f3 producto de las graves lesiones sufridas. En tanto, <strong>la mujer que lo acompa\u00f1aba fue trasladada de urgencia al Hospital Gobernador Centeno de General Pico<\/strong>, donde permanece internada en la Unidad de Terapia Intensiva.<\/p>\n\n\n\n<p>De acuerdo al <strong>\u00faltimo parte m\u00e9dico difundido por el centro de salud<\/strong>, la paciente contin\u00faa <strong>con pron\u00f3stico reservado y su cuadro cl\u00ednico es muy grave<\/strong>. <\/p>\n\n\n\n<p>En la camioneta viajaba un matrimonio oriundo de <strong>General Villegas<\/strong>, quienes resultaron con lesiones pero evolucionan favorablemente y permanecen en observaci\u00f3n m\u00e9dica.<\/p>\n\n\n\n<p>En el lugar del hecho trabajaron efectivos policiales, bomberos y personal del servicio de emergencias m\u00e9dicas, mientras la Fiscal\u00eda avanza en la investigaci\u00f3n para determinar las causas del choque frontal.<\/p>\n\n\n\n<figure class=\"wp-block-image size-full\"><img fetchpriority=\"high\" decoding=\"async\" width=\"828\" height=\"429\" src=\"https:\/\/notipampa.com\/wp-content\/uploads\/2026\/03\/Captura-1.png\" alt=\"\" class=\"wp-image-18327\" srcset=\"https:\/\/notipampa.com\/wp-content\/uploads\/2026\/03\/Captura-1.png 828w, https:\/\/notipampa.com\/wp-content\/uploads\/2026\/03\/Captura-1-300x155.png 300w, https:\/\/notipampa.com\/wp-content\/uploads\/2026\/03\/Captura-1-768x398.png 768w\" sizes=\"(max-width: 828px) 100vw, 828px\" \/><\/figure>\n","protected":false},"excerpt":{"rendered":"<p>Un tr\u00e1gico siniestro vial ocurrido este domingo en la Ruta Provincial 1, en cercan\u00edas de Trebolares, dej\u00f3 como saldo un<\/p>\n","protected":false},"author":1,"featured_media":18326,"comment_status":"open","ping_status":"open","sticky":false,"template":"","format":"standard","meta":{"colormag_page_container_layout":"default_layout","colormag_page_sidebar_layout":"default_layout","footnotes":""},"categories":[4,56,8],"tags":[],"class_list":["post-18325","post","type-post","status-publish","format-standard","has-post-thumbnail","hentry","category-provincia","category-policiales","category-ultimas-noticias"],"_links":{"self":[{"href":"https:\/\/notipampa.com\/index.php?rest_route=\/wp\/v2\/posts\/18325","targetHints":{"allow":["GET"]}}],"collection":[{"href":"https:\/\/notipampa.com\/index.php?rest_route=\/wp\/v2\/posts"}],"about":[{"href":"https:\/\/notipampa.com\/index.php?rest_route=\/wp\/v2\/types\/post"}],"author":[{"embeddable":true,"href":"https:\/\/notipampa.com\/index.php?rest_route=\/wp\/v2\/users\/1"}],"replies":[{"embeddable":true,"href":"https:\/\/notipampa.com\/index.php?rest_route=%2Fwp%2Fv2%2Fcomments&post=18325"}],"version-history":[{"count":1,"href":"https:\/\/notipampa.com\/index.php?rest_route=\/wp\/v2\/posts\/18325\/revisions"}],"predecessor-version":[{"id":18328,"href":"https:\/\/notipampa.com\/index.php?rest_route=\/wp\/v2\/posts\/18325\/revisions\/18328"}],"wp:featuredmedia":[{"embeddable":true,"href":"https:\/\/notipampa.com\/index.php?rest_route=\/wp\/v2\/media\/18326"}],"wp:attachment":[{"href":"https:\/\/notipampa.com\/index.php?rest_route=%2Fwp%2Fv2%2Fmedia&parent=18325"}],"wp:term":[{"taxonomy":"category","embeddable":true,"href":"https:\/\/notipampa.com\/index.php?rest_route=%2Fwp%2Fv2%2Fcategories&post=18325"},{"taxonomy":"post_tag","embeddable":true,"href":"https:\/\/notipampa.com\/index.php?rest_route=%2Fwp%2Fv2%2Ftags&post=18325"}],"curies":[{"name":"wp","href":"https:\/\/api.w.org\/{rel}","templated":true}]}}