{"id":18322,"date":"2026-03-06T11:02:59","date_gmt":"2026-03-06T14:02:59","guid":{"rendered":"https:\/\/notipampa.com\/?p=18322"},"modified":"2026-03-06T11:03:01","modified_gmt":"2026-03-06T14:03:01","slug":"la-biblioteca-popular-renovacion-vivio-un-verano-de-actividades-talleres-y-encuentros-comunitarios","status":"publish","type":"post","link":"https:\/\/notipampa.com\/?p=18322","title":{"rendered":"La Biblioteca Popular Renovaci\u00f3n vivi\u00f3 un verano de actividades, talleres y encuentros comunitarios"},"content":{"rendered":"\n<p>La <strong>Biblioteca Popular Renovaci\u00f3n de Intendente Alvear<\/strong> atraves\u00f3 un verano cargado de actividades culturales, educativas y recreativas, reafirmando su compromiso con la promoci\u00f3n del conocimiento, la creatividad y el encuentro comunitario.<\/p>\n\n\n\n<p>Durante los meses estivales se realizaron dos propuestas innovadoras de <strong>Escape Room destinadas a adolescentes<\/strong>, que combinaron literatura, ingenio y trabajo en equipo. Ambas actividades tuvieron una muy buena participaci\u00f3n y superaron las expectativas de los organizadores, evidenciando el inter\u00e9s de los j\u00f3venes por experiencias que los desaf\u00eden a pensar, resolver enigmas y compartir en grupo dentro de un espacio cultural.<\/p>\n\n\n\n<p>En cada jornada, las salas de la Biblioteca se transformaron en escenarios de misterio y aventura, donde los participantes debieron descifrar pistas, unir historias y colaborar entre s\u00ed para lograr el objetivo. M\u00e1s all\u00e1 del aspecto l\u00fadico, la propuesta busc\u00f3 fortalecer valores como la cooperaci\u00f3n, la escucha y la imaginaci\u00f3n.<\/p>\n\n\n\n<h3 class=\"wp-block-heading\">Presencia en \u201cHecho en Alvear\u201d<\/h3>\n\n\n\n<p>La instituci\u00f3n tambi\u00e9n particip\u00f3 de la feria local <strong>\u201cHecho en Alvear\u201d<\/strong>, un espacio que permiti\u00f3 difundir las actividades que se desarrollan durante todo el a\u00f1o. Durante la jornada se brind\u00f3 informaci\u00f3n sobre talleres, propuestas culturales y servicios que ofrece la Biblioteca, con el objetivo de acercar la instituci\u00f3n a m\u00e1s vecinos y ampliar la cantidad de socios.<\/p>\n\n\n\n<p>Como parte de su crecimiento constante, desde la Comisi\u00f3n Directiva anunciaron adem\u00e1s la <strong>incorporaci\u00f3n de nuevos talleres<\/strong>, ampliando la oferta formativa y cultural para ni\u00f1os, j\u00f3venes y adultos. Esta expansi\u00f3n responde al compromiso de seguir construyendo comunidad a trav\u00e9s del conocimiento, el arte y el encuentro.<\/p>\n\n\n\n<h3 class=\"wp-block-heading\">Visita para fortalecer lazos hist\u00f3ricos<\/h3>\n\n\n\n<p>En el mes de enero la Biblioteca recibi\u00f3 la visita del <strong>Dr. Gabriel Astarloa<\/strong>, presidente del Centro de Informaci\u00f3n Hist\u00f3rica de Don Torcuato (Buenos Aires). El encuentro tuvo como objetivo estrechar v\u00ednculos entre ambas localidades, fundadas por la misma familia y en honor al <strong>Intendente Don Carlos Torcuato de Alvear<\/strong>, adem\u00e1s de intercambiar informaci\u00f3n que contribuya a enriquecer los registros hist\u00f3ricos.<\/p>\n\n\n\n<h3 class=\"wp-block-heading\">Talleres y actividades durante el a\u00f1o<\/h3>\n\n\n\n<p>La Biblioteca cuenta actualmente con una amplia variedad de talleres abiertos a la comunidad, pensados para aprender, compartir y desarrollar nuevas habilidades.<\/p>\n\n\n\n<p>Entre las propuestas recientes se destac\u00f3 el <strong>Taller de Cocina Saludable<\/strong>, dictado por Cecilia Mora Souto, realizado el pasado s\u00e1bado con muy buena aceptaci\u00f3n del p\u00fablico. Debido al inter\u00e9s generado, se prev\u00e9 un segundo encuentro pr\u00f3ximamente.<\/p>\n\n\n\n<p>Tambi\u00e9n se anunci\u00f3 la actividad gratuita <strong>\u201cEl juego como puente emocional: herramientas emocionales para ni\u00f1os y adolescentes\u201d<\/strong>, organizada por Espacio Senti Pensante, que se realizar\u00e1 el <strong>viernes 6 de marzo a las 20 horas<\/strong>.<\/p>\n\n\n\n<p>Entre los talleres que se desarrollan en la instituci\u00f3n se encuentran:<\/p>\n\n\n\n<ul class=\"wp-block-list\">\n<li>Fotograf\u00eda y Ajedrez \u2013 profesor Andr\u00e9s (Espacio Aurora)<\/li>\n\n\n\n<li>Telar, bordado y macram\u00e9 \u2013 Adriana Ar\u00e9valo<\/li>\n\n\n\n<li>Taller cognitivo para adultos \u2013 Patricia Colli<\/li>\n\n\n\n<li>Chikung \u2013 Horacio D\u00edaz<\/li>\n\n\n\n<li>Yoga \u2013 Claudia Dantin<\/li>\n\n\n\n<li>Arte \u2013 Ana Fabry<\/li>\n\n\n\n<li>Creaci\u00f3n de historietas \u2013 Jainen Villegas y Rub\u00e9n Quiroga<\/li>\n\n\n\n<li>Cer\u00e1mica para adultos, ni\u00f1os y adolescentes \u2013 Toia Ceballos<\/li>\n\n\n\n<li>Crochet \u2013 Micaela Olivera Chicchi<\/li>\n\n\n\n<li>Porcelana fr\u00eda \u2013 Soledad Rold\u00e1n<\/li>\n<\/ul>\n\n\n\n<p><\/p>\n\n\n\n<h3 class=\"wp-block-heading\">Invitaci\u00f3n por el D\u00eda de la Mujer<\/h3>\n\n\n\n<p>Finalmente, desde la instituci\u00f3n invitaron a la comunidad a participar de un encuentro especial por el <strong>D\u00eda de la Mujer<\/strong>, titulado <strong>\u201cAutora de mi propia historia\u201d<\/strong>, que se realizar\u00e1 el <strong>s\u00e1bado 14 de marzo en la sede de la Biblioteca<\/strong>.<\/p>\n\n\n\n<p>La propuesta contar\u00e1 con actividades especialmente organizadas para compartir entre mujeres, en una jornada pensada para el encuentro y la reflexi\u00f3n.<\/p>\n\n\n\n<p>Desde la Comisi\u00f3n Directiva destacaron el acompa\u00f1amiento permanente de socios y familias e invitaron a toda la comunidad a sumarse y participar de las actividades.<\/p>\n\n\n\n<p>\u201cLa Biblioteca Popular Renovaci\u00f3n no es solo un edificio lleno de libros: es un lugar donde las ideas se encuentran, los sue\u00f1os crecen y la cultura se comparte\u201d, expresaron.<\/p>\n","protected":false},"excerpt":{"rendered":"<p>La Biblioteca Popular Renovaci\u00f3n de Intendente Alvear atraves\u00f3 un verano cargado de actividades culturales, educativas y recreativas, reafirmando su compromiso<\/p>\n","protected":false},"author":1,"featured_media":18323,"comment_status":"open","ping_status":"open","sticky":false,"template":"","format":"standard","meta":{"colormag_page_container_layout":"default_layout","colormag_page_sidebar_layout":"default_layout","footnotes":""},"categories":[8,3,6],"tags":[],"class_list":["post-18322","post","type-post","status-publish","format-standard","has-post-thumbnail","hentry","category-ultimas-noticias","category-entretenimiento","category-locales"],"_links":{"self":[{"href":"https:\/\/notipampa.com\/index.php?rest_route=\/wp\/v2\/posts\/18322","targetHints":{"allow":["GET"]}}],"collection":[{"href":"https:\/\/notipampa.com\/index.php?rest_route=\/wp\/v2\/posts"}],"about":[{"href":"https:\/\/notipampa.com\/index.php?rest_route=\/wp\/v2\/types\/post"}],"author":[{"embeddable":true,"href":"https:\/\/notipampa.com\/index.php?rest_route=\/wp\/v2\/users\/1"}],"replies":[{"embeddable":true,"href":"https:\/\/notipampa.com\/index.php?rest_route=%2Fwp%2Fv2%2Fcomments&post=18322"}],"version-history":[{"count":1,"href":"https:\/\/notipampa.com\/index.php?rest_route=\/wp\/v2\/posts\/18322\/revisions"}],"predecessor-version":[{"id":18324,"href":"https:\/\/notipampa.com\/index.php?rest_route=\/wp\/v2\/posts\/18322\/revisions\/18324"}],"wp:featuredmedia":[{"embeddable":true,"href":"https:\/\/notipampa.com\/index.php?rest_route=\/wp\/v2\/media\/18323"}],"wp:attachment":[{"href":"https:\/\/notipampa.com\/index.php?rest_route=%2Fwp%2Fv2%2Fmedia&parent=18322"}],"wp:term":[{"taxonomy":"category","embeddable":true,"href":"https:\/\/notipampa.com\/index.php?rest_route=%2Fwp%2Fv2%2Fcategories&post=18322"},{"taxonomy":"post_tag","embeddable":true,"href":"https:\/\/notipampa.com\/index.php?rest_route=%2Fwp%2Fv2%2Ftags&post=18322"}],"curies":[{"name":"wp","href":"https:\/\/api.w.org\/{rel}","templated":true}]}}