{"id":18315,"date":"2026-03-06T07:28:38","date_gmt":"2026-03-06T10:28:38","guid":{"rendered":"https:\/\/notipampa.com\/?p=18315"},"modified":"2026-03-06T07:28:39","modified_gmt":"2026-03-06T10:28:39","slug":"reforma-laboral-que-dice-la-reglamentacion-de-la-ley-y-cuales-son-los-principales-cambios-para-el-trabajador","status":"publish","type":"post","link":"https:\/\/notipampa.com\/?p=18315","title":{"rendered":"Reforma laboral: qu\u00e9 dice la reglamentaci\u00f3n de la ley y cu\u00e1les son los principales cambios para el trabajador"},"content":{"rendered":"\n<p><strong>En lo que respecta al sistema anterior, las modificaciones m\u00e1s significativas giran en torno a la registraci\u00f3n laboral, la organizaci\u00f3n de la jornada, el r\u00e9gimen de indemnizaciones y la estructura de aportes patronales y sindicales<\/strong><\/p>\n\n\n\n<p>El Gobierno reglament\u00f3 esta madrugada la<a href=\"https:\/\/www.infobae.com\/politica\/2026\/03\/06\/el-gobierno-promulgo-la-ley-de-modernizacion-laboral-a-una-semana-de-su-aprobacion-en-el-senado\/\" target=\"_blank\" rel=\"noreferrer noopener\"><em><strong>ley de Modernizaci\u00f3n Laboral<\/strong><\/em><\/a>y promulg\u00f3 la misma bajo el&nbsp;<strong>N\u00b0 27.802<\/strong>&nbsp;a trav\u00e9s de&nbsp;<strong>Bolet\u00edn Oficial<\/strong>. Esta formalizaci\u00f3n ocurri\u00f3 luego del debate parlamentario que se extendi\u00f3 por varias jornadas y la&nbsp;<a href=\"https:\/\/www.infobae.com\/politica\/2026\/02\/28\/el-senado-sanciono-la-reforma-laboral-y-el-gobierno-logro-su-mayor-triunfo-en-el-final-de-las-sesiones-extraordinarias\/\" target=\"_blank\" rel=\"noreferrer noopener\"><em>sanci\u00f3n definitiva en el Senado el&nbsp;<\/em><em><strong>27 de febrero<\/strong><\/em><\/a>. El oficialismo consigui\u00f3 uno de sus mayores logros durante las sesiones extraordinadas convocadas por el presidente&nbsp;<a href=\"https:\/\/www.infobae.com\/tag\/javier-milei\/\" target=\"_blank\" rel=\"noreferrer noopener\"><em><strong>Javier Milei.<\/strong><\/em><\/a><\/p>\n\n\n\n<p>Entre los ejes centrales del texto oficial, se destacan los cambios en la&nbsp;<strong>registraci\u00f3n laboral<\/strong>, la&nbsp;<strong>organizaci\u00f3n de la jornada<\/strong>, el&nbsp;<strong>r\u00e9gimen de indemnizaciones&nbsp;<\/strong>y la estructura de&nbsp;<strong>aportes patronales y sindicales.<\/strong>&nbsp;El nuevo esquema se aplica sobre los siguientes puntos:<\/p>\n\n\n\n<h2 class=\"wp-block-heading\">Jornada laboral<\/h2>\n\n\n\n<ul class=\"wp-block-list\">\n<li>Se habilit\u00f3 la extensi\u00f3n del horario de jornada laboral diaria de\u00a0<strong>hasta 12 horas<\/strong>\u00a0siempre mediante acuerdo escrito entre empleadores y empleados y la creaci\u00f3n del\u00a0<strong>banco de horas<\/strong>\u00a0permitir\u00e1 compensar horas extraordinarias con descansos. La organizaci\u00f3n de la jornada deber\u00e1 respetar los l\u00edmites legales y el\u00a0<strong>descanso de al menos 12 horas\u00a0<\/strong>entre turnos.<\/li>\n\n\n\n<li>Queda ratificado que el pago de salarios solo podr\u00e1 realizarse a trav\u00e9s de bancos o entidades oficiales de ahorro, excluyendo la utilizaci\u00f3n de billeteras virtuales.<\/li>\n\n\n\n<li>Respecto a los sueldos, la reforma incorpor\u00f3 el\u00a0<strong>\u201csalario din\u00e1mico\u201d<\/strong>, que puede ser pactado en los convenios colectivos y que ata la remuneraci\u00f3n al rendimiento o m\u00e9rito individual.<\/li>\n\n\n\n<li><strong>La digitalizaci\u00f3n obligatoria de los libros laborales<\/strong>\u00a0tendr\u00e1n plena validez y deber\u00e1n conservarse durante una d\u00e9cada. El registro de la relaci\u00f3n de trabajo ante la\u00a0<strong>Agencia de Recaudaci\u00f3n y Control Aduanero (ARCA)<\/strong>\u00a0ser\u00e1 suficiente para acreditar el v\u00ednculo, sin exigir tr\u00e1mites adicionales en otros organismos.<\/li>\n<\/ul>\n\n\n\n<p><img fetchpriority=\"high\" decoding=\"async\" alt=\"Las jornadas laborales podr\u00e1n extenderse\" height=\"768\" src=\"https:\/\/www.infobae.com\/resizer\/v2\/EA4OUG3IJJDINKX2BVGY74U4CA.png?auth=ce390f59e61fcd40af9538e19a259e43d96b2fc664885ed1cde96b9895607cf6&amp;smart=true&amp;width=350&amp;height=191&amp;quality=85\" width=\"1408\">Las jornadas laborales podr\u00e1n extenderse hasta 12 horas siempre que medie un acuerdo por escrito entre partes (Imagen Ilustrativa Infobae)<\/p>\n\n\n\n<h2 class=\"wp-block-heading\">Aportes patronales y sindicales<\/h2>\n\n\n\n<ul class=\"wp-block-list\">\n<li>Los aportes de las empresas a c\u00e1maras o asociaciones empresarias no podr\u00e1n superar el\u00a0<strong>0,5% de las remuneraciones<\/strong>\u00a0y ser\u00e1n\u00a0<strong>voluntarios\u00a0<\/strong>desde\u00a0<strong>enero de 2028<\/strong>.<\/li>\n\n\n\n<li>Para los sindicatos, los aportes de los trabajadores, tanto afiliados como no afiliados<strong>, no podr\u00e1n exceder el 2%.<\/strong><\/li>\n\n\n\n<li>Se mantiene el aporte obligatorio del 6% destinado a las obras sociales. Adem\u00e1s, la norma elimina la facultad de los empleadores para actuar como agentes de retenci\u00f3n de cuotas sindicales sin consentimiento expreso.<\/li>\n\n\n\n<li>Se crea el<strong>\u00a0R\u00e9gimen de Incentivo para la Modernizaci\u00f3n e Inversi\u00f3n (RIMI)<\/strong>, orientado a fomentar la adopci\u00f3n de tecnolog\u00eda y la expansi\u00f3n empresarial, en l\u00ednea con la reducci\u00f3n de cargas sociales.<\/li>\n<\/ul>\n\n\n\n<p><img decoding=\"async\" alt=\"Las vacaciones podr\u00e1n fraccionarse durante\" height=\"3352\" src=\"https:\/\/www.infobae.com\/resizer\/v2\/R7PSENVKKNHPTC4GUAJM6SXT2A.JPG?auth=9cccb141b803173b4f9cbc13eb4e6e278f3fdfd4eefc5e3eaff58af85c274c9b&amp;smart=true&amp;width=350&amp;height=233&amp;quality=85\" width=\"5028\">Las vacaciones podr\u00e1n fraccionarse durante el a\u00f1o<\/p>\n\n\n\n<h2 class=\"wp-block-heading\">Indemnizaciones y vacaciones<\/h2>\n\n\n\n<ul class=\"wp-block-list\">\n<li>El c\u00e1lculo de la indemnizaci\u00f3n por\u00a0<strong>despido sin causa<\/strong>\u00a0solo contemplar\u00e1 la\u00a0<strong>remuneraci\u00f3n mensual, normal y habitual<\/strong>, dejando fuera el\u00a0<strong>aguinaldo y las vacaciones.<\/strong><\/li>\n\n\n\n<li>La ley fija que la indemnizaci\u00f3n ser\u00e1 la \u00fanica reparaci\u00f3n por el despido y dispone un nuevo sistema de actualizaci\u00f3n de cr\u00e9ditos laborales, que se ajustar\u00e1n por el\u00a0<strong>\u00cdndice de Precios al Consumidor (IPC) m\u00e1s un 3% anual.<\/strong><\/li>\n\n\n\n<li>La norma crea el\u00a0<strong>Fondo de Asistencia Laboral (FAL)<\/strong>\u00a0quecubrir\u00e1 los costos de las desvinculaciones y se financiar\u00e1 con aportes mensuales de los empleadores: 1% de las remuneraciones para grandes empresas y 2,5% para micro, peque\u00f1as y medianas empresas. El Poder Ejecutivo podr\u00e1 aumentar estos porcentajes hasta 1,5% y 3%, respectivamente, previa aprobaci\u00f3n de la Comisi\u00f3n Bicameral.<\/li>\n\n\n\n<li>Los\u00a0<strong>convenios colectivos<\/strong>\u00a0podr\u00e1n establecer fondos de cese laboral con sistemas de capitalizaci\u00f3n individual.<\/li>\n\n\n\n<li>El per\u00edodo estival mantiene su intervalo habitual entre el 1\u00b0 de octubre y el 30 de abril, aunque las partes podr\u00e1n pactar su disfrute fuera de ese plazo en tramos de al menos\u00a0<strong>siete d\u00edas consecutivos<\/strong>.<\/li>\n<\/ul>\n\n\n\n<p><img decoding=\"async\" alt=\"Durante las huelgas se deberan\" height=\"1277\" src=\"https:\/\/www.infobae.com\/resizer\/v2\/ASCERSBMOJBLBFFR6SDJOM4MUU.jpg?auth=0eef84a192946f4ee2ad651e21806cc2beb5cb54edfa39d20a63684a3aeb0eb5&amp;smart=true&amp;width=350&amp;height=233&amp;quality=85\" width=\"1920\">Durante las huelgas se deberan garantizar los servicios escenciales<\/p>\n\n\n\n<h2 class=\"wp-block-heading\">Eliminaci\u00f3n de multas<\/h2>\n\n\n\n<ul class=\"wp-block-list\">\n<li>La reforma elimina las multas establecidas en la Ley 24.013 para los casos de\u00a0<strong>empleo no registrado o registraci\u00f3n deficiente.<\/strong>\u00a0A cambio, se reafirma un\u00a0<strong>r\u00e9gimen de incentivos<\/strong>\u00a0para la regularizaci\u00f3n, que permite a los empleadores blanquear personal sin abonar sanciones, aunque deber\u00e1n pagar las diferencias salariales y previsionales correspondientes al per\u00edodo no registrado.<\/li>\n\n\n\n<li><strong>Programa de Promoci\u00f3n del Empleo Registrado,<\/strong>\u00a0establece un mecanismo de\u00a0<strong>blanqueo laboral<\/strong>, permitiendo la condonaci\u00f3n de hasta el\u00a0<strong>70% de las deudas por aportes y sanciones\u00a0<\/strong>para quienes regularicen su situaci\u00f3n.<\/li>\n\n\n\n<li><strong>R\u00e9gimen de Incentivo a la Formalizaci\u00f3n Laboral<\/strong>, reduce las contribuciones patronales al\u00a0<strong>8% anual\u00a0<\/strong>y asigna una reducci\u00f3n a\u00fan mayor\u00a0<strong>para quienes contraten a personal previamente no registrado antes del 10 de diciembre de 2025<\/strong>, as\u00ed como a ex monotributistas o ex trabajadores p\u00fablicos.<\/li>\n<\/ul>\n\n\n\n<p><img loading=\"lazy\" decoding=\"async\" alt=\"Los juicios laborales podr\u00e1n pagarse\" height=\"1080\" src=\"https:\/\/www.infobae.com\/resizer\/v2\/GHRSVWVSGRAPDKRZGVDZBXORBA.jpg?auth=d6b27be2590b4aae81869697246206ec9dae6598ff97b097a411f4936ba386c1&amp;smart=true&amp;width=350&amp;height=197&amp;quality=85\" width=\"1920\">Los juicios laborales podr\u00e1n pagarse en cuotas<\/p>\n\n\n\n<h2 class=\"wp-block-heading\">Juicios<\/h2>\n\n\n\n<ul class=\"wp-block-list\">\n<li>La reforma introduce nuevos criterios para el\u00a0<strong>pago de sentencias judiciales laborales.<\/strong>\u00a0Las grandes empresas podr\u00e1n cancelar condenas firmes en hasta seis cuotas mensuales consecutivas, mientras que para las MiPyMEs y empleadores individuales el plazo podr\u00e1 extenderse hasta doce cuotas.<\/li>\n<\/ul>\n\n\n\n<p>La normativa toc\u00f3 otros puntos de la ley anterior (20.744), tales como la redefinici\u00f3n del \u00e1mbito de aplicaci\u00f3n de la ley, ampliando el listado de grupos de trabajores a los cuales no se aplica. Por ejemplo, \u201ca los trabajadores independientes y sus colaboradores\u201d y \u201cprestadores independientes de plataformas tecnol\u00f3gicas conforme la regulaci\u00f3n espec\u00edfica\u201d.<img loading=\"lazy\" decoding=\"async\" alt=\"La reforma laboral provoc\u00f3 marchas\" height=\"3024\" src=\"https:\/\/www.infobae.com\/resizer\/v2\/H3RGRDNSARBT3AATZUGSPMOB5Y.jpg?auth=519f2eba4e3ce83198c76d3dbfb4e290662bdac2ba4cd470b17dcf14d1576da9&amp;smart=true&amp;width=350&amp;height=263&amp;quality=85\" width=\"4032\">La reforma laboral provoc\u00f3 marchas y disturbios afuera del Congreso (Photo by TOMAS CUESTA \/ AFP)<\/p>\n\n\n\n<p>A su vez, se incorpor\u00f3 el derecho a la formaci\u00f3n profesional y a la promoci\u00f3n en condiciones igualitarias como derecho fundamental de todo trabajador. Por \u00faltimo el derecho de huelga quedar\u00e1 restringido en los servicios esenciales (salud, distribuci\u00f3n de agua potable, telecomunicaciones, aeron\u00e1utica comercial, control portuario, entre otros) y deber\u00e1 asegurarse un&nbsp;<strong>m\u00ednimo del 75% de la dotaci\u00f3n de personal&nbsp;<\/strong>en actividad. Y en&nbsp;<strong>servicios de importancia \u201ctrascendental\u201d<\/strong>, como el transporte de pasajeros y cargas, medios de comunicaci\u00f3n, industrias sider\u00fargica, qu\u00edmica, cementera, alimenticia, construcci\u00f3n, aeropuertos y miner\u00eda, entre otros, deber\u00e1 garantizarse el&nbsp;<strong>funcionamientoal 50%<\/strong>.<\/p>\n\n\n\n<p>Fuente: Infobae<\/p>\n\n\n\n<p><\/p>\n","protected":false},"excerpt":{"rendered":"<p>En lo que respecta al sistema anterior, las modificaciones m\u00e1s significativas giran en torno a la registraci\u00f3n laboral, la organizaci\u00f3n<\/p>\n","protected":false},"author":1,"featured_media":18316,"comment_status":"open","ping_status":"open","sticky":false,"template":"","format":"standard","meta":{"colormag_page_container_layout":"default_layout","colormag_page_sidebar_layout":"default_layout","footnotes":""},"categories":[8,5,7],"tags":[],"class_list":["post-18315","post","type-post","status-publish","format-standard","has-post-thumbnail","hentry","category-ultimas-noticias","category-nacionales","category-politica"],"_links":{"self":[{"href":"https:\/\/notipampa.com\/index.php?rest_route=\/wp\/v2\/posts\/18315","targetHints":{"allow":["GET"]}}],"collection":[{"href":"https:\/\/notipampa.com\/index.php?rest_route=\/wp\/v2\/posts"}],"about":[{"href":"https:\/\/notipampa.com\/index.php?rest_route=\/wp\/v2\/types\/post"}],"author":[{"embeddable":true,"href":"https:\/\/notipampa.com\/index.php?rest_route=\/wp\/v2\/users\/1"}],"replies":[{"embeddable":true,"href":"https:\/\/notipampa.com\/index.php?rest_route=%2Fwp%2Fv2%2Fcomments&post=18315"}],"version-history":[{"count":1,"href":"https:\/\/notipampa.com\/index.php?rest_route=\/wp\/v2\/posts\/18315\/revisions"}],"predecessor-version":[{"id":18317,"href":"https:\/\/notipampa.com\/index.php?rest_route=\/wp\/v2\/posts\/18315\/revisions\/18317"}],"wp:featuredmedia":[{"embeddable":true,"href":"https:\/\/notipampa.com\/index.php?rest_route=\/wp\/v2\/media\/18316"}],"wp:attachment":[{"href":"https:\/\/notipampa.com\/index.php?rest_route=%2Fwp%2Fv2%2Fmedia&parent=18315"}],"wp:term":[{"taxonomy":"category","embeddable":true,"href":"https:\/\/notipampa.com\/index.php?rest_route=%2Fwp%2Fv2%2Fcategories&post=18315"},{"taxonomy":"post_tag","embeddable":true,"href":"https:\/\/notipampa.com\/index.php?rest_route=%2Fwp%2Fv2%2Ftags&post=18315"}],"curies":[{"name":"wp","href":"https:\/\/api.w.org\/{rel}","templated":true}]}}