{"id":18148,"date":"2026-02-10T08:06:30","date_gmt":"2026-02-10T11:06:30","guid":{"rendered":"https:\/\/notipampa.com\/?p=18148"},"modified":"2026-02-10T08:06:31","modified_gmt":"2026-02-10T11:06:31","slug":"pico-la-brigada-de-investigaciones-recapturo-al-preso-que-escapo-del-hospital-centeno-tras-ser-herido-en-la-alcaidia","status":"publish","type":"post","link":"https:\/\/notipampa.com\/?p=18148","title":{"rendered":"Pico: la brigada de investigaciones recaptur\u00f3 al preso que escap\u00f3 del Hospital Centeno tras ser herido en la Alcaid\u00eda"},"content":{"rendered":"\n<p>Un importante despliegue policial permiti\u00f3, en las primeras horas de este martes, la recaptura de un interno que se encontraba hospitalizado y logr\u00f3 evadirse del centro de salud local. El sujeto, que hab\u00eda sido derivado desde la Alcaid\u00eda tras protagonizar un incidente donde result\u00f3 herido, permaneci\u00f3 pr\u00f3fugo solo unas horas antes de ser interceptado por los efectivos.<\/p>\n\n\n\n<p>El hecho se registr\u00f3 anoche, aproximadamente a las&nbsp;<strong>23:00 horas<\/strong>, cuando el detenido aprovech\u00f3 un descuido en la vigilancia del&nbsp;<strong>Hospital Gobernador Centeno<\/strong>&nbsp;para darse a la fuga. Seg\u00fan fuentes policiales, el evadido ya se hab\u00eda cambiado de vestimenta para intentar pasar inadvertido y dificultar su identificaci\u00f3n.<\/p>\n\n\n\n<p>Sin embargo, el r\u00e1pido accionar de las fuerzas de seguridad, apoyado por el sistema de monitoreo del&nbsp;<strong>CECOM<\/strong>, permiti\u00f3 localizarlo en la ma\u00f1ana de hoy. En di\u00e1logo con&nbsp;<strong>INFOPICO<\/strong>, el fiscal&nbsp;<strong>Juan Pellegrino<\/strong>&nbsp;confirm\u00f3 la noticia y brind\u00f3 detalles sobre la situaci\u00f3n procesal del individuo.<\/p>\n\n\n\n<blockquote class=\"wp-block-quote is-layout-flow wp-block-quote-is-layout-flow\">\n<p><strong>\u201cEfectivamente. Se fug\u00f3 del hospital, pero a las poqu\u00edsimas horas, o sea, muy r\u00e1pidamente, fue demorado por personal policial, espec\u00edficamente por la Brigada de Investigaciones. O sea, est\u00e1 actualmente detenido\u201d<\/strong>, puntualiz\u00f3 el funcionario judicial.<\/p>\n<\/blockquote>\n\n\n\n<p>Tras su demora, el interno fue trasladado bajo estrictas medidas de seguridad y puesto nuevamente a disposici\u00f3n de la Justicia. Se espera que en las pr\u00f3ximas horas se inicien las actuaciones correspondientes para determinar las responsabilidades en la cadena de custodia y sumar nuevos cargos por la evasi\u00f3n.<\/p>\n\n\n\n<figure class=\"wp-block-image\"><img decoding=\"async\" src=\"https:\/\/www.infopico.com\/wp-content\/uploads\/2026\/02\/WhatsApp-Image-2026-02-10-at-06.51.204.jpeg\" alt=\"\" class=\"wp-image-361400\"\/><\/figure>\n\n\n\n<p>Fuente: Infopico<\/p>\n","protected":false},"excerpt":{"rendered":"<p>Un importante despliegue policial permiti\u00f3, en las primeras horas de este martes, la recaptura de un interno que se encontraba<\/p>\n","protected":false},"author":1,"featured_media":18149,"comment_status":"open","ping_status":"open","sticky":false,"template":"","format":"standard","meta":{"colormag_page_container_layout":"default_layout","colormag_page_sidebar_layout":"default_layout","footnotes":""},"categories":[4,56,8],"tags":[],"class_list":["post-18148","post","type-post","status-publish","format-standard","has-post-thumbnail","hentry","category-provincia","category-policiales","category-ultimas-noticias"],"_links":{"self":[{"href":"https:\/\/notipampa.com\/index.php?rest_route=\/wp\/v2\/posts\/18148","targetHints":{"allow":["GET"]}}],"collection":[{"href":"https:\/\/notipampa.com\/index.php?rest_route=\/wp\/v2\/posts"}],"about":[{"href":"https:\/\/notipampa.com\/index.php?rest_route=\/wp\/v2\/types\/post"}],"author":[{"embeddable":true,"href":"https:\/\/notipampa.com\/index.php?rest_route=\/wp\/v2\/users\/1"}],"replies":[{"embeddable":true,"href":"https:\/\/notipampa.com\/index.php?rest_route=%2Fwp%2Fv2%2Fcomments&post=18148"}],"version-history":[{"count":1,"href":"https:\/\/notipampa.com\/index.php?rest_route=\/wp\/v2\/posts\/18148\/revisions"}],"predecessor-version":[{"id":18150,"href":"https:\/\/notipampa.com\/index.php?rest_route=\/wp\/v2\/posts\/18148\/revisions\/18150"}],"wp:featuredmedia":[{"embeddable":true,"href":"https:\/\/notipampa.com\/index.php?rest_route=\/wp\/v2\/media\/18149"}],"wp:attachment":[{"href":"https:\/\/notipampa.com\/index.php?rest_route=%2Fwp%2Fv2%2Fmedia&parent=18148"}],"wp:term":[{"taxonomy":"category","embeddable":true,"href":"https:\/\/notipampa.com\/index.php?rest_route=%2Fwp%2Fv2%2Fcategories&post=18148"},{"taxonomy":"post_tag","embeddable":true,"href":"https:\/\/notipampa.com\/index.php?rest_route=%2Fwp%2Fv2%2Ftags&post=18148"}],"curies":[{"name":"wp","href":"https:\/\/api.w.org\/{rel}","templated":true}]}}