{"id":17998,"date":"2026-01-15T07:16:21","date_gmt":"2026-01-15T10:16:21","guid":{"rendered":"https:\/\/notipampa.com\/?p=17998"},"modified":"2026-01-15T07:16:22","modified_gmt":"2026-01-15T10:16:22","slug":"acuerdo-union-europea-mercosur-oportunidades-y-desafios-para-las-exportaciones-pampeanas","status":"publish","type":"post","link":"https:\/\/notipampa.com\/?p=17998","title":{"rendered":"Acuerdo Uni\u00f3n Europea\u2013Mercosur: Oportunidades y desaf\u00edos para las exportaciones pampeanas"},"content":{"rendered":"\n<p><strong>\u00a0\u201cEs imprescindible avanzar y suscribir el Acuerdo de Libre Comercio entre nuestro Mercosur y la Uni\u00f3n Europea, que consolide un mercado integrado\u00a0 de bienes y servicios de m\u00e1s de 700 millones de consumidores\u201d, hab\u00eda adelantado en 2024 el gobernador Sergio Ziliotto tras reunirse con el embajador del bloque de la UE. La reciente aprobaci\u00f3n pol\u00edtica del Acuerdo de Asociaci\u00f3n entre la Uni\u00f3n Europea y el Mercosur reactiv\u00f3 un debate clave sobre la inserci\u00f3n internacional de la Argentina y el impacto que este entendimiento puede tener en las econom\u00edas regionales Para La Pampa, el acuerdo se inscribe en una estrategia de largo plazo orientada a consolidar y ampliar las exportaciones hacia mercados de alto valor, particularmente Europa. \u00a0<\/strong><\/p>\n\n\n\n<p>Durante 2025 el gobernador Sergio Ziliotto mantuvo un encuentro institucional con veintitr\u00e9s embajadores de la Uni\u00f3n Europea, donde se abordaron las oportunidades comerciales para las econom\u00edas regionales, el rol de las provincias exportadoras y la necesidad de generar condiciones para una inserci\u00f3n internacional m\u00e1s equilibrada. Esa agenda se complement\u00f3 con acciones de promoci\u00f3n comercial impulsadas por la Agencia I-COMEX La Pampa, reforzando el posicionamiento provincial en el mercado europeo.<br>En aquel momento Ziliotto destac\u00f3 que&nbsp;<strong><em>\u201clas pol\u00edticas p\u00fablicas orientadas a la promoci\u00f3n del comercio exterior comienzan a reflejar resultados positivos, aun en un escenario internacional complejo. Las exportaciones pampeanas hacia la Uni\u00f3n Europea registraron un crecimiento significativo, consolidando a ese bloque como un destino estrat\u00e9gico para la producci\u00f3n provincial, particularmente para la carne bovina, principal producto de intercambio\u201d.<\/em><\/strong><br>El mandatario vincul\u00f3 directamente el crecimiento de las exportaciones con el desarrollo econ\u00f3mico y social de la Provincia y del pa\u00eds. En ese sentido, ratific\u00f3 que&nbsp;<strong><em>\u201csolo produciendo m\u00e1s podremos sumar desarrollo a nuestra Provincia y a nuestra Argentina\u201d<\/em><\/strong>, remarcando que&nbsp;<strong><em>\u201cla expansi\u00f3n de la producci\u00f3n<\/em><\/strong>,&nbsp;<strong><em>el acceso y la diversificaci\u00f3n de mercados internacionales &nbsp;son condiciones centrales para generar empleo, valor agregado y crecimiento sostenido\u201d.<\/em><\/strong><br>El tratado, que demand\u00f3 m\u00e1s de 25 a\u00f1os de negociaciones intermitentes, vincula a dos bloques que concentran una porci\u00f3n significativa del comercio global. La Uni\u00f3n Europea, con 450 millones de habitantes y alto poder adquisitivo, representa cerca del 20% de la econom\u00eda mundial, mientras que el Mercosur re\u00fane a unos 260 millones de personas y busca fortalecer su inserci\u00f3n externa con reglas m\u00e1s previsibles.<\/p>\n\n\n\n<p><strong>Impacto en La Pampa<\/strong><br>Para la Provincia de La Pampa, el impacto del acuerdo ser\u00e1 diferencial seg\u00fan el sector productivo. La carne bovina, principal producto exportable pampeano, aparece como el rubro con mayor potencial de aprovechamiento, aunque tambi\u00e9n concentra los mayores desaf\u00edos.<br>Durante 2024, las exportaciones pampeanas hacia la Uni\u00f3n Europea alcanzaron los 3,7 millones de kilos por un valor de USD 29,1 millones, lo que represent\u00f3 un crecimiento interanual del 53% en t\u00e9rminos de valor. Estas ventas explicaron aproximadamente el 16% del total exportado por la provincia, con una marcada concentraci\u00f3n en la carne bovina, que represent\u00f3 m\u00e1s del 99% del valor exportado a ese destino.<br>En menor medida, tambi\u00e9n se registraron exportaciones de miel, abejas reinas, despojos comestibles y vinos, productos que muestran potencial de crecimiento en nichos espec\u00edficos del mercado europeo, especialmente en el marco de una reducci\u00f3n progresiva de aranceles.<\/p>\n\n\n\n<p><strong>Carne bovina: reducci\u00f3n de aranceles y cambios clave con el acuerdo<\/strong><br>Uno de los aspectos centrales del Acuerdo Uni\u00f3n Europea\u2013Mercosur es el nuevo esquema de acceso para la carne bovina, un producto estrat\u00e9gico para la Argentina en general y para La Pampa en particular.<br>Hasta ahora, la carne argentina que ingresaba a la Uni\u00f3n Europea fuera de los cupos preferenciales enfrentaba aranceles que pod\u00edan superar el 40%, lo que limitaba seriamente su competitividad. Con el acuerdo, se introducen cambios relevantes.<br>Por un lado, la Cuota Hilton, que actualmente paga un arancel del 20%, pasar\u00e1 a ingresar con arancel cero, lo que mejora de manera directa el precio neto recibido por los exportadores argentinos.<br>Adem\u00e1s, se crea un nuevo cupo anual de 99.000 toneladas para el Mercosur, con un arancel intra-cupo del 7,5%, sensiblemente inferior al esquema previo. Este cupo se distribuye entre carne fresca o refrigerada y carne congelada, y representa una mejora sustancial en las condiciones de acceso al mercado europeo.<br>No obstante, el aprovechamiento de estos beneficios no ser\u00e1 autom\u00e1tico. El acceso efectivo depender\u00e1 de los mecanismos de administraci\u00f3n del cupo que adopten los pa\u00edses del Mercosur y de la capacidad de las empresas para cumplir con las exigentes normas sanitarias, ambientales y de trazabilidad que exige la Uni\u00f3n Europea.<\/p>\n\n\n\n<p><strong>Un acuerdo que a\u00fan debe completar etapas<\/strong><br>Si bien el entendimiento alcanz\u00f3 recientemente una aprobaci\u00f3n pol\u00edtica clave, el Acuerdo Uni\u00f3n Europea\u2013Mercosur todav\u00eda no se encuentra vigente. Para su entrada en vigor, restan instancias fundamentales, entre ellas la ratificaci\u00f3n por el Parlamento Europeo, la eventual aprobaci\u00f3n por los parlamentos nacionales de los Estados miembros \u2014en caso de que el acuerdo sea considerado mixto\u2014, la validaci\u00f3n interna en los pa\u00edses del Mercosur y la posterior reglamentaci\u00f3n operativa de sus disposiciones.<br>Estas etapas ser\u00e1n determinantes para definir los plazos reales de implementaci\u00f3n y las condiciones concretas de acceso a los beneficios previstos, especialmente en productos sensibles como la carne bovina.<\/p>\n\n\n\n<p><strong>Oportunidades y desaf\u00edos<\/strong><br>M\u00e1s all\u00e1 de la carne, el acuerdo abre oportunidades para otros sectores pampeanos. En apicultura, la reducci\u00f3n progresiva de aranceles podr\u00eda mejorar la competitividad de la miel, aunque con controles estrictos de residuos y trazabilidad. En cereales y oleaginosas, se prev\u00e9n oportunidades selectivas a trav\u00e9s de cupos y reducciones graduales de aranceles.<br>Tambi\u00e9n se identifican oportunidades indirectas en servicios basados en el conocimiento, log\u00edstica, certificaciones y comercio exterior, actividades clave para la implementaci\u00f3n efectiva del acuerdo.<br>Entre los principales desaf\u00edos se destacan los costos de adaptaci\u00f3n para las empresas, la competencia por el acceso a los cupos, las exigencias ambientales europeas y la posible mayor competencia de importaciones industriales desde la UE.<\/p>\n\n\n\n<p><strong>Inserci\u00f3n internacional con mirada provincial<\/strong><br>El Acuerdo Uni\u00f3n Europea\u2013Mercosur no constituye un beneficio autom\u00e1tico, sino una plataforma estrat\u00e9gica de largo plazo. Para La Pampa, su aprovechamiento estar\u00e1 ligado a la capacidad de anticipaci\u00f3n, a la coordinaci\u00f3n p\u00fablico-privada y a pol\u00edticas activas que permitan agregar valor, diversificar exportaciones y mitigar los riesgos asociados a una mayor apertura comercial.<br>La agenda internacional impulsada por el Gobierno provincial y la Agencia I-COMEX La Pampa se inscribe en ese objetivo: fortalecer la presencia pampeana en mercados estrat\u00e9gicos y generar condiciones para un desarrollo productivo con mayor proyecci\u00f3n externa.<br>En continuidad con esa l\u00ednea de trabajo, en octubre de 2025 la reuni\u00f3n que encabez\u00f3 el gobernador Sergio Ziliotto con el embajador de la UE en Argentina y representantes diplom\u00e1ticos de pa\u00edses de la Uni\u00f3n Europea, profundiz\u00f3 la agenda vinculada a comercio exterior, inversiones y cooperaci\u00f3n, con especial foco en el potencial exportador pampeano. Esa instancia institucional se inscribi\u00f3 en una estrategia sostenida de vinculaci\u00f3n internacional que la Provincia viene desarrollando desde la creaci\u00f3n de la Agencia I-COMEX La Pampa organismo que desde su apertura, desarroll\u00f3 m\u00e1s de una decena de acciones de promoci\u00f3n comercial internacional espec\u00edficamente orientadas al mercado de la Uni\u00f3n Europea, que incluyeron participaci\u00f3n en ferias internacionales, misiones comerciales, agendas institucionales y rondas de negocios en Alemania, Francia, Espa\u00f1a, Italia y B\u00e9lgica. Estas acciones involucraron a empresas pampeanas de los sectores c\u00e1rnico, ap\u00edcola, vitivin\u00edcola y de servicios basados en el conocimiento, con el objetivo de consolidar la presencia provincial en mercados de alto valor, diversificar exportaciones y fortalecer una inserci\u00f3n internacional sostenida.<\/p>\n","protected":false},"excerpt":{"rendered":"<p>\u00a0\u201cEs imprescindible avanzar y suscribir el Acuerdo de Libre Comercio entre nuestro Mercosur y la Uni\u00f3n Europea, que consolide un<\/p>\n","protected":false},"author":1,"featured_media":17999,"comment_status":"open","ping_status":"open","sticky":false,"template":"","format":"standard","meta":{"colormag_page_container_layout":"default_layout","colormag_page_sidebar_layout":"default_layout","footnotes":""},"categories":[4,7,8],"tags":[],"class_list":["post-17998","post","type-post","status-publish","format-standard","has-post-thumbnail","hentry","category-provincia","category-politica","category-ultimas-noticias"],"_links":{"self":[{"href":"https:\/\/notipampa.com\/index.php?rest_route=\/wp\/v2\/posts\/17998","targetHints":{"allow":["GET"]}}],"collection":[{"href":"https:\/\/notipampa.com\/index.php?rest_route=\/wp\/v2\/posts"}],"about":[{"href":"https:\/\/notipampa.com\/index.php?rest_route=\/wp\/v2\/types\/post"}],"author":[{"embeddable":true,"href":"https:\/\/notipampa.com\/index.php?rest_route=\/wp\/v2\/users\/1"}],"replies":[{"embeddable":true,"href":"https:\/\/notipampa.com\/index.php?rest_route=%2Fwp%2Fv2%2Fcomments&post=17998"}],"version-history":[{"count":1,"href":"https:\/\/notipampa.com\/index.php?rest_route=\/wp\/v2\/posts\/17998\/revisions"}],"predecessor-version":[{"id":18000,"href":"https:\/\/notipampa.com\/index.php?rest_route=\/wp\/v2\/posts\/17998\/revisions\/18000"}],"wp:featuredmedia":[{"embeddable":true,"href":"https:\/\/notipampa.com\/index.php?rest_route=\/wp\/v2\/media\/17999"}],"wp:attachment":[{"href":"https:\/\/notipampa.com\/index.php?rest_route=%2Fwp%2Fv2%2Fmedia&parent=17998"}],"wp:term":[{"taxonomy":"category","embeddable":true,"href":"https:\/\/notipampa.com\/index.php?rest_route=%2Fwp%2Fv2%2Fcategories&post=17998"},{"taxonomy":"post_tag","embeddable":true,"href":"https:\/\/notipampa.com\/index.php?rest_route=%2Fwp%2Fv2%2Ftags&post=17998"}],"curies":[{"name":"wp","href":"https:\/\/api.w.org\/{rel}","templated":true}]}}