{"id":17978,"date":"2026-01-13T18:03:01","date_gmt":"2026-01-13T21:03:01","guid":{"rendered":"https:\/\/notipampa.com\/?p=17978"},"modified":"2026-01-13T18:03:02","modified_gmt":"2026-01-13T21:03:02","slug":"verano-a-pleno-en-la-pampa-un-fin-de-semana-marcado-por-la-tradicion-y-el-encuentro-popular","status":"publish","type":"post","link":"https:\/\/notipampa.com\/?p=17978","title":{"rendered":"Verano a pleno en La Pampa: un fin de semana marcado por la tradici\u00f3n y el encuentro popular"},"content":{"rendered":"\n<p><strong>Con una convocatoria que super\u00f3 los 20 mil asistentes en los eventos centrales, la Provincia vivi\u00f3 un fin de semana a puro festejo. Desde Bernardo Larroud\u00e9 hasta 25 de Mayo, el turismo de cercan\u00eda y la cultura popular motorizaron la econom\u00eda regional.<\/strong><\/p>\n\n\n\n<p>El segundo fin de semana de enero quedar\u00e1 marcado como uno de los m\u00e1s potentes para el calendario tur\u00edstico de La Pampa. Bajo un clima ideal, las fiestas populares volvieron a demostrar que son el coraz\u00f3n de la identidad pampeana, logrando una movilizaci\u00f3n masiva de vecinos y visitantes de provincias lim\u00edtrofes.<br>La convocatoria se concentr\u00f3 en tres puntos clave que ostentan el t\u00edtulo de Fiesta Provincial, consolidando su vigencia y capacidad de atracci\u00f3n:<\/p>\n\n\n\n<ul class=\"wp-block-list\">\n<li>Fiesta Provincial Termas Larroud\u00e9 (Bernardo Larroud\u00e9): El predio termal fue el epicentro atrayendo a familias que buscaron combinar el bienestar de sus aguas con espect\u00e1culos de primer nivel.<\/li>\n\n\n\n<li>Fiesta Provincial de Reyes (Trenel): Una celebraci\u00f3n cargada de emotividad y tradici\u00f3n que volvi\u00f3 a reunir a ni\u00f1os y adultos en una de las citas m\u00e1s antiguas y queridas de la zona norte.<\/li>\n\n\n\n<li>Fiesta Provincial del Mate (Winifreda): Un homenaje a nuestra infusi\u00f3n nacional que, como cada a\u00f1o, convoc\u00f3 a una multitud para compartir m\u00fasica, ferias de artesanos y el infaltable intercambio cultural que genera el mate.<\/li>\n<\/ul>\n\n\n\n<p>M\u00e1s all\u00e1 del color y la m\u00fasica, estas celebraciones representan un fuerte impacto en la econom\u00eda local. La presencia de m\u00e1s de 15.000 personas en los eventos principales se traduce de forma directa en ocupaci\u00f3n hotelera, consumo gastron\u00f3mico y trabajo para emprendedores.<br>Agenda completa: De punta a punta de la provincia<br>El mapa pampeano se complet\u00f3 con una oferta diversificada para todos los gustos, demostrando que no hubo localidad que no tuviera una propuesta atractiva:<br>Quem\u00fa Quem\u00fa disfrut\u00f3 de &#8220;M\u00fasica en el Parque&#8221;, mientras que Colonia Bar\u00f3n puso a bailar a todos en su balneario. Guatrach\u00e9 hizo lo propio con sus cl\u00e1sicos bailes en la laguna.<br>Por su parte Santa Rosa vibr\u00f3 con &#8220;Estaci\u00f3n Rock&#8221; y el Pre Apampa Traviesa, General Acha con sus &#8220;Noches de Verano&#8221; y 25 de Mayo transform\u00f3 su calle principal en un concurrido &#8220;Paseo Peatonal&#8221;.<br>Adem\u00e1s, la localidad de Toay recibi\u00f3 el fen\u00f3meno cuartetero de Q&#8217; Lokura, mientras que, en el norte, Realic\u00f3 celebr\u00f3 con el &#8220;El Quincho Festival&#8221; y Alta Italia hizo lo propio con la &#8220;Alta Fest&#8221;.<br>Este despliegue territorial confirma que la temporada de verano en La Pampa est\u00e1 en su punto m\u00e1s alto, apostando a la cultura y el turismo como herramienta de desarrollo y encuentro social.<\/p>\n","protected":false},"excerpt":{"rendered":"<p>Con una convocatoria que super\u00f3 los 20 mil asistentes en los eventos centrales, la Provincia vivi\u00f3 un fin de semana<\/p>\n","protected":false},"author":1,"featured_media":17979,"comment_status":"open","ping_status":"open","sticky":false,"template":"","format":"standard","meta":{"colormag_page_container_layout":"default_layout","colormag_page_sidebar_layout":"default_layout","footnotes":""},"categories":[4,8],"tags":[],"class_list":["post-17978","post","type-post","status-publish","format-standard","has-post-thumbnail","hentry","category-provincia","category-ultimas-noticias"],"_links":{"self":[{"href":"https:\/\/notipampa.com\/index.php?rest_route=\/wp\/v2\/posts\/17978","targetHints":{"allow":["GET"]}}],"collection":[{"href":"https:\/\/notipampa.com\/index.php?rest_route=\/wp\/v2\/posts"}],"about":[{"href":"https:\/\/notipampa.com\/index.php?rest_route=\/wp\/v2\/types\/post"}],"author":[{"embeddable":true,"href":"https:\/\/notipampa.com\/index.php?rest_route=\/wp\/v2\/users\/1"}],"replies":[{"embeddable":true,"href":"https:\/\/notipampa.com\/index.php?rest_route=%2Fwp%2Fv2%2Fcomments&post=17978"}],"version-history":[{"count":1,"href":"https:\/\/notipampa.com\/index.php?rest_route=\/wp\/v2\/posts\/17978\/revisions"}],"predecessor-version":[{"id":17980,"href":"https:\/\/notipampa.com\/index.php?rest_route=\/wp\/v2\/posts\/17978\/revisions\/17980"}],"wp:featuredmedia":[{"embeddable":true,"href":"https:\/\/notipampa.com\/index.php?rest_route=\/wp\/v2\/media\/17979"}],"wp:attachment":[{"href":"https:\/\/notipampa.com\/index.php?rest_route=%2Fwp%2Fv2%2Fmedia&parent=17978"}],"wp:term":[{"taxonomy":"category","embeddable":true,"href":"https:\/\/notipampa.com\/index.php?rest_route=%2Fwp%2Fv2%2Fcategories&post=17978"},{"taxonomy":"post_tag","embeddable":true,"href":"https:\/\/notipampa.com\/index.php?rest_route=%2Fwp%2Fv2%2Ftags&post=17978"}],"curies":[{"name":"wp","href":"https:\/\/api.w.org\/{rel}","templated":true}]}}