{"id":17972,"date":"2026-01-13T17:58:20","date_gmt":"2026-01-13T20:58:20","guid":{"rendered":"https:\/\/notipampa.com\/?p=17972"},"modified":"2026-01-13T17:58:22","modified_gmt":"2026-01-13T20:58:22","slug":"colonia-baron-un-joven-fue-hospitalizado-tras-ser-golpeado-con-un-fierro-y-hay-un-detenido","status":"publish","type":"post","link":"https:\/\/notipampa.com\/?p=17972","title":{"rendered":"Colonia Bar\u00f3n: un joven fue hospitalizado tras ser golpeado con un fierro y hay un detenido"},"content":{"rendered":"\n<p><strong>Un grave hecho de violencia ocurri\u00f3 durante las primeras horas de este d\u00eda en la localidad de Colonia Bar\u00f3n. Un joven debi\u00f3 ser hospitalizado con lesiones de gravedad tras ser brutalmente golpeado con un fierro. Por el hecho, una persona ya se encuentra demorada.<\/strong><\/p>\n\n\n\n<p>La informaci\u00f3n fue confirmada a&nbsp;<strong>INFOPICO<\/strong>&nbsp;por el fiscal Juan Pellegrino, quien est\u00e1 a cargo de la investigaci\u00f3n. Si bien el fiscal no pudo precisar si el suceso ocurri\u00f3 en la v\u00eda p\u00fablica o en un domicilio particular, s\u00ed detall\u00f3 la naturaleza del ataque.<\/p>\n\n\n\n<p>Seg\u00fan lo informado por Pellegrino, la v\u00edctima, un hombre joven, fue agredido con un elemento contundente, descripto como \u201cun fierro\u201d. A ra\u00edz de los golpes, el damnificado sufri\u00f3 \u201clesiones de gravedad\u201d y fue internado.<\/p>\n\n\n\n<p>Afortunadamente, y a pesar de la seriedad de las heridas, el fiscal aclar\u00f3 que el joven se encuentra fuera de peligro y su vida no corre riesgo. Adem\u00e1s, confirm\u00f3 que una persona fue demorada en relaci\u00f3n con el violento episodio y se est\u00e1n llevando a cabo las diligencias correspondientes.<\/p>\n\n\n\n<p>Fuente: Infopico<\/p>\n","protected":false},"excerpt":{"rendered":"<p>Un grave hecho de violencia ocurri\u00f3 durante las primeras horas de este d\u00eda en la localidad de Colonia Bar\u00f3n. Un<\/p>\n","protected":false},"author":1,"featured_media":17973,"comment_status":"open","ping_status":"open","sticky":false,"template":"","format":"standard","meta":{"colormag_page_container_layout":"default_layout","colormag_page_sidebar_layout":"default_layout","footnotes":""},"categories":[4,56,8],"tags":[],"class_list":["post-17972","post","type-post","status-publish","format-standard","has-post-thumbnail","hentry","category-provincia","category-policiales","category-ultimas-noticias"],"_links":{"self":[{"href":"https:\/\/notipampa.com\/index.php?rest_route=\/wp\/v2\/posts\/17972","targetHints":{"allow":["GET"]}}],"collection":[{"href":"https:\/\/notipampa.com\/index.php?rest_route=\/wp\/v2\/posts"}],"about":[{"href":"https:\/\/notipampa.com\/index.php?rest_route=\/wp\/v2\/types\/post"}],"author":[{"embeddable":true,"href":"https:\/\/notipampa.com\/index.php?rest_route=\/wp\/v2\/users\/1"}],"replies":[{"embeddable":true,"href":"https:\/\/notipampa.com\/index.php?rest_route=%2Fwp%2Fv2%2Fcomments&post=17972"}],"version-history":[{"count":1,"href":"https:\/\/notipampa.com\/index.php?rest_route=\/wp\/v2\/posts\/17972\/revisions"}],"predecessor-version":[{"id":17974,"href":"https:\/\/notipampa.com\/index.php?rest_route=\/wp\/v2\/posts\/17972\/revisions\/17974"}],"wp:featuredmedia":[{"embeddable":true,"href":"https:\/\/notipampa.com\/index.php?rest_route=\/wp\/v2\/media\/17973"}],"wp:attachment":[{"href":"https:\/\/notipampa.com\/index.php?rest_route=%2Fwp%2Fv2%2Fmedia&parent=17972"}],"wp:term":[{"taxonomy":"category","embeddable":true,"href":"https:\/\/notipampa.com\/index.php?rest_route=%2Fwp%2Fv2%2Fcategories&post=17972"},{"taxonomy":"post_tag","embeddable":true,"href":"https:\/\/notipampa.com\/index.php?rest_route=%2Fwp%2Fv2%2Ftags&post=17972"}],"curies":[{"name":"wp","href":"https:\/\/api.w.org\/{rel}","templated":true}]}}