{"id":17969,"date":"2026-01-13T17:56:05","date_gmt":"2026-01-13T20:56:05","guid":{"rendered":"https:\/\/notipampa.com\/?p=17969"},"modified":"2026-01-13T17:56:06","modified_gmt":"2026-01-13T20:56:06","slug":"la-inflacion-cerro-el-2025-con-un-acumulado-del-315-y-en-diciembre-registro-un-alza-del-28","status":"publish","type":"post","link":"https:\/\/notipampa.com\/?p=17969","title":{"rendered":"La inflaci\u00f3n cerr\u00f3 el 2025 con un acumulado del 31,5% y en diciembre registr\u00f3 un alza del 2,8%"},"content":{"rendered":"\n<p><strong>El Instituto Nacional de Estad\u00edstica y Censos (INDEC) dio a conocer las cifras finales del a\u00f1o. En la regi\u00f3n Pampeana, la variaci\u00f3n mensual de diciembre fue levemente superior al promedio nacional, ubic\u00e1ndose en el 2,9%, impulsada fuertemente por el rubro de Restaurantes y hoteles y el de Alimentos.<\/strong><\/p>\n\n\n\n<p>El Nivel general del \u00cdndice de precios al consumidor (IPC) registr\u00f3 un alza mensual de 2,8% en diciembre de 2025, y acumul\u00f3 en el a\u00f1o una variaci\u00f3n de 31,5% a nivel nacional. Seg\u00fan el informe publicado este martes por el INDEC, la divisi\u00f3n de mayor aumento en el mes a nivel pa\u00eds fue Transporte, con un 4,0%, seguida de Vivienda, agua, electricidad, gas y otros combustibles, que marc\u00f3 un 3,4%.<\/p>\n\n\n\n<p>En la\u00a0<strong>regi\u00f3n Pampeana<\/strong>, donde el \u00edndice mensual se ubic\u00f3 en un\u00a0<strong>2,9%<\/strong>, una d\u00e9cima por encima de la media nacional. En cuanto al acumulado interanual, la regi\u00f3n comparti\u00f3 la misma cifra que el total pa\u00eds: un 31,5% de aumento en los precios durante los \u00faltimos doce meses.<\/p>\n\n\n\n<figure class=\"wp-block-image\"><img decoding=\"async\" src=\"https:\/\/www.infopico.com\/wp-content\/uploads\/2026\/01\/G-kIV7DWcAQyUK6.jpeg\" alt=\"\" class=\"wp-image-357993\"\/><\/figure>\n\n\n\n<h3 class=\"wp-block-heading\">Los rubros que m\u00e1s aumentaron en nuestra regi\u00f3n<\/h3>\n\n\n\n<p>Al analizar el detalle por divisiones en la regi\u00f3n Pampeana durante diciembre, se destaca el incremento en&nbsp;<strong>Restaurantes y hoteles<\/strong>, que lider\u00f3 las subas con un&nbsp;<strong>4,0%<\/strong><sup><\/sup>. Le sigui\u00f3 el rubro de&nbsp;<strong>Transporte<\/strong>, con un aumento del&nbsp;<strong>3,6%<\/strong>, y un sector sensible para la econom\u00eda dom\u00e9stica como&nbsp;<strong>Alimentos y bebidas no alcoh\u00f3licas<\/strong>, que registr\u00f3 una suba del&nbsp;<strong>3,5%<\/strong>, cifra superior al 3,1% del promedio nacional para este \u00edtem<sup><\/sup>.<\/p>\n\n\n\n<p>Por el contrario, las divisiones que mostraron las menores variaciones en la regi\u00f3n fueron Prendas de vestir y calzado, con apenas un 0,9%, y Educaci\u00f3n, que tuvo un incremento del 1,4%<sup><\/sup>.<\/p>\n\n\n\n<h3 class=\"wp-block-heading\">Incidencia en el bolsillo<\/h3>\n\n\n\n<p>A nivel nacional, la divisi\u00f3n con mayor incidencia en la variaci\u00f3n mensual de las regiones fue Alimentos y bebidas no alcoh\u00f3licas. Para la regi\u00f3n Pampeana, este rubro aport\u00f3 1,06 puntos porcentuales al \u00edndice general, siendo el determinante principal de la inflaci\u00f3n del mes.<\/p>\n\n\n\n<p>El informe tambi\u00e9n detalla los precios promedio de algunos productos b\u00e1sicos en la regi\u00f3n Pampeana para diciembre de 2025, lo que permite dimensionar el costo de vida actual:<\/p>\n\n\n\n<ul class=\"wp-block-list\">\n<li><strong>Pan franc\u00e9s:<\/strong>\u00a0$3.063,36 el kilogramo.<\/li>\n\n\n\n<li><strong>Carne picada com\u00fan:<\/strong>\u00a0$9.136,17 el kilogramo.<\/li>\n\n\n\n<li><strong>Pollo entero:<\/strong>\u00a0$4.044,38 el kilogramo.<\/li>\n\n\n\n<li><strong>Leche fresca entera en sachet:<\/strong>\u00a0$1.728,08 el litro.<\/li>\n\n\n\n<li><strong>Aceite de girasol (1,5 litros):<\/strong>\u00a0$5.637,91.<\/li>\n<\/ul>\n\n\n\n<h3 class=\"wp-block-heading\">Comportamiento por categor\u00edas<\/h3>\n\n\n\n<p>A nivel nacional, si se analizan las categor\u00edas, los precios&nbsp;<strong>Regulados<\/strong>&nbsp;lideraron el incremento con un 3,3%, seguidos por el IPC N\u00facleo con un 3,0%, mientras que los Estacionales registraron un alza m\u00e1s moderada del 0,6%. En nuestra regi\u00f3n Pampeana, los Regulados aumentaron un 3,6% y el IPC N\u00facleo un 3,1%, manteniendo la tendencia general.<\/p>\n\n\n\n<p>Con estos datos, se cierra el calendario econ\u00f3mico de 2025, marcando un piso de inflaci\u00f3n superior al 30% para el a\u00f1o que acaba de finalizar.<\/p>\n\n\n\n<p>Fuente: Infopico<\/p>\n","protected":false},"excerpt":{"rendered":"<p>El Instituto Nacional de Estad\u00edstica y Censos (INDEC) dio a conocer las cifras finales del a\u00f1o. En la regi\u00f3n Pampeana,<\/p>\n","protected":false},"author":1,"featured_media":17970,"comment_status":"open","ping_status":"open","sticky":false,"template":"","format":"standard","meta":{"colormag_page_container_layout":"default_layout","colormag_page_sidebar_layout":"default_layout","footnotes":""},"categories":[5,8],"tags":[],"class_list":["post-17969","post","type-post","status-publish","format-standard","has-post-thumbnail","hentry","category-nacionales","category-ultimas-noticias"],"_links":{"self":[{"href":"https:\/\/notipampa.com\/index.php?rest_route=\/wp\/v2\/posts\/17969","targetHints":{"allow":["GET"]}}],"collection":[{"href":"https:\/\/notipampa.com\/index.php?rest_route=\/wp\/v2\/posts"}],"about":[{"href":"https:\/\/notipampa.com\/index.php?rest_route=\/wp\/v2\/types\/post"}],"author":[{"embeddable":true,"href":"https:\/\/notipampa.com\/index.php?rest_route=\/wp\/v2\/users\/1"}],"replies":[{"embeddable":true,"href":"https:\/\/notipampa.com\/index.php?rest_route=%2Fwp%2Fv2%2Fcomments&post=17969"}],"version-history":[{"count":1,"href":"https:\/\/notipampa.com\/index.php?rest_route=\/wp\/v2\/posts\/17969\/revisions"}],"predecessor-version":[{"id":17971,"href":"https:\/\/notipampa.com\/index.php?rest_route=\/wp\/v2\/posts\/17969\/revisions\/17971"}],"wp:featuredmedia":[{"embeddable":true,"href":"https:\/\/notipampa.com\/index.php?rest_route=\/wp\/v2\/media\/17970"}],"wp:attachment":[{"href":"https:\/\/notipampa.com\/index.php?rest_route=%2Fwp%2Fv2%2Fmedia&parent=17969"}],"wp:term":[{"taxonomy":"category","embeddable":true,"href":"https:\/\/notipampa.com\/index.php?rest_route=%2Fwp%2Fv2%2Fcategories&post=17969"},{"taxonomy":"post_tag","embeddable":true,"href":"https:\/\/notipampa.com\/index.php?rest_route=%2Fwp%2Fv2%2Ftags&post=17969"}],"curies":[{"name":"wp","href":"https:\/\/api.w.org\/{rel}","templated":true}]}}