{"id":17962,"date":"2026-01-12T09:36:24","date_gmt":"2026-01-12T12:36:24","guid":{"rendered":"https:\/\/notipampa.com\/?p=17962"},"modified":"2026-01-12T09:36:26","modified_gmt":"2026-01-12T12:36:26","slug":"ya-fue-loco-ya-fue-el-video-del-custodio-que-frustro-un-asalto-en-un-deposito-de-mataderos-y-mato-a-un-ladron","status":"publish","type":"post","link":"https:\/\/notipampa.com\/?p=17962","title":{"rendered":"\u201cYa fue loco, ya fue\u201d: el video del custodio que frustr\u00f3 un asalto en un dep\u00f3sito de Mataderos y mat\u00f3 a un ladr\u00f3n"},"content":{"rendered":"\n<p><strong>Dos delincuentes ingresaron al predio ubicado sobre la Colectora Dellepiane Sur y el encargado de la seguridad, un ex polic\u00eda de la Bonaerense, puso en fuga a uno y bale\u00f3 al otro. Hay un detenido<\/strong><\/p>\n\n\n\n<figure class=\"wp-block-video\"><video height=\"358\" style=\"aspect-ratio: 640 \/ 358;\" width=\"640\" controls src=\"https:\/\/notipampa.com\/wp-content\/uploads\/2026\/01\/kTcOJbLP-34105381.mp4\"><\/video><\/figure>\n\n\n\n<p>Un<strong>&nbsp;custodio<\/strong>&nbsp;de un dep\u00f3sito comercial del barrio porte\u00f1o de&nbsp;<strong>Mataderos<\/strong>&nbsp;frustr\u00f3 un robo en el predio donde est\u00e1 encargado de la seguridad&nbsp;<strong>al desarmar a uno de los dos ladrones&nbsp;<\/strong>que ingresaron al lugar con fines de&nbsp;<strong>robo<\/strong>. Un delincuente muri\u00f3 y el otro qued\u00f3 internado y detenido en el hospital Grierson.<\/p>\n\n\n\n<p>Todo el ataque fue registrado por una c\u00e1mara de seguridad y ah\u00ed se escucha como uno de los ladrones baleado le dice cuando lo est\u00e1 reduciendo, entreg\u00e1ndose:&nbsp;<strong>\u201cYa fue loco, ya fe\u201d<\/strong>.<\/p>\n\n\n\n<p>Fuentes del caso dijeron a<strong>&nbsp;Infobae<\/strong>&nbsp;que todo sucedi\u00f3 el pasado 5 de enero al mediod\u00eda, pero reci\u00e9n se conoci\u00f3 este domingo, cuando comenzaron a circular las im\u00e1genes del ataque en la av\u00edcola.<\/p>\n\n\n\n<p>Como se ve en el video que encabeza esta nota, hab\u00eda dos empleados acomodando unos pallets en uno de los ingresos vehiculares al dep\u00f3sito comercial ubicado sobre la&nbsp;<strong>Colectora Dellepiane Sur<\/strong>. Tambi\u00e9n estaba el custodio. Hab\u00edan pasado nueve minutos de las 12 del mediod\u00eda de esa previa de Reyes.<img fetchpriority=\"high\" decoding=\"async\" alt=\"El ladr\u00f3n apresado en el\" height=\"340\" src=\"https:\/\/www.infobae.com\/resizer\/v2\/3TMTOY4MKNBO5MAAR57RCBVTCU.gif?auth=33d710e4b5060ea9ebca5db00874116811434cd036c628059c5361b1f9967eef&amp;smart=true&amp;width=350&amp;height=196&amp;quality=85\" width=\"606\">El ladr\u00f3n apresado en el dep\u00f3sito muri\u00f3 tres d\u00edas despu\u00e9s<\/p>\n\n\n\n<p>En ese contexto, dos ladrones ingresaron. Uno lo hizo por un costado del cami\u00f3n que estaba estacionado y sorprendi\u00f3 a los empleados que acomodaban los pallets. El c\u00f3mplice, en un intento de atacarlos por detr\u00e1s, avanz\u00f3 por el otro lateral del cami\u00f3n y&nbsp;<strong>se encontr\u00f3 con el custodio. Y le apunt\u00f3<\/strong>.<\/p>\n\n\n\n<p>El custodio del comercio,&nbsp;<strong>un ex oficial de la Polic\u00eda Bonaerense<\/strong>, enfrent\u00f3 al delincuente armado, lo desarm\u00f3 y se trenz\u00f3 en lucha. En ese contexto hubo disparos y ese ladr\u00f3n se fue corriendo, para luego huir con un tercer sospechoso que lo aguardaba.<\/p>\n\n\n\n<p>Su c\u00f3mplice no tuvo la misma suerte:<strong>&nbsp;de 43 a\u00f1os, qued\u00f3 herido en el lugar y fue reducido por el custodio<\/strong>&nbsp;hasta que lleg\u00f3 la Polic\u00eda de la Ciudad y el SAME.<\/p>\n\n\n\n<p><strong>El delincuente de 43 a\u00f1os falleci\u00f3 en el hospital Grierson el 8 de enero pasado<\/strong>. Mientras que su c\u00f3mplice que escap\u00f3 estaba herido y, posteriormente al hecho, se constat\u00f3 que ingres\u00f3 al mismo centro de salud porte\u00f1o.<\/p>\n\n\n\n<p><strong>De 23 a\u00f1os, qued\u00f3 internado y detenido en el hospital Grierson, sin riesgo de vida<\/strong>. Est\u00e1 acusado en la causa que ahora investigael Juzgado Nacional en lo Criminal y Correccional N\u00b05, a cargo de&nbsp;<strong>Bernarda Yamile<\/strong>.<\/p>\n\n\n\n<p>En el lugar del hecho, personal de la Comisar\u00eda 9B de la Polic\u00eda de la Ciudad secuestr\u00f3&nbsp;<strong>una pistola calibre 9 mil\u00edmetros con la numeraci\u00f3n limada<\/strong>&nbsp;y partes de un arma calibre .45 de los ladrones.<\/p>\n\n\n\n<p>Tambi\u00e9n los oficiales porte\u00f1os<strong>&nbsp;incautaron la pistola perteneciente al personal de seguridad<\/strong>. Todo ya est\u00e1 en manos de la Justicia, que inicialmente demor\u00f3 al custodio involucrado y luego lo liber\u00f3 al considerar que fue un acto en leg\u00edtima defensa.<\/p>\n\n\n\n<h2 class=\"wp-block-heading\">Un hombre ara\u00f1a en Nueva Pompeya<\/h2>\n\n\n\n<p>Tiene&nbsp;<strong>varios antecedentes<\/strong>&nbsp;en su haber y todos esos arrestos fueron, casualmente, en la zona de Nueva Pompeya, por lo que se podr\u00eda decir que esa es su \u00e1rea de \u2018ataque\u2019. Y, fiel a su<em>&nbsp;modus operandi<\/em>, este fin de semana&nbsp;<strong>tambi\u00e9n lo detuvieron en el barrio porte\u00f1o de Nueva Pompeya<\/strong>: lo pescaron&nbsp;<em>in franganti<\/em>,&nbsp;<a rel=\"noreferrer noopener\" href=\"https:\/\/www.infobae.com\/sociedad\/policiales\/2026\/01\/11\/colgado-de-la-medianera-detuvieron-a-un-sospechoso-que-intentaba-robar-en-una-casa-en-nueva-pompeya\/\" target=\"_blank\"><strong>colgado de una medianera<\/strong><\/a>, cuando pretend\u00eda&nbsp;<strong>ingresar a una casa a robar<\/strong>, bajo la t\u00edpica modalidad del escalamiento u \u201chombre ara\u00f1a\u201d.<\/p>\n\n\n\n<p><strong>Hace poco m\u00e1s de una semana tambi\u00e9n hab\u00eda sido detenido<\/strong>, seg\u00fan pudo saber&nbsp;<strong>Infobae<\/strong>.<\/p>\n\n\n\n<p>Fuentes del caso dijeron que todo sucedi\u00f3 la madrugada de este s\u00e1bado, alrededor de la 1.30, cuando el propietario de una vivienda ubicada en&nbsp;<strong>Tierra del Fuego al 2500&nbsp;<\/strong>dio aviso al 911 porque escuchaba<strong>&nbsp;ruidos extra\u00f1os&nbsp;<\/strong>en el frente de su vivienda.<\/p>\n\n\n\n<p>Ante esto, al arribar al lugar, los polic\u00edas de la&nbsp;<strong>Comisar\u00eda 4B&nbsp;<\/strong>observaron al sospechoso&nbsp;<strong>colgado de la medianera de una casa<\/strong>, con claras intenciones de ingresar al domicilio. Al advertir la presencia del patrullero de la Polic\u00eda de la Ciudad, el hombre&nbsp;<strong>se descolg\u00f3 e intent\u00f3 huir<\/strong>, pero fue aprehendido a pocos metros.<\/p>\n\n\n\n<p>Seg\u00fan las fuentes consultadas, el detenido fue identificado como Cristian L, de 31 a\u00f1os y con domicilio en el partido bonaerense de La Matanza, y cuenta con un extenso historial delictivo: desde 2017 hasta la actualidad registra ingresos a comisar\u00edas por distintos delitos, entre ellos robos, portaci\u00f3n de armas no convencionales y tenencia y comercializaci\u00f3n de estupefacientes.<\/p>\n","protected":false},"excerpt":{"rendered":"<p>Dos delincuentes ingresaron al predio ubicado sobre la Colectora Dellepiane Sur y el encargado de la seguridad, un ex polic\u00eda<\/p>\n","protected":false},"author":1,"featured_media":17964,"comment_status":"open","ping_status":"open","sticky":false,"template":"","format":"standard","meta":{"colormag_page_container_layout":"default_layout","colormag_page_sidebar_layout":"default_layout","footnotes":""},"categories":[5,56,8],"tags":[],"class_list":["post-17962","post","type-post","status-publish","format-standard","has-post-thumbnail","hentry","category-nacionales","category-policiales","category-ultimas-noticias"],"_links":{"self":[{"href":"https:\/\/notipampa.com\/index.php?rest_route=\/wp\/v2\/posts\/17962","targetHints":{"allow":["GET"]}}],"collection":[{"href":"https:\/\/notipampa.com\/index.php?rest_route=\/wp\/v2\/posts"}],"about":[{"href":"https:\/\/notipampa.com\/index.php?rest_route=\/wp\/v2\/types\/post"}],"author":[{"embeddable":true,"href":"https:\/\/notipampa.com\/index.php?rest_route=\/wp\/v2\/users\/1"}],"replies":[{"embeddable":true,"href":"https:\/\/notipampa.com\/index.php?rest_route=%2Fwp%2Fv2%2Fcomments&post=17962"}],"version-history":[{"count":1,"href":"https:\/\/notipampa.com\/index.php?rest_route=\/wp\/v2\/posts\/17962\/revisions"}],"predecessor-version":[{"id":17965,"href":"https:\/\/notipampa.com\/index.php?rest_route=\/wp\/v2\/posts\/17962\/revisions\/17965"}],"wp:featuredmedia":[{"embeddable":true,"href":"https:\/\/notipampa.com\/index.php?rest_route=\/wp\/v2\/media\/17964"}],"wp:attachment":[{"href":"https:\/\/notipampa.com\/index.php?rest_route=%2Fwp%2Fv2%2Fmedia&parent=17962"}],"wp:term":[{"taxonomy":"category","embeddable":true,"href":"https:\/\/notipampa.com\/index.php?rest_route=%2Fwp%2Fv2%2Fcategories&post=17962"},{"taxonomy":"post_tag","embeddable":true,"href":"https:\/\/notipampa.com\/index.php?rest_route=%2Fwp%2Fv2%2Ftags&post=17962"}],"curies":[{"name":"wp","href":"https:\/\/api.w.org\/{rel}","templated":true}]}}