{"id":17913,"date":"2026-01-03T12:05:18","date_gmt":"2026-01-03T15:05:18","guid":{"rendered":"https:\/\/notipampa.com\/?p=17913"},"modified":"2026-01-03T12:05:18","modified_gmt":"2026-01-03T15:05:18","slug":"olivia-y-mateo-los-nombres-mas-elegidos-en-la-pampa-en-2025","status":"publish","type":"post","link":"https:\/\/notipampa.com\/?p=17913","title":{"rendered":"Olivia y Mateo, los nombres m\u00e1s elegidos en La Pampa en 2025"},"content":{"rendered":"\n<p><strong>La Direcci\u00f3n General del Registro Civil y Capacidad de las Personas, perteneciente al Ministerio de Gobierno y Asuntos Municipales, dio a conocer los nombres m\u00e1s populares para los reci\u00e9n nacidos en La Pampa durante 2025.<\/strong><\/p>\n\n\n\n<p>De acuerdo al resumen de las actas de nacimiento emitidas en todas las oficinas habilitadas de la Provincia, Olivia y Mateo fueron los nombres preferidos, dos de los m\u00e1s elegidos durante los \u00faltimos a\u00f1os en La Pampa y esta vez con mucha diferencia a los segundos en el listado. Olivia es el tercer a\u00f1o que lidera entre los nombres m\u00e1s escogidos para las reci\u00e9n nacidas, mientras que Mateo fue el m\u00e1s elegido durante cinco a\u00f1os y en 2024 hab\u00eda quedado tercero para nuevamente encabezar la lista.<br>Cabe destacar que Olivia y Emilia, en ese orden, tambi\u00e9n lideraron como los m\u00e1s populares en 2023 y en 2024, ahora Ambar le quit\u00f3 el tercer lugar a Emma. En tanto, Mateo volvi\u00f3 a ser el m\u00e1s seleccionado para los reci\u00e9n nacidos, seguido de Enzo que en 2024 tambi\u00e9n qued\u00f3 segundo y de Lorenzo.<br>El informe de la DGRC basado en las partidas elaboradas en todo el territorio provincial indic\u00f3 que los diez nombres de ni\u00f1as m\u00e1s elegidos fueron: Olivia (54), Emilia (36), \u00c1mbar (33), Catalina (31), Martina (28), Valentina (25), Zoe (24), Isabella (22), M\u00eda (22), Alma (19) y Emily (19).<br>En el caso de los ni\u00f1os, los nombres m\u00e1s populares fueron Mateo (48), Enzo (32), Lorenzo (31), Noah (29), Bautista (28), Valentino (27), Liam (25), Benjam\u00edn (24) y Basti\u00e1n, Giovanni, Juan y Juli\u00e1n con 23.<br>Este an\u00e1lisis refleja las tendencias de nominaci\u00f3n en La Pampa durante 2025, destacando una continuidad en las preferencias de los \u00faltimos a\u00f1os.<\/p>\n","protected":false},"excerpt":{"rendered":"<p>La Direcci\u00f3n General del Registro Civil y Capacidad de las Personas, perteneciente al Ministerio de Gobierno y Asuntos Municipales, dio<\/p>\n","protected":false},"author":1,"featured_media":17914,"comment_status":"open","ping_status":"open","sticky":false,"template":"","format":"standard","meta":{"colormag_page_container_layout":"default_layout","colormag_page_sidebar_layout":"default_layout","footnotes":""},"categories":[4,8],"tags":[],"class_list":["post-17913","post","type-post","status-publish","format-standard","has-post-thumbnail","hentry","category-provincia","category-ultimas-noticias"],"_links":{"self":[{"href":"https:\/\/notipampa.com\/index.php?rest_route=\/wp\/v2\/posts\/17913","targetHints":{"allow":["GET"]}}],"collection":[{"href":"https:\/\/notipampa.com\/index.php?rest_route=\/wp\/v2\/posts"}],"about":[{"href":"https:\/\/notipampa.com\/index.php?rest_route=\/wp\/v2\/types\/post"}],"author":[{"embeddable":true,"href":"https:\/\/notipampa.com\/index.php?rest_route=\/wp\/v2\/users\/1"}],"replies":[{"embeddable":true,"href":"https:\/\/notipampa.com\/index.php?rest_route=%2Fwp%2Fv2%2Fcomments&post=17913"}],"version-history":[{"count":1,"href":"https:\/\/notipampa.com\/index.php?rest_route=\/wp\/v2\/posts\/17913\/revisions"}],"predecessor-version":[{"id":17915,"href":"https:\/\/notipampa.com\/index.php?rest_route=\/wp\/v2\/posts\/17913\/revisions\/17915"}],"wp:featuredmedia":[{"embeddable":true,"href":"https:\/\/notipampa.com\/index.php?rest_route=\/wp\/v2\/media\/17914"}],"wp:attachment":[{"href":"https:\/\/notipampa.com\/index.php?rest_route=%2Fwp%2Fv2%2Fmedia&parent=17913"}],"wp:term":[{"taxonomy":"category","embeddable":true,"href":"https:\/\/notipampa.com\/index.php?rest_route=%2Fwp%2Fv2%2Fcategories&post=17913"},{"taxonomy":"post_tag","embeddable":true,"href":"https:\/\/notipampa.com\/index.php?rest_route=%2Fwp%2Fv2%2Ftags&post=17913"}],"curies":[{"name":"wp","href":"https:\/\/api.w.org\/{rel}","templated":true}]}}