{"id":17894,"date":"2025-12-29T07:51:51","date_gmt":"2025-12-29T10:51:51","guid":{"rendered":"https:\/\/notipampa.com\/?p=17894"},"modified":"2025-12-29T07:51:51","modified_gmt":"2025-12-29T10:51:51","slug":"alvear-comienza-la-planificacion-del-programa-pro-vida-verano-2026","status":"publish","type":"post","link":"https:\/\/notipampa.com\/?p=17894","title":{"rendered":"Alvear: Comienza la planificaci\u00f3n del Programa Pro Vida Verano 2026"},"content":{"rendered":"\n<p><strong>La Municipalidad de Intendente Alvear avanza en la organizaci\u00f3n del Programa Pro Vida Verano 2026, una de las pol\u00edticas p\u00fablicas m\u00e1s importantes en materia social, que garantiza derechos, inclusi\u00f3n y acompa\u00f1amiento a ni\u00f1os, ni\u00f1as, adolescentes, adultos mayores y personas con discapacidad.<\/strong><\/p>\n\n\n\n<p>A pesar de los da\u00f1os ocasionados en el predio del Polideportivo Municipal tras la tormenta que afect\u00f3 a la localidad hace aproximadamente un mes, desde las \u00e1reas involucradas se trabaj\u00f3 intensamente para asegurar el inicio del programa.<\/p>\n\n\n\n<p>La secretaria de Desarrollo Social, Lorena Ruiz, explic\u00f3 que&nbsp;<em>&#8220;a pesar de las condiciones en que se encuentra el predio del Polideportivo luego de la tormenta, desde la Secretar\u00eda se trabaj\u00f3 mucho para poder dar inicio al programa&#8221;<\/em>. En ese sentido, se\u00f1al\u00f3 que&nbsp;<em>&#8220;si bien los da\u00f1os fueron importantes, se pudo pensar una propuesta que garantice el desarrollo de las actividades y, al mismo tiempo, acciones para dejar el predio nuevamente en condiciones&#8221;<\/em>.<\/p>\n\n\n\n<p>Ruiz remarc\u00f3 adem\u00e1s el valor estrat\u00e9gico del Pro Vida para la comunidad:&nbsp;<em>&#8220;En lo personal, y para todo el equipo de gesti\u00f3n, nunca fue una opci\u00f3n no llevar adelante el Pro Vida. Consideramos que es una de las pol\u00edticas p\u00fablicas m\u00e1s importantes en materia social, porque garantiza derechos, equidad, acompa\u00f1amiento, recreaci\u00f3n y contenci\u00f3n de una gran parte de la poblaci\u00f3n&#8221;<\/em>.<\/p>\n\n\n\n<p>En relaci\u00f3n al financiamiento, inform\u00f3 que&nbsp;<em>&#8220;la semana pasada se realiz\u00f3 una reuni\u00f3n v\u00eda Zoom, donde el ministro de Desarrollo Social y Derechos Humanos anunci\u00f3 a cada municipio el monto destinado al programa&#8221;<\/em>, detallando que&nbsp;<em>&#8220;en el caso de Intendente Alvear, el monto asciende a diecisiete millones de pesos&#8221;<\/em>.<\/p>\n\n\n\n<p>Por su parte, el director de Deportes, Sebasti\u00e1n Barbero, brind\u00f3 precisiones sobre la modalidad que tendr\u00e1 la colonia de verano, de acuerdo al diagn\u00f3stico actual del predio:&nbsp;<em>&#8220;En funci\u00f3n del estado de las instalaciones, este a\u00f1o podremos ofrecer una colonia tradicional, de horario completo, \u00fanicamente para una franja etaria&#8221;<\/em>, explic\u00f3.<\/p>\n\n\n\n<p>Detall\u00f3 que la colonia estar\u00e1 destinada a&nbsp;<em>&#8220;ni\u00f1os y ni\u00f1as de 3, 4 y 5 a\u00f1os del nivel inicial, y de 1\u00b0, 2\u00b0 y 3\u00b0 grado del nivel primario&#8221;<\/em>, y se desarrollar\u00e1&nbsp;<em>&#8220;de lunes a viernes, de 9 a 12 horas, con actividades deportivas y recreativas&#8221;<\/em>.<\/p>\n\n\n\n<p>Barbero indic\u00f3 que, debido al espacio reducido por las obras y arreglos en curso,&nbsp;<em>&#8220;este grupo se concentrar\u00e1 en el sector oeste del Polideportivo, sobre calle Patagonia Argentina&#8221;<\/em>, y agreg\u00f3 que&nbsp;<em>&#8220;los ni\u00f1os y ni\u00f1as de 3 y 4 a\u00f1os tambi\u00e9n podr\u00e1n utilizar el anexo del CDI, lo que permitir\u00e1 descomprimir el uso del predio y garantizar actividades al aire libre para todos&#8221;<\/em>.<\/p>\n\n\n\n<p>En cuanto a los ni\u00f1os y ni\u00f1as de 4\u00b0, 5\u00b0 y 6\u00b0 grado, el director de Deportes explic\u00f3 que&nbsp;<em>&#8220;se dise\u00f1\u00f3 una propuesta deportiva alternativa, orientada a la actividad f\u00edsica, con un taller de nataci\u00f3n todos los d\u00edas&#8221;<\/em>. La actividad se desarrollar\u00e1&nbsp;<em>&#8220;de lunes a viernes, de 9 a 10.30 horas, e incluir\u00e1 entrenamiento de estilos, juego libre, juegos acu\u00e1ticos y un tiempo de refrigerio&#8221;<\/em>.<\/p>\n\n\n\n<p>Barbero aclar\u00f3 que esta decisi\u00f3n se tom\u00f3 debido a que&nbsp;<em>&#8220;el sector Este del Polideportivo \u2014cancha de f\u00fatbol, espacio detr\u00e1s del quincho y arenero grande\u2014 no se encuentra habilitado por razones de seguridad&#8221;<\/em>, por lo que&nbsp;<em>&#8220;se prioriz\u00f3 una alternativa que garantice el cuidado y los derechos de los ni\u00f1os&#8221;<\/em>.<\/p>\n\n\n\n<p>La duraci\u00f3n del Programa Pro Vida Verano 2026 ser\u00e1 de 20 d\u00edas h\u00e1biles, desde el 5 hasta el 30 de enero, y durante las tardes se desarrollar\u00e1n los programas complementarios:<\/p>\n\n\n\n<ul class=\"wp-block-list\">\n<li>L\u00ednea Joven, destinado a adolescentes del nivel secundario<\/li>\n\n\n\n<li>Eliminaci\u00f3n de Barreras, para personas con discapacidad<\/li>\n\n\n\n<li>Cumel\u00e9n, para adultos mayores a partir de los 60 a\u00f1os<\/li>\n\n\n\n<li>Acuagym, para mayores de 18 a\u00f1os<\/li>\n<\/ul>\n\n\n\n<p>Inscripciones<\/p>\n\n\n\n<p>Las inscripciones ya se encuentran abiertas y se realizan de lunes a viernes (d\u00edas h\u00e1biles), de 7 a 11.30 horas, en el Polideportivo Municipal. Los interesados deben concurrir con DNI.<\/p>\n","protected":false},"excerpt":{"rendered":"<p>La Municipalidad de Intendente Alvear avanza en la organizaci\u00f3n del Programa Pro Vida Verano 2026, una de las pol\u00edticas p\u00fablicas<\/p>\n","protected":false},"author":1,"featured_media":17895,"comment_status":"open","ping_status":"open","sticky":false,"template":"","format":"standard","meta":{"colormag_page_container_layout":"default_layout","colormag_page_sidebar_layout":"default_layout","footnotes":""},"categories":[6,8],"tags":[],"class_list":["post-17894","post","type-post","status-publish","format-standard","has-post-thumbnail","hentry","category-locales","category-ultimas-noticias"],"_links":{"self":[{"href":"https:\/\/notipampa.com\/index.php?rest_route=\/wp\/v2\/posts\/17894","targetHints":{"allow":["GET"]}}],"collection":[{"href":"https:\/\/notipampa.com\/index.php?rest_route=\/wp\/v2\/posts"}],"about":[{"href":"https:\/\/notipampa.com\/index.php?rest_route=\/wp\/v2\/types\/post"}],"author":[{"embeddable":true,"href":"https:\/\/notipampa.com\/index.php?rest_route=\/wp\/v2\/users\/1"}],"replies":[{"embeddable":true,"href":"https:\/\/notipampa.com\/index.php?rest_route=%2Fwp%2Fv2%2Fcomments&post=17894"}],"version-history":[{"count":1,"href":"https:\/\/notipampa.com\/index.php?rest_route=\/wp\/v2\/posts\/17894\/revisions"}],"predecessor-version":[{"id":17896,"href":"https:\/\/notipampa.com\/index.php?rest_route=\/wp\/v2\/posts\/17894\/revisions\/17896"}],"wp:featuredmedia":[{"embeddable":true,"href":"https:\/\/notipampa.com\/index.php?rest_route=\/wp\/v2\/media\/17895"}],"wp:attachment":[{"href":"https:\/\/notipampa.com\/index.php?rest_route=%2Fwp%2Fv2%2Fmedia&parent=17894"}],"wp:term":[{"taxonomy":"category","embeddable":true,"href":"https:\/\/notipampa.com\/index.php?rest_route=%2Fwp%2Fv2%2Fcategories&post=17894"},{"taxonomy":"post_tag","embeddable":true,"href":"https:\/\/notipampa.com\/index.php?rest_route=%2Fwp%2Fv2%2Ftags&post=17894"}],"curies":[{"name":"wp","href":"https:\/\/api.w.org\/{rel}","templated":true}]}}